{"id":117396,"date":"2023-08-23T07:35:03","date_gmt":"2023-08-23T07:35:03","guid":{"rendered":"https:\/\/haberulus.net\/?p=117396"},"modified":"2023-08-23T07:35:03","modified_gmt":"2023-08-23T07:35:03","slug":"secim-sonrasi-guven-dibe-vurdu","status":"publish","type":"post","link":"https:\/\/haberulus.net\/?p=117396","title":{"rendered":"Se\u00e7im sonras\u0131 g\u00fcven dibe vurdu"},"content":{"rendered":"<p>T\u00fcrkiye \u0130statistik Kurumu ve T\u00fcrkiye Cumhuriyet Merkez Bankas\u0131 i\u015fbirli\u011fi ile y\u00fcr\u00fct\u00fclen t\u00fcketici e\u011filim anketi sonu\u00e7lar\u0131ndan hesaplanan t\u00fcketici g\u00fcven endeksi, temmuz ay\u0131nda 80,1 iken a\u011fustos ay\u0131nda y\u00fczde 15,1 oran\u0131nda azalarak 68,0 oldu. Bu de\u011fer, son 14 ay\u0131n en d\u00fc\u015f\u00fck de\u011feri olarak kay\u0131tlara ge\u00e7ti.<\/p>\n<p>Se\u00e7im \u00f6ncesinde \u00fccret zamlar\u0131, kurun yatay seyretmesi ve d\u00fc\u015f\u00fck faizler nedeniyle y\u00fckselen t\u00fcketici g\u00fcven endeksi, se\u00e7im sonras\u0131nda h\u00fck\u00fcmetin imza att\u0131\u011f\u0131 ekonomi politikalar\u0131yla birlikte sert geriledi.<\/p>\n<p>Dolar kurundaki art\u0131\u015f, vergi zamlar\u0131, faiz art\u0131\u015flar\u0131 ve enflasyondaki y\u00fckseli\u015f ge\u00e7im zorluklar\u0131n\u0131 art\u0131rd\u0131.<br \/><img decoding=\"async\" src=\"https:\/\/i01.sozcucdn.com\/wp-content\/uploads\/2023\/08\/23\/guven-tkt.jpg\" alt=\"\" title=\"\"><\/p>\n<p><b>T\u00dcKET\u0130C\u0130 G\u00dcVEN ENDEKS\u0130 NED\u0130R?<\/b><\/p>\n<p>Ayl\u0131k t\u00fcketici e\u011filim anketi ile t\u00fcketicilerin maddi durum ve genel ekonomiye ili\u015fkin mevcut durum de\u011ferlendirmeleri ile gelecek d\u00f6nem beklentileri, harcama ve tasarruf e\u011filimleri \u00f6l\u00e7\u00fcl\u00fcyor.<\/p>\n<p>Anket sonu\u00e7lar\u0131ndan hesaplanan t\u00fcketici g\u00fcven endeksi 0-200 aral\u0131\u011f\u0131nda de\u011fer alabiliyor. T\u00fcketici g\u00fcven endeksinin 100&#8217;den b\u00fcy\u00fck olmas\u0131 t\u00fcketici g\u00fcveninde iyimser durumu,100&#8217;den k\u00fc\u00e7\u00fck olmas\u0131 t\u00fcketici g\u00fcveninde k\u00f6t\u00fcmser durumu g\u00f6steriyor.<br \/><img decoding=\"async\" src=\"https:\/\/i01.sozcucdn.com\/wp-content\/uploads\/2023\/08\/23\/guven-t-2.jpg\" alt=\"\" title=\"\"><\/p>\n<p><b>SE\u00c7\u0130M G\u00d6STERGES\u0130 14 MAYIS&#8217;TA DA \u00c7ALI\u015eMI\u015eTI<\/b><\/p>\n<p>Sozcu.com.tr\u2019de 1 Nisan 2023 tarihinde yay\u0131mlad\u0131\u011f\u0131m\u0131z \u201cT\u00dc\u0130K&#8217;in se\u00e7im indikat\u00f6r\u00fc 14 May\u0131s&#8217;ta da \u00e7al\u0131\u015facak m\u0131?\u201d ba\u015fl\u0131kl\u0131 haberde \u201cSe\u00e7imlerin olas\u0131 sonu\u00e7lar\u0131na dair fikir verebilecek bir anketin de, T\u00fcrkiye \u0130statistik Kurumu&#8217;nun yapt\u0131\u011f\u0131 \u2018ayl\u0131k t\u00fcketici e\u011filimleri anketi&#8217;\u201d oldu\u011funu belirtmi\u015f ve AKP\u2019nin son 20 y\u0131lda istedi\u011fini ald\u0131\u011f\u0131 se\u00e7imlerin hepsinde t\u00fcketici g\u00fcveni endeks de\u011feri hep 90 ve \u00fczerinde, AKP&#8217;nin bu d\u00f6nemde istedi\u011fini alamad\u0131\u011f\u0131 d\u00f6rt se\u00e7imde ise bu de\u011fer hep 90&#8217;\u0131n alt\u0131nda oldu\u011funu hat\u0131rlatm\u0131\u015ft\u0131k.<\/p>\n<p>Endeks may\u0131s ay\u0131nda bir \u00f6nceki aya g\u00f6re y\u00fczde 4,0 oran\u0131nda artarak 90&#8217;\u0131n \u00fczerine y\u00fckselmi\u015fti.<\/p>\n<p>\u0130\u015fte 20 y\u0131lda yap\u0131lan se\u00e7imlerde AKP&#8217;nin oy oranlar\u0131 ve se\u00e7imin yap\u0131ld\u0131\u011f\u0131 aydaki t\u00fcketici g\u00fcveni endeks de\u011feri:<\/p>\n<p><strong>28 Mart 2004 yerel se\u00e7imleri:<\/strong><\/p>\n<p>AKP&#8217;nin oy oran\u0131: % 41,67<br \/>Mart 2004 t\u00fcketici g\u00fcveni endeks de\u011feri: 104,9<\/p>\n<p>AKP bu se\u00e7imde \u0130stanbul ve Ankara dahil bir\u00e7ok b\u00fcy\u00fck\u015fehir belediyesini kazand\u0131.<\/p>\n<p><strong>22 Temmuz 2007 genel se\u00e7imleri:<\/strong><\/p>\n<p>AKP&#8217;nin oy oran\u0131: %46,66<br \/>Temmuz 2007 t\u00fcketici g\u00fcveni endeks de\u011feri: 93,9<\/p>\n<p>AKP bu se\u00e7im sonucu ile tek ba\u015f\u0131na h\u00fck\u00fcmet kuracak \u00e7o\u011funlu\u011fu sa\u011flad\u0131.<\/p>\n<p><strong>29 Mart 2009 yerel se\u00e7imleri:<\/strong><\/p>\n<p>AKP&#8217;nin oy oran\u0131: %38,39<br \/>Mart 2009 t\u00fcketici g\u00fcveni endeks de\u011feri:\u00a0<strong>76,9<\/strong><\/p>\n<p>D\u00fcnyada ve T\u00fcrkiye&#8217;de ekonomik kriz ya\u015fanan 2009&#8217;daki se\u00e7imde AKP&#8217;nin oylar\u0131nda 2007&#8217;deki genel se\u00e7ime g\u00f6re 8,27 puan, 2004&#8217;teki yerel se\u00e7ime g\u00f6re ise 3,28 puanl\u0131k d\u00fc\u015f\u00fc\u015f oldu.<\/p>\n<p><strong>12 Haziran 2011 genel se\u00e7imleri:<\/strong><\/p>\n<p>AKP&#8217;nin oy oran\u0131: %49,83<br \/>Haziran 2011 t\u00fcketici g\u00fcveni endeks de\u011feri: 98,0<\/p>\n<p>AKP 2011&#8217;deki se\u00e7imde oy oran\u0131n\u0131, bir \u00f6nceki genel se\u00e7ime g\u00f6re 3,25 puan, bir \u00f6nceki yerel se\u00e7ime g\u00f6re 11,44 puan art\u0131rd\u0131.<\/p>\n<p><strong>30 Mart 2014 yerel se\u00e7imleri:<\/strong><\/p>\n<p>AKP&#8217;nin oy oran\u0131: %42,87<br \/>Mart 2014&#8217;te t\u00fcketici g\u00fcveni endeks de\u011feri: 92,4<\/p>\n<p>AKP bu se\u00e7imde \u0130stanbul ve Ankara dahil bir\u00e7ok b\u00fcy\u00fck\u015fehir belediyesini kazand\u0131 ve bir \u00f6nceki yerel se\u00e7ime g\u00f6re oy oran\u0131n\u0131 y\u00fckseltti.<\/p>\n<p><strong>10 A\u011fustos 2014 cumhurba\u015fkanl\u0131\u011f\u0131 se\u00e7imi:<\/strong><\/p>\n<p>Recep Tayyip Erdo\u011fan\u2018\u0131n oy oran\u0131: %51,79<br \/>A\u011fustos 2014&#8217;te t\u00fcketici g\u00fcveni endeks de\u011feri: 93,6<\/p>\n<p>AKP Genel Ba\u015fkan\u0131 Erdo\u011fan bu se\u00e7imi kazan\u0131p cumhurba\u015fkan\u0131 se\u00e7ildi.<\/p>\n<p><strong>7 Haziran 2015 genel se\u00e7imleri:<br \/><\/strong><br \/>AKP&#8217;nin oy oran\u0131: %40,87<br \/>Haziran 2015 t\u00fcketici g\u00fcveni endeks de\u011feri:\u00a0<strong>89,6<\/strong><\/p>\n<p>AKP bu se\u00e7imde tek ba\u015f\u0131na h\u00fck\u00fcmet kuracak meclis \u00e7o\u011funlu\u011funu kaybetti ve 1 Kas\u0131m&#8217;da se\u00e7imler tekrarland\u0131.<\/p>\n<p><strong>1 Kas\u0131m 2015 genel se\u00e7imleri:<\/strong><\/p>\n<p>AKP&#8217;nin oy oran\u0131: %49,50<br \/>Kas\u0131m 2015 t\u00fcketici g\u00fcveni endeks de\u011feri: 95,2<\/p>\n<p>AKP bu se\u00e7imle birlikte tek ba\u015f\u0131na h\u00fck\u00fcmet kuracak \u00e7o\u011funlu\u011fu tekrar elde etti.<\/p>\n<p><strong>16 Nisan 2017 anayasa de\u011fi\u015fikli\u011fi referandumu:<\/strong><\/p>\n<p>AKP ve MHP&#8217;nin istedi\u011fi evet oyu oran\u0131: %51,4<br \/>Nisan 2017 t\u00fcketici g\u00fcveni endeks de\u011feri: 92,0<\/p>\n<p>AKP ve MHP&#8217;nin istedi\u011fi Cumhurba\u015fkanl\u0131\u011f\u0131 H\u00fck\u00fcmet Sistemi teklifi kabul edildi.<\/p>\n<p><strong>24 Haziran 2018 cumhurba\u015fkanl\u0131\u011f\u0131 se\u00e7imi:<\/strong><\/p>\n<p>Recep Tayyip Erdo\u011fan: %52,6<br \/>Haziran 2018 t\u00fcketici g\u00fcveni endeks de\u011feri: 91,1<\/p>\n<p>Erdo\u011fan ikinci kez cumhurba\u015fkan\u0131 se\u00e7ildi ve cumhurba\u015fkanl\u0131\u011f\u0131 h\u00fck\u00fcmet sistemine ge\u00e7ildi.<\/p>\n<p><strong>31 Mart 2019 yerel se\u00e7imleri:<\/strong><\/p>\n<p>AKP&#8217;nin ald\u0131\u011f\u0131 oy oran\u0131: %44,33<br \/>Mart 2019 t\u00fcketici g\u00fcveni endeks de\u011feri:\u00a0<strong>81,1<\/strong><\/p>\n<p>AKP bu se\u00e7imde \u0130stanbul ve Ankara dahil bir\u00e7ok b\u00fcy\u00fck\u015fehir belediyesini kaybetti.<\/p>\n<p><strong>23 Haziran 2019 \u0130stanbul se\u00e7imi (tekrar):<\/strong><\/p>\n<p>AKP&#8217;nin aday\u0131n\u0131n oy oran\u0131: %44,98<br \/>Haziran 2019 t\u00fcketici g\u00fcveni endeks de\u011feri:\u00a0<strong>80,1<\/strong><\/p>\n<p>AKP bu se\u00e7imde \u0130stanbul&#8217;u bir kez daha kaybederken oy fark\u0131 13 binden 806 bine y\u00fckseldi.<\/p>\n<p><strong>28 May\u0131s 2023 genel se\u00e7imi:<\/strong><\/p>\n<p>Recep Tayyip Erdo\u011fan: %52,1<br \/>May\u0131s 2023 t\u00fcketici g\u00fcveni endeks de\u011feri: 91,1<\/p>\n<p>14 May\u0131s\u2019taki se\u00e7imde Cumhur \u0130ttifak\u0131 parlamentoda \u00e7o\u011funlu\u011fu al\u0131rken Recep Tayyip Erdo\u011fan da 28 May\u0131s\u2019taki ikinci turda Cumhurba\u015fkanl\u0131\u011f\u0131\u2019n\u0131 \u00fc\u00e7\u00fcnc\u00fc kez kazand\u0131.<\/p>\n<p>Mart 2023 itibar\u0131yla t\u00fcketici g\u00fcven endeksi 80,1 seviyesinde bulunuyordu. Endeks de\u011feri, 56 ayd\u0131r, yani cumhurba\u015fkanl\u0131\u011f\u0131 h\u00fck\u00fcmet sistemine ge\u00e7ilen Temmuz 2018&#8217;den bu yana, 90 seviyesini g\u00f6rmemi\u015fti.<\/p>\n<p>AKP h\u00fck\u00fcmeti, oy oran\u0131n\u0131 y\u00fckseltmek amac\u0131yla, en d\u00fc\u015f\u00fck emekli ayl\u0131\u011f\u0131n\u0131n 7500 TL&#8217;ye y\u00fckseltilmesi ve emeklilikte ya\u015fa tak\u0131lanlar dahil bir\u00e7ok d\u00fczenlemeye imza atsa da t\u00fcketici g\u00fcven endeksi, hayat pahal\u0131l\u0131\u011f\u0131n\u0131n etkisiyle d\u00fc\u015f\u00fck seyretmeye devam etti ancak nisanda 87,5\u2019e, may\u0131sta ise 91,1\u2019e y\u00fckseldi.<\/p>\n<p>Tabii ki se\u00e7imlerde tek fakt\u00f6r ekonomideki genel durum de\u011fildi ve T\u00dc\u0130K anketinin ne kadar g\u00fcvenilir oldu\u011fu tart\u0131\u015f\u0131l\u0131r. Ancak yine de yukar\u0131da s\u0131ralad\u0131\u011f\u0131m\u0131z se\u00e7im sonu\u00e7lar\u0131 ve t\u00fcketici g\u00fcveni endeksi tablosu, se\u00e7imlerin sonu\u00e7lar\u0131na dair bir fikir veriyor.<\/p>\n","protected":false},"excerpt":{"rendered":"<p>Se\u00e7im \u00f6ncesinde artan t\u00fcketici g\u00fcveni, se\u00e7im sonras\u0131 kur art\u0131\u015f\u0131 ve zamlar sonras\u0131nda \u00e7ok sert d\u00fc\u015ft\u00fc. \u00dc\u00e7 ayl\u0131k d\u00fc\u015f\u00fc\u015f y\u00fczde 25,4&#8217;e ula\u015ft\u0131.<\/p>\n","protected":false},"author":1,"featured_media":117397,"comment_status":"closed","ping_status":"open","sticky":false,"template":"","format":"standard","meta":{"footnotes":""},"categories":[25],"tags":[66,1478,320,586,2790],"class_list":["post-117396","post","type-post","status-publish","format-standard","has-post-thumbnail","hentry","category-ekonomi","tag-haziran","tag-mart","tag-secim","tag-tek","tag-tuketici"],"_links":{"self":[{"href":"https:\/\/haberulus.net\/index.php?rest_route=\/wp\/v2\/posts\/117396","targetHints":{"allow":["GET"]}}],"collection":[{"href":"https:\/\/haberulus.net\/index.php?rest_route=\/wp\/v2\/posts"}],"about":[{"href":"https:\/\/haberulus.net\/index.php?rest_route=\/wp\/v2\/types\/post"}],"author":[{"embeddable":true,"href":"https:\/\/haberulus.net\/index.php?rest_route=\/wp\/v2\/users\/1"}],"replies":[{"embeddable":true,"href":"https:\/\/haberulus.net\/index.php?rest_route=%2Fwp%2Fv2%2Fcomments&post=117396"}],"version-history":[{"count":1,"href":"https:\/\/haberulus.net\/index.php?rest_route=\/wp\/v2\/posts\/117396\/revisions"}],"predecessor-version":[{"id":117398,"href":"https:\/\/haberulus.net\/index.php?rest_route=\/wp\/v2\/posts\/117396\/revisions\/117398"}],"wp:featuredmedia":[{"embeddable":true,"href":"https:\/\/haberulus.net\/index.php?rest_route=\/wp\/v2\/media\/117397"}],"wp:attachment":[{"href":"https:\/\/haberulus.net\/index.php?rest_route=%2Fwp%2Fv2%2Fmedia&parent=117396"}],"wp:term":[{"taxonomy":"category","embeddable":true,"href":"https:\/\/haberulus.net\/index.php?rest_route=%2Fwp%2Fv2%2Fcategories&post=117396"},{"taxonomy":"post_tag","embeddable":true,"href":"https:\/\/haberulus.net\/index.php?rest_route=%2Fwp%2Fv2%2Ftags&post=117396"}],"curies":[{"name":"wp","href":"https:\/\/api.w.org\/{rel}","templated":true}]}}