{"id":117453,"date":"2023-08-23T08:35:05","date_gmt":"2023-08-23T08:35:05","guid":{"rendered":"https:\/\/haberulus.net\/?p=117453"},"modified":"2023-08-23T08:35:05","modified_gmt":"2023-08-23T08:35:05","slug":"fenerbahce-avrupa-kupalarinda-259-macina-cikiyor","status":"publish","type":"post","link":"https:\/\/haberulus.net\/?p=117453","title":{"rendered":"Fenerbah\u00e7e, Avrupa kupalar\u0131nda 259. ma\u00e7\u0131na \u00e7\u0131k\u0131yor"},"content":{"rendered":"<p>UEFA Avrupa Konferans Ligi play-off turu ilk ma\u00e7\u0131nda yar\u0131n Hollanda\u2019n\u0131n Twente tak\u0131m\u0131n\u0131 konuk edecek Fenerbah\u00e7e, Avrupa kupalar\u0131ndaki 259. m\u00fccadelesine \u00e7\u0131kacak.<\/p>\n<p>Sar\u0131-lacivertli tak\u0131m, Avrupa kupalar\u0131nda \u00e7\u0131kt\u0131\u011f\u0131 258 m\u00fcsabakada 99 galibiyet al\u0131rken, 55 beraberlik ve 104 ma\u011flubiyet ya\u015fad\u0131.<\/p>\n<p>Fenerbah\u00e7e, s\u00f6z konusu m\u00fcsabakalarda rakip fileleri 341 kez havaland\u0131r\u0131rken, kalesinde ise 368 gol g\u00f6rd\u00fc.<\/p>\n<p><b>KONFERANS L\u0130G\u0130\u2019NDE 7. SINAV<\/b><\/p>\n<p>Fenerbah\u00e7e, Avrupa futbolunun 3 numaral\u0131 organizasyonunda 7. ma\u00e7\u0131n\u0131 yapacak.<\/p>\n<p>Sar\u0131-lacivertli ekip, UEFA Avrupa Konferans Ligi\u2019nde daha \u00f6nce yapt\u0131\u011f\u0131 6 ma\u00e7ta 4 galibiyet ve 2 yenilgi ya\u015fad\u0131. S\u00f6z konusu m\u00fcsabakalarda 19 gol atan Fenerbah\u00e7e, kalesindeki 7 gole engel olamad\u0131.<\/p>\n<p><strong>Fenerbah\u00e7e\u2019nin Avrupa kupalar\u0131ndaki performans\u0131 \u015f\u00f6yle:<\/strong><\/p>\n<table>\n<thead>\n<tr>\n<th>Organizasyon<\/th>\n<th>O<\/th>\n<th>G<\/th>\n<th>B<\/th>\n<th>M<\/th>\n<th>A<\/th>\n<th>Y<\/th>\n<\/tr>\n<\/thead>\n<tbody>\n<tr>\n<td>UEFA Kupas\u0131<\/td>\n<td>54<\/td>\n<td>18<\/td>\n<td>10<\/td>\n<td>26<\/td>\n<td>72<\/td>\n<td>91<\/td>\n<\/tr>\n<tr>\n<td>UEFA Avrupa Ligi<\/td>\n<td>82<\/td>\n<td>42<\/td>\n<td>23<\/td>\n<td>17<\/td>\n<td>119<\/td>\n<td>80<\/td>\n<\/tr>\n<tr>\n<td>Avrupa \u015eampiyon Kul\u00fcpler Kupas\u0131<\/td>\n<td>33<\/td>\n<td>9<\/td>\n<td>4<\/td>\n<td>20<\/td>\n<td>30<\/td>\n<td>70<\/td>\n<\/tr>\n<tr>\n<td>UEFA \u015eampiyonlar Ligi eleme<\/td>\n<td>34<\/td>\n<td>12<\/td>\n<td>11<\/td>\n<td>11<\/td>\n<td>48<\/td>\n<td>39<\/td>\n<\/tr>\n<tr>\n<td>UEFA \u015eampiyonlar Ligi<\/td>\n<td>40<\/td>\n<td>11<\/td>\n<td>6<\/td>\n<td>23<\/td>\n<td>42<\/td>\n<td>70<\/td>\n<\/tr>\n<tr>\n<td>Avrupa Kupa Galipleri Kupas\u0131<\/td>\n<td>9<\/td>\n<td>3<\/td>\n<td>1<\/td>\n<td>5<\/td>\n<td>11<\/td>\n<td>11<\/td>\n<\/tr>\n<tr>\n<td>UEFA Avrupa Konferans Ligi<\/td>\n<td>6<\/td>\n<td>4<\/td>\n<td>0<\/td>\n<td>2<\/td>\n<td>19<\/td>\n<td>7<\/td>\n<\/tr>\n<tr>\n<td><strong>TOPLAM<\/strong><\/td>\n<td><strong>258<\/strong><\/td>\n<td><strong>99<\/strong><\/td>\n<td><strong>55<\/strong><\/td>\n<td><strong>104<\/strong><\/td>\n<td><strong>341<\/strong><\/td>\n<td><strong>368<\/strong><\/td>\n<\/tr>\n<\/tbody>\n<\/table>\n<p>(AA)<\/p>\n","protected":false},"excerpt":{"rendered":"<p>Sar\u0131-lacivertli ekip, UEFA Avrupa Konferans Ligi&#8217;nde yar\u0131n Twente&#8217;yi konuk ediyor. Fenerbah\u00e7e&#8217;nin Avrupa&#8217;da ser\u00fcveni ve yar\u0131nki ma\u00e7a dair detaylar&#8230;<\/p>\n","protected":false},"author":1,"featured_media":117454,"comment_status":"closed","ping_status":"open","sticky":false,"template":"","format":"standard","meta":{"footnotes":""},"categories":[31],"tags":[253,545,288,2516],"class_list":["post-117453","post","type-post","status-publish","format-standard","has-post-thumbnail","hentry","category-spor","tag-avrupa","tag-kupa","tag-ligi","tag-uefa"],"_links":{"self":[{"href":"https:\/\/haberulus.net\/index.php?rest_route=\/wp\/v2\/posts\/117453","targetHints":{"allow":["GET"]}}],"collection":[{"href":"https:\/\/haberulus.net\/index.php?rest_route=\/wp\/v2\/posts"}],"about":[{"href":"https:\/\/haberulus.net\/index.php?rest_route=\/wp\/v2\/types\/post"}],"author":[{"embeddable":true,"href":"https:\/\/haberulus.net\/index.php?rest_route=\/wp\/v2\/users\/1"}],"replies":[{"embeddable":true,"href":"https:\/\/haberulus.net\/index.php?rest_route=%2Fwp%2Fv2%2Fcomments&post=117453"}],"version-history":[{"count":1,"href":"https:\/\/haberulus.net\/index.php?rest_route=\/wp\/v2\/posts\/117453\/revisions"}],"predecessor-version":[{"id":117455,"href":"https:\/\/haberulus.net\/index.php?rest_route=\/wp\/v2\/posts\/117453\/revisions\/117455"}],"wp:featuredmedia":[{"embeddable":true,"href":"https:\/\/haberulus.net\/index.php?rest_route=\/wp\/v2\/media\/117454"}],"wp:attachment":[{"href":"https:\/\/haberulus.net\/index.php?rest_route=%2Fwp%2Fv2%2Fmedia&parent=117453"}],"wp:term":[{"taxonomy":"category","embeddable":true,"href":"https:\/\/haberulus.net\/index.php?rest_route=%2Fwp%2Fv2%2Fcategories&post=117453"},{"taxonomy":"post_tag","embeddable":true,"href":"https:\/\/haberulus.net\/index.php?rest_route=%2Fwp%2Fv2%2Ftags&post=117453"}],"curies":[{"name":"wp","href":"https:\/\/api.w.org\/{rel}","templated":true}]}}