{"id":117498,"date":"2023-08-23T09:21:05","date_gmt":"2023-08-23T09:21:05","guid":{"rendered":"https:\/\/haberulus.net\/?p=117498"},"modified":"2023-08-23T09:21:05","modified_gmt":"2023-08-23T09:21:05","slug":"avrupada-ekonomik-aktivitede-gerileme-isareti","status":"publish","type":"post","link":"https:\/\/haberulus.net\/?p=117498","title":{"rendered":"Avrupa\u2019da ekonomik aktivitede gerileme i\u015fareti"},"content":{"rendered":"<p>Euro B\u00f6lgesi ekonomisinin durumu hakk\u0131nda g\u00f6sterge kabul edilen bile\u015fik sat\u0131n alma y\u00f6neticileri endeksi (PMI) a\u011fustos ay\u0131nda beklentilerin alt\u0131nda 47 seviyesine gerileyerek Almanya ba\u015fta olmak \u00fczere Euro b\u00f6lgesi genelinde ekonominin ivme kaybetti\u011fini g\u00f6sterdi.<\/p>\n<p>\u0130malat ve hizmet sekt\u00f6rlerini birlikte de\u011ferlendiren endeks ge\u00e7en ay nihai veri 48,6 seviyesinde a\u00e7\u0131klanm\u0131\u015ft\u0131. Endekste 50 puan\u0131n \u00fcst\u00fc b\u00fcy\u00fcmeye, alt\u0131 k\u00fc\u00e7\u00fclmeye i\u015faret ediyor.<\/p>\n<p>Reuters anketine kat\u0131lan ekonomistler \u00f6nc\u00fc bile\u015fik PMI\u2019\u0131n 48,5 seviyesinde olaca\u011f\u0131n\u0131 \u00f6ng\u00f6r\u00fcyorlard\u0131.<\/p>\n<p>Hizmetler sekt\u00f6r\u00fc endeksi a\u011fustos ay\u0131nda 48,3 ile 50,5 seviyesindeki beklentilerin alt\u0131nda, imalat sekt\u00f6r\u00fc endeksi ise 43,7 ile 42,6 seviyesindeki beklentilerin \u00fczerinde a\u00e7\u0131kland\u0131. (REUTERS)<\/p>\n","protected":false},"excerpt":{"rendered":"<p>Euro b\u00f6lgesi bile\u015fik sat\u0131n alma y\u00f6neticileri endeksi a\u011fustosta 47,0 ile beklentilerin alt\u0131nda kald\u0131.<\/p>\n","protected":false},"author":1,"featured_media":117499,"comment_status":"closed","ping_status":"open","sticky":false,"template":"","format":"standard","meta":{"footnotes":""},"categories":[25],"tags":[1054],"class_list":["post-117498","post","type-post","status-publish","format-standard","has-post-thumbnail","hentry","category-ekonomi","tag-endeks"],"_links":{"self":[{"href":"https:\/\/haberulus.net\/index.php?rest_route=\/wp\/v2\/posts\/117498","targetHints":{"allow":["GET"]}}],"collection":[{"href":"https:\/\/haberulus.net\/index.php?rest_route=\/wp\/v2\/posts"}],"about":[{"href":"https:\/\/haberulus.net\/index.php?rest_route=\/wp\/v2\/types\/post"}],"author":[{"embeddable":true,"href":"https:\/\/haberulus.net\/index.php?rest_route=\/wp\/v2\/users\/1"}],"replies":[{"embeddable":true,"href":"https:\/\/haberulus.net\/index.php?rest_route=%2Fwp%2Fv2%2Fcomments&post=117498"}],"version-history":[{"count":1,"href":"https:\/\/haberulus.net\/index.php?rest_route=\/wp\/v2\/posts\/117498\/revisions"}],"predecessor-version":[{"id":117500,"href":"https:\/\/haberulus.net\/index.php?rest_route=\/wp\/v2\/posts\/117498\/revisions\/117500"}],"wp:featuredmedia":[{"embeddable":true,"href":"https:\/\/haberulus.net\/index.php?rest_route=\/wp\/v2\/media\/117499"}],"wp:attachment":[{"href":"https:\/\/haberulus.net\/index.php?rest_route=%2Fwp%2Fv2%2Fmedia&parent=117498"}],"wp:term":[{"taxonomy":"category","embeddable":true,"href":"https:\/\/haberulus.net\/index.php?rest_route=%2Fwp%2Fv2%2Fcategories&post=117498"},{"taxonomy":"post_tag","embeddable":true,"href":"https:\/\/haberulus.net\/index.php?rest_route=%2Fwp%2Fv2%2Ftags&post=117498"}],"curies":[{"name":"wp","href":"https:\/\/api.w.org\/{rel}","templated":true}]}}