{"id":117519,"date":"2023-08-23T09:51:03","date_gmt":"2023-08-23T09:51:03","guid":{"rendered":"https:\/\/haberulus.net\/?p=117519"},"modified":"2023-08-23T09:51:03","modified_gmt":"2023-08-23T09:51:03","slug":"binali-yildirim-emekli-maasinda-ciddi-bir-iyilestirme-olacak","status":"publish","type":"post","link":"https:\/\/haberulus.net\/?p=117519","title":{"rendered":"Binali Y\u0131ld\u0131r\u0131m: Emekli maa\u015f\u0131nda ciddi bir iyile\u015ftirme olacak"},"content":{"rendered":"<p>AKP Genel Ba\u015fkanvekili Binali Y\u0131ld\u0131r\u0131m, kat\u0131ld\u0131\u011f\u0131 canl\u0131 yay\u0131nda emekli maa\u015flar\u0131na ili\u015fkin a\u00e7\u0131klamada bulundu.<\/p>\n<p>Emekli maa\u015f\u0131nda ciddi bir iyile\u015ftirme olaca\u011f\u0131n\u0131 belirten Y\u0131ld\u0131r\u0131m \u201cMeclis a\u00e7\u0131l\u0131r a\u00e7\u0131lmaz emekli maa\u015f\u0131 \u00e7al\u0131\u015fmas\u0131 yap\u0131lacak\u201d dedi.<\/p>\n<p>Y\u0131ld\u0131r\u0131m a\u00e7\u0131klamas\u0131nda \u015fu ifadeleri kulland\u0131:<\/p>\n<p>\u201cEmekli maa\u015flar\u0131n\u0131 2 bin 500\u2019den 7 bin 500\u2019e kadar \u00e7\u0131karm\u0131\u015f olsak da y\u00fcksek enflasyon kar\u015f\u0131s\u0131nda yetersi kald\u0131. En d\u00fc\u015f\u00fck memur maa\u015f\u0131 2 kat\u0131na \u00e7\u0131kt\u0131, asgari \u00fccret 11 bin 400 TL oldu. Burada en d\u00fc\u015f\u00fck emekli maa\u015f\u0131 alan vatanda\u015flar\u0131m\u0131z zay\u0131f kald\u0131.<\/p>\n<p>Cumhurba\u015fkan\u0131m\u0131z Erdo\u011fan da ipu\u00e7lar\u0131n\u0131 verdi. Benim edindi\u011fim bilgilere g\u00f6re de Meclis a\u00e7\u0131l\u0131r a\u00e7\u0131lmaz \u00f6zellikle emekliler i\u00e7in 7 bin 500 TL alanlar ba\u015fta olmak \u00fczere b\u00fct\u00fcn emeklilerle ilgili ciddi bir iyile\u015ftirme yap\u0131lacak.\u201d<\/p>\n<p>\u015eu anda tatilde olan TBMM 1 Ekim\u2019de a\u00e7\u0131l\u0131yor.<\/p>\n<p>Cumhurba\u015fkan\u0131 Erdo\u011fan da iki g\u00fcn \u00f6nce Macaristan ziyareti d\u00f6n\u00fc\u015f\u00fc u\u00e7akta gazetecilere yapt\u0131\u011f\u0131 a\u00e7\u0131klamada \u201cMemurlar\u0131m\u0131za bu zamlar gelirken, emeklilerimize hi\u00e7bir \u015feyin gelmemesi olacak bir \u015fey de\u011fil. Onlar\u0131 da in\u015fallah memnun edecek ad\u0131mlar\u0131 ataca\u011f\u0131z\u201d demi\u015fti.<\/p>\n","protected":false},"excerpt":{"rendered":"<p>AKP Genel Ba\u015fkanvekili Binali Y\u0131ld\u0131r\u0131m, &#8220;Emekli maa\u015f\u0131nda ciddi bir iyile\u015ftirme olacak. Meclis a\u00e7\u0131l\u0131r a\u00e7\u0131lmaz emekli maa\u015f\u0131 \u00e7al\u0131\u015fmas\u0131 yap\u0131lacak&#8221; a\u00e7\u0131klamas\u0131nda bulundu. Milyonlarca emekli, y\u00fcksek enflasyona ra\u011fmen 7500 TL&#8217;lik maa\u015f\u0131na zam alamam\u0131\u015ft\u0131.<\/p>\n","protected":false},"author":1,"featured_media":117520,"comment_status":"closed","ping_status":"open","sticky":false,"template":"","format":"standard","meta":{"footnotes":""},"categories":[25],"tags":[655],"class_list":["post-117519","post","type-post","status-publish","format-standard","has-post-thumbnail","hentry","category-ekonomi","tag-emekli"],"_links":{"self":[{"href":"https:\/\/haberulus.net\/index.php?rest_route=\/wp\/v2\/posts\/117519","targetHints":{"allow":["GET"]}}],"collection":[{"href":"https:\/\/haberulus.net\/index.php?rest_route=\/wp\/v2\/posts"}],"about":[{"href":"https:\/\/haberulus.net\/index.php?rest_route=\/wp\/v2\/types\/post"}],"author":[{"embeddable":true,"href":"https:\/\/haberulus.net\/index.php?rest_route=\/wp\/v2\/users\/1"}],"replies":[{"embeddable":true,"href":"https:\/\/haberulus.net\/index.php?rest_route=%2Fwp%2Fv2%2Fcomments&post=117519"}],"version-history":[{"count":1,"href":"https:\/\/haberulus.net\/index.php?rest_route=\/wp\/v2\/posts\/117519\/revisions"}],"predecessor-version":[{"id":117521,"href":"https:\/\/haberulus.net\/index.php?rest_route=\/wp\/v2\/posts\/117519\/revisions\/117521"}],"wp:featuredmedia":[{"embeddable":true,"href":"https:\/\/haberulus.net\/index.php?rest_route=\/wp\/v2\/media\/117520"}],"wp:attachment":[{"href":"https:\/\/haberulus.net\/index.php?rest_route=%2Fwp%2Fv2%2Fmedia&parent=117519"}],"wp:term":[{"taxonomy":"category","embeddable":true,"href":"https:\/\/haberulus.net\/index.php?rest_route=%2Fwp%2Fv2%2Fcategories&post=117519"},{"taxonomy":"post_tag","embeddable":true,"href":"https:\/\/haberulus.net\/index.php?rest_route=%2Fwp%2Fv2%2Ftags&post=117519"}],"curies":[{"name":"wp","href":"https:\/\/api.w.org\/{rel}","templated":true}]}}