{"id":117537,"date":"2023-08-23T10:05:04","date_gmt":"2023-08-23T10:05:04","guid":{"rendered":"https:\/\/haberulus.net\/?p=117537"},"modified":"2023-08-23T10:05:04","modified_gmt":"2023-08-23T10:05:04","slug":"cift-basli-ejder-islemeli-altin-kaplama-tug-ilk-kez-sergilendi","status":"publish","type":"post","link":"https:\/\/haberulus.net\/?p=117537","title":{"rendered":"\u2018\u00c7ift ba\u015fl\u0131 ejder\u2019 i\u015flemeli alt\u0131n kaplama tu\u011f ilk kez sergilendi"},"content":{"rendered":"<p>Ge\u00e7en hafta a\u00e7\u0131l\u0131\u015f\u0131 yap\u0131lan Erzurum M\u00fczesi\u2019nde, Ta\u015f \u00c7a\u011f\u0131\u2019ndan \u00fcnik bulgu ve eserler, g\u00f6rsel ve dijital materyallerin yan\u0131 s\u0131ra kaz\u0131lardan \u00e7\u0131kar\u0131lan tarihi eserler bulunuyor.<\/p>\n<p>\u0130nsano\u011flunun ilk \u00e7a\u011fdan bug\u00fcne uzanan ser\u00fcveniyle ilgili bulgu ve \u00f6nemli eserlerin sergilendi\u011fi m\u00fczede, 37 y\u0131l \u00f6nce Malazgirt\u2019teki arkeolojik kaz\u0131larda \u00e7\u0131kart\u0131lan, K\u00fclt\u00fcr ve Turizm Bakanl\u0131\u011f\u0131\u2019nca restorasyon ve konservasyonu yap\u0131larak muhafaza edilen tu\u011f (Tepesine alt\u0131n yald\u0131zl\u0131 top ge\u00e7irilmi\u015f, alt\u0131nda at kuyru\u011fu k\u0131llar\u0131n\u0131n sarkt\u0131\u011f\u0131 ba\u011flanm\u0131\u015f bir s\u0131r\u0131ktan olu\u015fan saltanat, \u015fan ve \u015f\u00f6hret alameti) ve par\u00e7alar\u0131 da be\u011feniye sunuldu.<\/p>\n<p>M\u00fczedeki dikkati \u00e7ekici nadide eserler aras\u0131nda yerini alan g\u00fcm\u00fc\u015f \u00fczerine alt\u0131n kaplamadan yap\u0131lan \u201c\u00e7ift ba\u015fl\u0131 ejder\u201d i\u015flemeli tu\u011fun, Malazgirt Meydan Muharebesi\u2019nde Sultan Alparslan taraf\u0131ndan kullan\u0131ld\u0131\u011f\u0131 d\u00fc\u015f\u00fcn\u00fcl\u00fcyor.<\/p>\n<p>Erzurum M\u00fcze M\u00fcd\u00fcr\u00fc arkeolog H\u00fcsn\u00fc Gen\u00e7, Do\u011fu Anadolu\u2019nun en b\u00fcy\u00fck m\u00fczesinin, i\u00e7indeki nadide eserleriyle binlerce y\u0131ll\u0131k ge\u00e7mi\u015fe \u0131\u015f\u0131k tuttu\u011funu s\u00f6yledi.<\/p>\n<p>M\u00fczenin etnografya b\u00f6l\u00fcm\u00fcnde tu\u011f ve par\u00e7alar\u0131n\u0131n sergilendi\u011fini anlatan Gen\u00e7, \u201cTu\u011fun par\u00e7alar\u0131 ve alemi burada bulunmakta. Bu tu\u011f Malazgirt\u2019teki arkeolojik kaz\u0131lar sonucu 1986 y\u0131l\u0131nda \u00e7\u0131kart\u0131lm\u0131\u015f ve m\u00fczemize getirilmi\u015ftir. Malazgirt\u2019te bulunmas\u0131 dolay\u0131s\u0131yla Malazgirt Meydan Muharebesi\u2019nde Sultan Alparslan taraf\u0131ndan kullan\u0131lan tu\u011f oldu\u011funu d\u00fc\u015f\u00fcn\u00fcyoruz\u201d bilgisini verdi.<\/p>\n<p><img decoding=\"async\" src=\"https:\/\/i01.sozcucdn.com\/wp-content\/uploads\/2023\/08\/23\/resim1_23579918.jpg\" alt=\"\" title=\"\"><\/p>\n<p><strong>37 y\u0131ld\u0131r \u00f6zenle korunuyor<\/strong><\/p>\n<p>Gen\u00e7, s\u00f6z konusu tu\u011fun ba\u015fka bir \u00f6rne\u011finin bulunmad\u0131\u011f\u0131n\u0131 belirterek, tarihi eserin uzun y\u0131llardan beri muhafaza edildi\u011fini anlatt\u0131.<\/p>\n<p>Tu\u011f ve par\u00e7alar\u0131n\u0131n restorasyon ve konservasyon \u00e7al\u0131\u015fmalar\u0131n\u0131n tamamland\u0131\u011f\u0131n\u0131 dile getiren Gen\u00e7, \u201cTu\u011f m\u00fczemizin nadide eserler b\u00f6l\u00fcm\u00fcnde yer al\u0131yor, daha \u00f6nce bir yerde sergilenmedi. Yakla\u015f\u0131k 37 y\u0131ld\u0131r m\u00fczemizde. Erzurum M\u00fczemizin \u00f6nemli ve b\u00fcy\u00fck olmas\u0131 dolay\u0131s\u0131yla tu\u011fun burada sergilenmesi uygun g\u00f6r\u00fcld\u00fc\u201d diye konu\u015ftu.<\/p>\n<p><strong>M\u00fczedeki tu\u011fun tarih\u00e7esi<\/strong><\/p>\n<p>M\u00fczede tu\u011fun tarih\u00e7esinde \u015fu bilgiler yer al\u0131yor:<\/p>\n<p>\u201cG\u00fcm\u00fc\u015f \u00fczerine alt\u0131n kaplama, B\u00fcy\u00fck Sel\u00e7uklu d\u00f6nemi, 11, 12 y\u00fczy\u0131l. Devletin ba\u011f\u0131ms\u0131zl\u0131\u011f\u0131 ve h\u00fck\u00fcmranl\u0131\u011f\u0131n sembolleri olan ve resmi devlet sembol\u00fc olarak kullan\u0131lan \u2018tu\u011f\u2019, T\u00fcrklerde ki\u015filerin r\u00fctbelerini g\u00f6stermektedir.<\/p>\n<p>Buradaki tu\u011fda kar\u015f\u0131l\u0131kl\u0131 olarak yerle\u015ftirilmi\u015f iki ejder, a\u011f\u0131zlar\u0131 aras\u0131nda muhtemelen ay sembol\u00fcn\u00fc tutmaktad\u0131r. \u0130nan\u0131\u015fa g\u00f6re \u00e7ift ba\u015fl\u0131 ejderler g\u00f6k kubbenin idaresi ve ahengini sa\u011flar, karanl\u0131\u011fa ve k\u00f6t\u00fcl\u00fc\u011fe kar\u015f\u0131 sava\u015f\u0131r.\u201d <strong>(AA)<\/strong><\/p>\n","protected":false},"excerpt":{"rendered":"<p>Mu\u015f&#8217;un Malazgirt il\u00e7esinde 37 y\u0131l \u00f6nce arkeolojik kaz\u0131larda \u00e7\u0131kar\u0131lan alt\u0131n kaplamal\u0131 ve &#8220;\u00e7ift ba\u015fl\u0131 ejder&#8221; i\u015flemeli tu\u011f, Erzurum M\u00fczesi&#8217;nde sergilenmeye ba\u015flad\u0131.<\/p>\n","protected":false},"author":1,"featured_media":117538,"comment_status":"closed","ping_status":"open","sticky":false,"template":"","format":"standard","meta":{"footnotes":""},"categories":[27],"tags":[8249,6618,2506,4823],"class_list":["post-117537","post","type-post","status-publish","format-standard","has-post-thumbnail","hentry","category-kultur-sanat","tag-eserler","tag-malazgirt","tag-muze","tag-tug"],"_links":{"self":[{"href":"https:\/\/haberulus.net\/index.php?rest_route=\/wp\/v2\/posts\/117537","targetHints":{"allow":["GET"]}}],"collection":[{"href":"https:\/\/haberulus.net\/index.php?rest_route=\/wp\/v2\/posts"}],"about":[{"href":"https:\/\/haberulus.net\/index.php?rest_route=\/wp\/v2\/types\/post"}],"author":[{"embeddable":true,"href":"https:\/\/haberulus.net\/index.php?rest_route=\/wp\/v2\/users\/1"}],"replies":[{"embeddable":true,"href":"https:\/\/haberulus.net\/index.php?rest_route=%2Fwp%2Fv2%2Fcomments&post=117537"}],"version-history":[{"count":1,"href":"https:\/\/haberulus.net\/index.php?rest_route=\/wp\/v2\/posts\/117537\/revisions"}],"predecessor-version":[{"id":117539,"href":"https:\/\/haberulus.net\/index.php?rest_route=\/wp\/v2\/posts\/117537\/revisions\/117539"}],"wp:featuredmedia":[{"embeddable":true,"href":"https:\/\/haberulus.net\/index.php?rest_route=\/wp\/v2\/media\/117538"}],"wp:attachment":[{"href":"https:\/\/haberulus.net\/index.php?rest_route=%2Fwp%2Fv2%2Fmedia&parent=117537"}],"wp:term":[{"taxonomy":"category","embeddable":true,"href":"https:\/\/haberulus.net\/index.php?rest_route=%2Fwp%2Fv2%2Fcategories&post=117537"},{"taxonomy":"post_tag","embeddable":true,"href":"https:\/\/haberulus.net\/index.php?rest_route=%2Fwp%2Fv2%2Ftags&post=117537"}],"curies":[{"name":"wp","href":"https:\/\/api.w.org\/{rel}","templated":true}]}}