{"id":117601,"date":"2023-08-23T11:35:04","date_gmt":"2023-08-23T11:35:04","guid":{"rendered":"https:\/\/haberulus.net\/?p=117601"},"modified":"2023-08-23T11:35:04","modified_gmt":"2023-08-23T11:35:04","slug":"bir-gol-daha-otlak-oldu","status":"publish","type":"post","link":"https:\/\/haberulus.net\/?p=117601","title":{"rendered":"Bir g\u00f6l daha otlak oldu"},"content":{"rendered":"<p>G\u00f6ltarla ve Karam\u0131k mahalleleri s\u0131n\u0131r\u0131nda bulunan Avlan G\u00f6l\u00fc, yaz aylar\u0131ndaki kurakl\u0131ktan \u00f6nemli \u00f6l\u00e7\u00fcde etkilendi. K\u0131ra\u00e7 bir araziyi and\u0131ran g\u00f6lde az miktarda su kald\u0131.<\/p>\n<p>G\u00f6\u00e7men ku\u015flar\u0131n u\u011frak noktas\u0131 olan Avlan\u2019\u0131n \u201cG\u00f6le girmek tehlikeli ve yasakt\u0131r\u201d tabelalar\u0131n\u0131n bulundu\u011fu b\u00f6l\u00fcm\u00fcnde ise hi\u00e7 su kalmad\u0131.<\/p>\n<p>B\u00f6lgeye gelen \u00e7obanlar, \u00f6nceleri suyla dolu olan g\u00f6l taban\u0131nda \u00e7ad\u0131rlar\u0131n\u0131 kurarak hayvanlar\u0131n\u0131 otlat\u0131yor.<\/p>\n<p><img decoding=\"async\" src=\"https:\/\/i01.sozcucdn.com\/wp-content\/uploads\/2023\/08\/23\/resim2_23581275.jpg\" alt=\"\" title=\"\"><\/p>\n<p><strong>\u201cHem ku\u015flar hem de bal\u0131klar a\u00e7\u0131s\u0131ndan suyun azalmas\u0131 olumsuzluk olu\u015fturuyor\u201d<\/strong><\/p>\n<p>Akdeniz \u00dcniversitesi Su \u00dcr\u00fcnleri Fak\u00fcltesi \u00d6\u011fretim \u00dcyesi Prof. Dr. Mehmet G\u00f6ko\u011flu, g\u00f6l\u00fcn T\u00fcrkiye\u2019nin \u00f6nemli sulak alanlar\u0131ndan oldu\u011funu s\u00f6yledi.<\/p>\n<p>G\u00f6l\u00fcn yakla\u015f\u0131k 50 y\u0131l \u00f6nce tar\u0131m alan\u0131 olu\u015fturmak amac\u0131yla tahliye kanallar\u0131 olu\u015fturularak kurutuldu\u011funu belirten G\u00f6ko\u011flu, g\u00f6l kuruduktan sonra b\u00f6lgedeki ya\u011f\u0131\u015f oran\u0131n\u0131n azald\u0131\u011f\u0131n\u0131 ve kurakl\u0131\u011f\u0131n ba\u015f g\u00f6stermeye ba\u015flad\u0131\u011f\u0131n\u0131 ifade etti.<\/p>\n<p>G\u00f6l\u00fcn, lokal bir iklim olu\u015fturarak T\u00fcrkiye\u2019nin en \u00f6nemli sedir ormanlar\u0131ndan birisini olu\u015fturdu\u011funa dikkati \u00e7eken G\u00f6ko\u011flu, \u201cKuruduktan sonra bitkisel anlamda da b\u00f6lgede de\u011fi\u015fiklikler oldu. Sedir a\u011fa\u00e7lar\u0131 tehlikeye girdi. G\u00f6l kuruduktan sonra yap\u0131lan yanl\u0131\u015f\u0131n fark\u0131na var\u0131ld\u0131\u201d dedi.<\/p>\n<p>G\u00f6ko\u011flu, 1990\u2019l\u0131 y\u0131llar\u0131n sonunda g\u00f6ldeki suyu bo\u015faltmaya yarayan d\u00fcdenlerin b\u00fcy\u00fck k\u0131sm\u0131n\u0131n kapat\u0131ld\u0131\u011f\u0131n\u0131 ve g\u00f6l\u00fcn yeniden su tutmaya ba\u015flad\u0131\u011f\u0131n\u0131 anlatarak, \u201cMaalesef g\u00f6l\u00fc bu sefer de kurakl\u0131k vurdu. Ya\u011f\u0131\u015flar azald\u0131. B\u00f6lgedeki serac\u0131l\u0131\u011f\u0131n ve meyve yeti\u015ftiricili\u011finin artmas\u0131 nedeniyle sondaj say\u0131s\u0131 artt\u0131.<\/p>\n<p>G\u00f6ldeki su her ge\u00e7en y\u0131l biraz daha azald\u0131. Suyun azalmas\u0131 b\u00f6lge iklimini de olumsuz etkiledi. Hem ku\u015flar hem de bal\u0131klar a\u00e7\u0131s\u0131ndan suyun azalmas\u0131 olumsuzluk olu\u015fturuyor\u201d diye konu\u015ftu.<\/p>\n<p>Su kaynaklar\u0131n\u0131 do\u011fru korumak ve kullanmak gerekti\u011fini anlatan G\u00f6ko\u011flu, \u201cB\u00f6lgede tar\u0131mda do\u011fru su kullan\u0131m\u0131, g\u00f6l\u00fcn kaynaklarla beslenerek su tutmas\u0131n\u0131 sa\u011flamak gerekiyor\u201d diye konu\u015ftu.<\/p>\n<p><img decoding=\"async\" src=\"https:\/\/i01.sozcucdn.com\/wp-content\/uploads\/2023\/08\/23\/resim1_23581269.jpg\" alt=\"\" title=\"\"><\/p>\n<p><strong>\u201cKurakl\u0131\u011f\u0131n etkisi \u00e7ift\u00e7iye oldu\u011fu gibi hayvanc\u0131lara da yans\u0131yor\u201d<\/strong><\/p>\n<p>Elmal\u0131 Ziraat Odas\u0131 Ba\u015fkan\u0131 Salih Kuruba\u015f, g\u00f6l\u00fcn kurumaya y\u00fcz tutmas\u0131yla bal\u0131klar\u0131n \u00f6ld\u00fc\u011f\u00fcn\u00fc ve b\u00f6lge ikliminin de\u011fi\u015fti\u011fini vurgulad\u0131.<\/p>\n<p>Avlan G\u00f6l\u00fc\u2019n\u00fcn su kaynaklar\u0131yla beslenmesi gerekti\u011fini aktaran Kuruba\u015f, \u201c\u0130l\u00e7ede baz\u0131 su kaynaklar\u0131n\u0131n kapal\u0131 sistem ile g\u00f6le getirilmesine y\u00f6nelik \u00e7al\u0131\u015fmalar var. Elmal\u0131\u2019da yakla\u015f\u0131k 2,5 ayd\u0131r hi\u00e7 ya\u011fmur ya\u011fm\u0131yor.<\/p>\n<p>\u00d6nceleri g\u00f6lde su varken yaz aylar\u0131nda ya\u011f\u0131\u015f al\u0131yorduk. \u00c7ift\u00e7iler de susuzluk nedeniyle zorluk ya\u015f\u0131yor. \u00d6zellikle pancar \u00fcreticileri s\u0131k\u0131nt\u0131da. Kurakl\u0131\u011f\u0131n etkisi \u00e7ift\u00e7iye oldu\u011fu gibi hayvanc\u0131lara da yans\u0131yor\u201d ifadelerini kulland\u0131.<\/p>\n<p>\u0130l\u00e7ede yayla serac\u0131l\u0131\u011f\u0131n\u0131n artt\u0131\u011f\u0131n\u0131 kaydeden Kuruba\u015f, \u201cMaalesef baz\u0131 \u00e7ift\u00e7ilerimiz ka\u00e7ak sondaj ile yer alt\u0131ndan su \u00e7ekiyor. Kuyu ruhsat\u0131 olmayanlara sera yapt\u0131r\u0131lmamas\u0131 gerekiyor. Bilin\u00e7sizce a\u00e7\u0131lan sondajlar yer alt\u0131 sular\u0131n\u0131n \u00e7ekilmesine neden oldu.<\/p>\n<p>Suyu planl\u0131 kullanmam\u0131z gerekiyor. G\u00f6l taban\u0131na \u00e7obanlar \u00e7ad\u0131rlar\u0131n\u0131 kurdu. Su olsayd\u0131 g\u00f6l\u00fcn kenar\u0131 ye\u015fil olurdu ve hayvanlar orada otlard\u0131. Ancak su olmay\u0131nca s\u00fcr\u00fclerin hepsi g\u00f6l taban\u0131nda karn\u0131n\u0131 doyurmaya \u00e7al\u0131\u015f\u0131yor\u201d \u015feklinde konu\u015ftu.<\/p>\n<p><img decoding=\"async\" src=\"https:\/\/i01.sozcucdn.com\/wp-content\/uploads\/2023\/08\/23\/resim3_23581271.jpg\" alt=\"\" title=\"\"><\/p>\n<p>G\u00f6ltarla Mahalle Muhtar\u0131 Durmu\u015f Sar\u0131kaya ise, g\u00f6l\u00fcn ya\u011f\u0131\u015flar\u0131n az olmas\u0131 nedeniyle neredeyse tamamen kurudu\u011funu s\u00f6yledi.<\/p>\n<p>G\u00f6l taban\u0131n\u0131n tahmini y\u00fczde 10\u2019unda su kald\u0131\u011f\u0131n\u0131 anlatan Sar\u0131kaya, \u201cG\u00f6l\u00fcn kurumas\u0131 bizi \u00fcz\u00fcyor. Avlan G\u00f6l\u00fc sadece Elmal\u0131 i\u00e7in de\u011fil Finike i\u00e7in de \u00f6nemli. Buras\u0131 kuruyunca Finike\u2019deki baz\u0131 \u015felaleler de kurudu. G\u00f6l \u00e7evresindeki sondajlarda bile neredeyse su kalmad\u0131. \u0130nsanlar meyve bah\u00e7elerini sulamakta zorluk \u00e7ekiyor\u201d dedi.<\/p>\n<p>Sar\u0131kaya, g\u00f6lde su \u00e7ekilmesi nedeniyle zaman zaman bal\u0131k \u00f6l\u00fcmlerinin de ya\u015fand\u0131\u011f\u0131n\u0131 ifade eti.<\/p>\n<p><img decoding=\"async\" src=\"https:\/\/i01.sozcucdn.com\/wp-content\/uploads\/2023\/08\/23\/resim1_23581293.jpg\" alt=\"\" title=\"\"><\/p>\n<p><strong>G\u00f6lde, 191 ku\u015f t\u00fcr\u00fc g\u00f6zlemlendi<\/strong><\/p>\n<p>Ku\u015f ve kelebek g\u00f6zlemcisi, do\u011fa foto\u011fraf\u00e7\u0131s\u0131 \u00d6mer Harpc\u0131 da Avlan G\u00f6l\u00fc\u2019nde, 347 ku\u015f t\u00fcr\u00fcnden 191\u2019inin g\u00f6zlemlendi\u011fini belirtti.<\/p>\n<p>G\u00f6l\u00fcn ku\u015flar d\u0131\u015f\u0131nda da bir\u00e7ok canl\u0131n\u0131n ya\u015fam alan\u0131 oldu\u011funa dikkati \u00e7eken Harpc\u0131, \u201cAvlan G\u00f6l\u00fc, 2021 y\u0131l\u0131nda ya\u015fanan kurakl\u0131k sonras\u0131 tamamen kurumu\u015ftu. 2022 y\u0131l\u0131nda k\u0131\u015f ve ilkbahar mevsiminin ya\u011f\u0131\u015fl\u0131 ge\u00e7mesiyle eski g\u00fcnlerine kavu\u015ftu.<\/p>\n<p>Kuruyan g\u00f6l\u00fcn yeniden su tutmas\u0131yla birlikte g\u00f6le gelen ku\u015flar g\u00f6\u00e7 yolunda bir nebze olsun soluklan\u0131p konaklamaya ba\u015flad\u0131. \u00d6zellikle g\u00f6l bal\u0131k\u00e7\u0131llar, karabataklar, sakarmeke, y\u0131rt\u0131c\u0131 ve daha bir\u00e7ok ku\u015fun \u00fcreme alan\u0131d\u0131r. G\u00f6ldeki su seviyesi az olmas\u0131na ra\u011fmen hala g\u00f6\u00e7men ku\u015flara ev sahipli\u011fi yap\u0131yor\u201d de\u011ferlendirmesinde bulundu. <strong>(AA)<\/strong><\/p>\n","protected":false},"excerpt":{"rendered":"<p>Kurakl\u0131k nedeniyle kurumaya y\u00fcz tutan Antalya&#8217;n\u0131n Elmal\u0131 il\u00e7esindeki 850 hektarl\u0131k Avlan G\u00f6l\u00fc&#8217;n\u00fcn taban\u0131nda \u00e7obanlar \u00e7ad\u0131r kurup s\u00fcr\u00fclerini otlat\u0131yor.<\/p>\n","protected":false},"author":1,"featured_media":117602,"comment_status":"closed","ping_status":"open","sticky":false,"template":"","format":"standard","meta":{"footnotes":""},"categories":[33],"tags":[2214,158,323,10788,11649],"class_list":["post-117601","post","type-post","status-publish","format-standard","has-post-thumbnail","hentry","category-yasam","tag-balik","tag-bolge","tag-gol","tag-golde","tag-kuslar"],"_links":{"self":[{"href":"https:\/\/haberulus.net\/index.php?rest_route=\/wp\/v2\/posts\/117601","targetHints":{"allow":["GET"]}}],"collection":[{"href":"https:\/\/haberulus.net\/index.php?rest_route=\/wp\/v2\/posts"}],"about":[{"href":"https:\/\/haberulus.net\/index.php?rest_route=\/wp\/v2\/types\/post"}],"author":[{"embeddable":true,"href":"https:\/\/haberulus.net\/index.php?rest_route=\/wp\/v2\/users\/1"}],"replies":[{"embeddable":true,"href":"https:\/\/haberulus.net\/index.php?rest_route=%2Fwp%2Fv2%2Fcomments&post=117601"}],"version-history":[{"count":1,"href":"https:\/\/haberulus.net\/index.php?rest_route=\/wp\/v2\/posts\/117601\/revisions"}],"predecessor-version":[{"id":117603,"href":"https:\/\/haberulus.net\/index.php?rest_route=\/wp\/v2\/posts\/117601\/revisions\/117603"}],"wp:featuredmedia":[{"embeddable":true,"href":"https:\/\/haberulus.net\/index.php?rest_route=\/wp\/v2\/media\/117602"}],"wp:attachment":[{"href":"https:\/\/haberulus.net\/index.php?rest_route=%2Fwp%2Fv2%2Fmedia&parent=117601"}],"wp:term":[{"taxonomy":"category","embeddable":true,"href":"https:\/\/haberulus.net\/index.php?rest_route=%2Fwp%2Fv2%2Fcategories&post=117601"},{"taxonomy":"post_tag","embeddable":true,"href":"https:\/\/haberulus.net\/index.php?rest_route=%2Fwp%2Fv2%2Ftags&post=117601"}],"curies":[{"name":"wp","href":"https:\/\/api.w.org\/{rel}","templated":true}]}}