{"id":117613,"date":"2023-08-23T11:51:04","date_gmt":"2023-08-23T11:51:04","guid":{"rendered":"https:\/\/haberulus.net\/?p=117613"},"modified":"2023-08-23T11:51:04","modified_gmt":"2023-08-23T11:51:04","slug":"iso-baskani-bahcivandan-ovp-icin-yapisal-reform-cagrisi","status":"publish","type":"post","link":"https:\/\/haberulus.net\/?p=117613","title":{"rendered":"\u0130SO Ba\u015fkan\u0131 Bah\u00e7\u0131van\u2019dan OVP i\u00e7in yap\u0131sal reform \u00e7a\u011fr\u0131s\u0131"},"content":{"rendered":"<p>*\u0130SO Meclisi\u2019nin a\u011fustos ay\u0131 ola\u011fan toplant\u0131s\u0131, \u201cEkonomiyi Yeniden Yap\u0131land\u0131rmaya Y\u00f6nelik \u0130sti\u015fareler ve OVP \u00d6ncesi S\u00fcre\u00e7te Sanayi\/\u0130hracat D\u00fcnyam\u0131z\u0131n Sorunlar\u0131 ve \u00c7\u00f6z\u00fcm \u00d6nerilerini De\u011ferlendirmek\u201d ana g\u00fcndemiyle Odakule Faz\u0131l Zobu Meclis Salonu\u2019nda ger\u00e7ekle\u015ftirildi.<\/p>\n<p>Toplant\u0131da konu\u015fan Bah\u00e7\u0131van, kaynaklar\u0131n do\u011fru ve verimli kullan\u0131lmas\u0131 gerekti\u011fini s\u00f6yledi.<\/p>\n<p>Eyl\u00fclde a\u00e7\u0131klanacak yeni Orta Vadeli Program\u0131 \u00e7ok \u00f6nemsediklerini vurgulayan Bah\u00e7\u0131van, \u201cMakro-finansal istikrar\u0131m\u0131z\u0131 g\u00fc\u00e7lendirmek i\u00e7in bir yol haritas\u0131 ortaya koymas\u0131, finansmana eri\u015fim gibi k\u0131sa vadeli sorunlar\u0131m\u0131za ger\u00e7ek\u00e7i \u00e7\u00f6z\u00fcmlere zemin haz\u0131rlamas\u0131 ve belki de en \u00f6nemlisi, mevcut k\u00fcresel rekabet ortam\u0131nda sanayici ve ihracat\u00e7\u0131m\u0131z\u0131n ihtiya\u00e7 duydu\u011fu yap\u0131sal reformlar\u0131 i\u00e7ermesi programdan en b\u00fcy\u00fck beklentilerimizdir\u201d \u015feklinde konu\u015ftu.<\/p>\n<p><b>YEN\u0130 EKONOM\u0130 Y\u00d6NET\u0130M\u0130NE \u00d6VG\u00dc<\/b><\/p>\n<p>Bah\u00e7\u0131van, OVP olu\u015fturulurken sanayinin yat\u0131r\u0131m motivasyonunun ve enerjisinin kaynak yetersizli\u011finden dolay\u0131 sekteye u\u011frat\u0131lmamas\u0131 gerekti\u011fini dile getirerek, \u015funlar\u0131 kaydetti:<\/p>\n<p>\u201cT\u00fcrkiye\u2019deki \u00f6zel bankac\u0131l\u0131\u011f\u0131n b\u00f6yle bir imkan do\u011furmas\u0131n\u0131n m\u00fcmk\u00fcn olmad\u0131\u011f\u0131 hepimizin malumu. Bu konuda kullan\u0131lacak olan y\u00f6ntemler ne olacak? Bunu uygulayacak olan mekanizmalar\u0131n, kurumlar\u0131n hangi kaynaklarla beslenece\u011fi noktas\u0131nda geldi\u011fimizde, i\u015fte OVP\u2019yi sab\u0131rs\u0131zl\u0131kla beklememizin nedeni budur.<\/p>\n<p>Yeni ekonomi y\u00f6netimimizin d\u0131\u015f temaslar\u0131n\u0131n olumlu sonu\u00e7lar\u0131n\u0131 CDS primindeki gerilemeden g\u00f6r\u00fcyoruz fakat 400\u2019l\u00fc CDS seviyelerinin bizim arzu etti\u011fimiz kaliteli ve uzun vadeli kaynak ak\u0131\u015f\u0131 i\u00e7in yeterli olmad\u0131\u011f\u0131n\u0131 da kabul etmeliyiz. Onun i\u00e7in bizim sab\u0131rla bu g\u00fcveni olu\u015fturacak ve asla ve asla soru i\u015faretlerine d\u00f6n\u00fc\u015ft\u00fcrmeyecek istikrarl\u0131 bir tutum i\u00e7inde olmam\u0131z gerekmektedir.\u201d<\/p>\n<p><b>\u2018\u0130HRACAT\u00c7ININ F\u0130NANSMAN DESTE\u011e\u0130 VAR\u2019<\/b><\/p>\n<p>Gelinen noktada sahip olunan ihracat potansiyeli nedeniyle ihracat\u00e7\u0131n\u0131n \u00e7ok daha fazla finansman deste\u011fine ihtiya\u00e7 duydu\u011funu anlatan Bah\u00e7\u0131van, \u015f\u00f6yle devam etti:<\/p>\n<p>\u201cBuna kar\u015f\u0131n son 2 y\u0131lda Eximbank kaynaklar\u0131n\u0131n artmas\u0131 bir yana, azald\u0131\u011f\u0131n\u0131 g\u00f6rmekteyiz. Eximbank kredileri 2020\u2019de 28,5 milyar dolar ile en y\u00fcksek seviyedeyken 2022 y\u0131l\u0131nda 19,6 milyar dolar oldu.<\/p>\n<p>Reeskont kredilerinde dolar baz\u0131nda yaln\u0131zca son 5 y\u0131l\u0131n ortalama performans\u0131n\u0131 s\u00fcrd\u00fcrebilmemiz i\u00e7in gerekli olan g\u00fcnl\u00fck kredi hacmi, yapt\u0131\u011f\u0131m\u0131z hesaplamalara g\u00f6re 3,5 milyar lira d\u00fczeyinde iken, sizin de katk\u0131n\u0131zla 1,5 milyar liraya y\u00fckseltilen rakam\u0131n piyasalar\u0131 rahatlatmada yeterli olmad\u0131\u011f\u0131 g\u00f6r\u00fcl\u00fcyor.<\/p>\n<p>Yine 2018-2020 aras\u0131nda Eximbank kredilerindeki ihracat kredileri oran\u0131 da y\u00fczde 15 iken, 2022 y\u0131l\u0131nda ise y\u00fczde 7,7\u2019ye geriledi. Bu rakamlar da bize, ge\u00e7mi\u015fteki tablolar\u0131n daha da geli\u015ftirilmesi gerekirken, bizim ona bile daha d\u00f6nememi\u015f oldu\u011fumuzu g\u00f6steriyor.\u201d (AA)<\/p>\n","protected":false},"excerpt":{"rendered":"<p>\u0130SO Ba\u015fkan\u0131 Erdal Bah\u00e7\u0131van, eyl\u00fclde a\u00e7\u0131klanmas\u0131 beklenen Orta Vadeli Program\u0131 \u00e7ok \u00f6nemsediklerini belirterek, &#8220;Mevcut k\u00fcresel rekabet ortam\u0131nda sanayici ve ihracat\u00e7\u0131m\u0131z\u0131n ihtiya\u00e7 duydu\u011fu yap\u0131sal reformlar\u0131 i\u00e7ermesi programdan en b\u00fcy\u00fck beklentilerimizdir&#8221; dedi.<\/p>\n","protected":false},"author":1,"featured_media":117614,"comment_status":"closed","ping_status":"open","sticky":false,"template":"","format":"standard","meta":{"footnotes":""},"categories":[25],"tags":[810,2858,972],"class_list":["post-117613","post","type-post","status-publish","format-standard","has-post-thumbnail","hentry","category-ekonomi","tag-ihracat","tag-kaynak","tag-kredi"],"_links":{"self":[{"href":"https:\/\/haberulus.net\/index.php?rest_route=\/wp\/v2\/posts\/117613","targetHints":{"allow":["GET"]}}],"collection":[{"href":"https:\/\/haberulus.net\/index.php?rest_route=\/wp\/v2\/posts"}],"about":[{"href":"https:\/\/haberulus.net\/index.php?rest_route=\/wp\/v2\/types\/post"}],"author":[{"embeddable":true,"href":"https:\/\/haberulus.net\/index.php?rest_route=\/wp\/v2\/users\/1"}],"replies":[{"embeddable":true,"href":"https:\/\/haberulus.net\/index.php?rest_route=%2Fwp%2Fv2%2Fcomments&post=117613"}],"version-history":[{"count":1,"href":"https:\/\/haberulus.net\/index.php?rest_route=\/wp\/v2\/posts\/117613\/revisions"}],"predecessor-version":[{"id":117615,"href":"https:\/\/haberulus.net\/index.php?rest_route=\/wp\/v2\/posts\/117613\/revisions\/117615"}],"wp:featuredmedia":[{"embeddable":true,"href":"https:\/\/haberulus.net\/index.php?rest_route=\/wp\/v2\/media\/117614"}],"wp:attachment":[{"href":"https:\/\/haberulus.net\/index.php?rest_route=%2Fwp%2Fv2%2Fmedia&parent=117613"}],"wp:term":[{"taxonomy":"category","embeddable":true,"href":"https:\/\/haberulus.net\/index.php?rest_route=%2Fwp%2Fv2%2Fcategories&post=117613"},{"taxonomy":"post_tag","embeddable":true,"href":"https:\/\/haberulus.net\/index.php?rest_route=%2Fwp%2Fv2%2Ftags&post=117613"}],"curies":[{"name":"wp","href":"https:\/\/api.w.org\/{rel}","templated":true}]}}