{"id":117625,"date":"2023-08-23T11:51:07","date_gmt":"2023-08-23T11:51:07","guid":{"rendered":"https:\/\/haberulus.net\/?p=117625"},"modified":"2023-08-23T11:51:07","modified_gmt":"2023-08-23T11:51:07","slug":"fenerbahcede-dominik-livakovic-transferi-yine-ertelendi","status":"publish","type":"post","link":"https:\/\/haberulus.net\/?p=117625","title":{"rendered":"Fenerbah\u00e7e\u2019de Dominik Livakovic transferi yine ertelendi"},"content":{"rendered":"<p>Fenerbah\u00e7e\u2019de papatya fal\u0131na d\u00f6nen kaleci Dominik Livakovic transferi, Dinamo Zagreb\u2019in yeni teknik direkt\u00f6r\u00fc Sergej Jakirovic\u2019in s\u00f6zleri sonras\u0131 yine erteleniyor\u2026<\/p>\n<p>\u015eampiyonlar Ligi 2. \u00d6n Eleme turunda Astana\u2019y\u0131 ge\u00e7en Zagreb, 3. \u00f6n elemede Yunan ekibi AEK ile kar\u015f\u0131la\u015ft\u0131. \u0130lk ma\u00e7\u0131 2-1 kaybeden Zagreb, deplasmandaki ma\u00e7ta 2-2\u2019lik beraberlikle ayr\u0131l\u0131nca \u015eampiyonlar Ligi\u2019ne erken veda etmek zorunda kald\u0131.<\/p>\n<p>\u015eampiyonlar Ligi \u00f6n eleme turlar\u0131 boyunca Fenerbah\u00e7e\u2019yi bekleten H\u0131rvat kul\u00fcb\u00fc, bu kez de yar\u0131n Avrupa Ligi play-off turunda oynayacaklar\u0131 Sparta Prag ma\u00e7\u0131na da Livakovic ile sahaya \u00e7\u0131kmak istediklerini sar\u0131 lacivertli kul\u00fcbe iletti.<\/p>\n<p>Zagreb\u2019in \u015eampiyonlar Ligi elemesinde AEK\u2019ya elenmesinin ard\u0131ndan, 28 ya\u015f\u0131ndaki kalecinin hafta i\u00e7inde \u0130stanbul\u2019a gelerek resmi s\u00f6zle\u015fmeyi imzalamas\u0131 bekleniyordu.<\/p>\n<p><b>\u201cBUG\u00dcNK\u00dc B\u0130LG\u0130LERE G\u00d6RE LIVAKOVIC\u2026\u201d<\/b><\/p>\n<p>Ancak Sparta Prag ile oynayacaklar\u0131 ma\u00e7 \u00f6ncesinde bas\u0131n toplant\u0131s\u0131 d\u00fczenleyen Zagreb\u2019in yeni teknik direkt\u00f6r\u00fc Jakirovic, Livakovic\u2019in tak\u0131mda kal\u0131p kalmayaca\u011f\u0131 ve Avrupa Ligi ma\u00e7\u0131nda kaleyi kimin koruyaca\u011f\u0131na dair sorulan soruya \u015fu yan\u0131t\u0131 verdi:<\/p>\n<p>\u201cLivakovic mi? Bug\u00fcnk\u00fc bilgilere g\u00f6re Livakovic yar\u0131n kalede olacak.\u201d<\/p>\n<p>Dinamo Zagreb\u2019in bu talebine kar\u015f\u0131, Fenerbah\u00e7e y\u00f6netiminin nas\u0131l bir karar verece\u011fi hen\u00fcz bilinmiyor.<\/p>\n<p><b>ALTAY BAYINDIR MANU YOLCUSU<\/b><\/p>\n<p>Livakovic\u2019in transferine kesin g\u00f6z\u00fcyle bak\u0131lan Fenerbah\u00e7e\u2019de, kaleci Altay Bay\u0131nd\u0131r Manchester United ile anla\u015fmak \u00fczere.<\/p>\n<p>\u0130ngiliz kul\u00fcb\u00fc i\u00e7in Atina\u2019ya giderek sa\u011fl\u0131k kontrol\u00fcnden ge\u00e7en Altay Bay\u0131nd\u0131r, sa\u011fl\u0131k raporlar\u0131nda sorun \u00e7\u0131kmamas\u0131 halinde MANU ile s\u00f6zle\u015fme imzalayacak.<\/p>\n","protected":false},"excerpt":{"rendered":"<p>Fenerbah\u00e7e&#8217;nin yakla\u015f\u0131k 2 ayd\u0131r transfer etmek istedi\u011fi H\u0131rvat kaleci Dominik Livakovic&#8217;in transferi, Dinamo Zagreb&#8217;in yeni teknik direkt\u00f6r\u00fc Sergej Jakirovic&#8217;in s\u00f6zleri sonras\u0131 yine ertelendi.<\/p>\n","protected":false},"author":1,"featured_media":117626,"comment_status":"closed","ping_status":"open","sticky":false,"template":"","format":"standard","meta":{"footnotes":""},"categories":[31],"tags":[288,13660,290],"class_list":["post-117625","post","type-post","status-publish","format-standard","has-post-thumbnail","hentry","category-spor","tag-ligi","tag-livakovic","tag-mac"],"_links":{"self":[{"href":"https:\/\/haberulus.net\/index.php?rest_route=\/wp\/v2\/posts\/117625","targetHints":{"allow":["GET"]}}],"collection":[{"href":"https:\/\/haberulus.net\/index.php?rest_route=\/wp\/v2\/posts"}],"about":[{"href":"https:\/\/haberulus.net\/index.php?rest_route=\/wp\/v2\/types\/post"}],"author":[{"embeddable":true,"href":"https:\/\/haberulus.net\/index.php?rest_route=\/wp\/v2\/users\/1"}],"replies":[{"embeddable":true,"href":"https:\/\/haberulus.net\/index.php?rest_route=%2Fwp%2Fv2%2Fcomments&post=117625"}],"version-history":[{"count":1,"href":"https:\/\/haberulus.net\/index.php?rest_route=\/wp\/v2\/posts\/117625\/revisions"}],"predecessor-version":[{"id":117627,"href":"https:\/\/haberulus.net\/index.php?rest_route=\/wp\/v2\/posts\/117625\/revisions\/117627"}],"wp:featuredmedia":[{"embeddable":true,"href":"https:\/\/haberulus.net\/index.php?rest_route=\/wp\/v2\/media\/117626"}],"wp:attachment":[{"href":"https:\/\/haberulus.net\/index.php?rest_route=%2Fwp%2Fv2%2Fmedia&parent=117625"}],"wp:term":[{"taxonomy":"category","embeddable":true,"href":"https:\/\/haberulus.net\/index.php?rest_route=%2Fwp%2Fv2%2Fcategories&post=117625"},{"taxonomy":"post_tag","embeddable":true,"href":"https:\/\/haberulus.net\/index.php?rest_route=%2Fwp%2Fv2%2Ftags&post=117625"}],"curies":[{"name":"wp","href":"https:\/\/api.w.org\/{rel}","templated":true}]}}