{"id":117658,"date":"2023-08-23T12:49:03","date_gmt":"2023-08-23T12:49:03","guid":{"rendered":"https:\/\/haberulus.net\/?p=117658"},"modified":"2023-08-23T12:49:03","modified_gmt":"2023-08-23T12:49:03","slug":"chpden-babacanin-tek-baslarina-secim-kazanamazlar-sozlerine-sert-tepki-atip-tutmalarina-cok-aldirmamak-lazim","status":"publish","type":"post","link":"https:\/\/haberulus.net\/?p=117658","title":{"rendered":"CHP&#8217;den Babacan&#8217;\u0131n &#8220;Tek ba\u015flar\u0131na se\u00e7im kazanamazlar&#8221; s\u00f6zlerine sert tepki: At\u0131p tutmalar\u0131na \u00e7ok ald\u0131rmamak laz\u0131m"},"content":{"rendered":"<p>CHP Grup Ba\u015fkanvekili G\u00f6khan G\u00fcnayd\u0131n, DEVA Partisi Genel Ba\u015fkan\u0131 Ali Babacan&#8217;\u0131n &#8220;CHP tek ba\u015f\u0131na  <strong>se\u00e7im<\/strong> kazanamaz&#8221; \u015feklindeki s\u00f6zlerine yan\u0131t verdi. G\u00fcnayd\u0131n, &#8220;Y\u00fczde 2&#8217;lik olup olmad\u0131\u011f\u0131 belli olmayan insanlar\u0131n at\u0131p tutmalar\u0131na \u00e7ok ald\u0131rmamak laz\u0131m&#8221; dedi.<\/p>\n<p><b>CHP&#8217;L\u0130 G\u00dcNAYDIN&#8217;DAN BABACAN&#8217;IN S\u00d6ZLER\u0130NE TEPK\u0130<\/b><\/p>\n<p>DEVA Partisi lideri Babacan&#8217;\u0131n CHP&#8217;ye ili\u015fkin s\u00f6zleri nedeniyle isim vermeden ele\u015ftiren CHP Grup Ba\u015fkanvekili G\u00f6khan G\u00fcnayd\u0131n, &#8220;Saadet Partisi, Gelecek Partisi, DEVA Partisi, belki \u0130Y\u0130 Parti onlara kat\u0131l\u0131r kat\u0131lmaz bilmem, belki Demokrat Parti\u2026 Onlar milletvekilli\u011fi se\u00e7imlerinde kendi aralar\u0131nda bir ittifakla girselerdi de, cumhurba\u015fkanl\u0131\u011f\u0131 se\u00e7iminde t\u0131pk\u0131 \u0130Y\u0130 Parti&#8217;nin yapt\u0131\u011f\u0131 gibi tek adaya ortak oy verselerdi, kim kaybederdi?&#8221; ifadelerini kulland\u0131.<\/p>\n<p><img decoding=\"async\" src=\"https:\/\/i.hbrcdn.com\/haber\/2023\/08\/23\/chp-grup-baskanvekili-gunaydin-dan-babacan-in-16256494_5119_m.jpg\" alt=\"\" title=\"\"><span>CHP Grup Ba\u015fkanvekili G\u00f6khan G\u00fcnayd\u0131n.<\/span><\/p>\n<p><b>&#8220;KAZANACA\u011eIMIZ YERLER VAR, KAZANAMAYACA\u011eIMIZ YERLER VAR&#8221;<\/b><\/p>\n<p>&#8220;Y\u00fczde 2&#8217;lik olup olmad\u0131\u011f\u0131 belli olmayan insanlar\u0131n at\u0131p tutmalar\u0131na \u00e7ok ald\u0131rmamak laz\u0131m&#8221; diyen G\u00fcnayd\u0131n, Halk TV&#8217;de kat\u0131ld\u0131\u011f\u0131 programda yapt\u0131\u011f\u0131 a\u00e7\u0131klamalar\u0131na \u015f\u00f6yle devam etti; &#8220;Sand\u0131k sonu\u00e7lar\u0131n\u0131 bilemiyoruz. Sand\u0131k \u00e7\u0131k\u0131\u015f anketlerini biliyoruz ama onlar\u0131 da kimse mahcup olmas\u0131n diye s\u00f6ylemiyoruz. &#8216;Tek ba\u015f\u0131n\u0131za se\u00e7im mi kazanabilirsiniz?&#8217; sorusuna &#8216;Kazanaca\u011f\u0131m\u0131z yerler var, kazanamayaca\u011f\u0131m\u0131z yerler var&#8217; \u015feklinde cevap veririz. Peki ayn\u0131 soruyu biz sorsak yan\u0131t\u0131 var m\u0131 bu sorunun?&#8221;<\/p>\n<p><b>BABACAN NE DEM\u0130\u015eT\u0130?<\/b><\/p>\n<p>May\u0131s ay\u0131nda yap\u0131lan se\u00e7imlerde CHP listelerinden 15 milletvekilini Meclis&#8217;e sokan DEVA Partisi&#8217;nin lideri Ali Babacan, ge\u00e7en g\u00fcnlerde konuk oldu\u011fu Habert\u00fcrk yay\u0131n\u0131nda CHP&#8217;ye y\u00f6nelik ele\u015ftirel de\u011ferlendirmelerde bulunmu\u015ftu.<\/p>\n<p>&#8220;\u00d6zellikle se\u00e7im kaybedildikten sonra CHP&#8217;yi destekleyen medya, k\u00f6\u015fe yazarlar\u0131, yorumcular biz ve di\u011fer partiler i\u00e7in \u015fiddetli bir \u015fekilde &#8216;CHP bunlar\u0131 niye ta\u015f\u0131d\u0131, CHP bunlarla niye beraber oldu, niye bu kadar milletvekili verdi&#8217; dediler&#8221; diyen Babacan, \u015fu yorumu dile getirmi\u015fti; &#8220;Bu sesi \u00e7ok \u00e7\u0131kanlara soruyorum: CHP&#8217;nin kendi ba\u015f\u0131na bug\u00fcn herhangi bir se\u00e7ime girip T\u00fcrkiye genelinde, T\u00fcrkiye&#8217;nin t\u00fcm\u00fc i\u00e7in kazanmas\u0131 m\u00fcmk\u00fcn m\u00fc? Ya siz hayal mi g\u00f6r\u00fcyorsunuz? Bu \u00fclke \u00f6yle bir \u00fclke mi? Bu \u00fclkede ekseriyetin durdu\u011fu bir yer var. AK Parti&#8217;ye oy veren se\u00e7men \u015fu anda &#8216;Allah bizi korumu\u015f&#8217; diyor. &#8216;Demek ki o zihniyet duruyor. Erdo\u011fan&#8217;a kar\u015f\u0131 \u00e7\u0131k\u0131p parti kurmu\u015f Ali Babacan&#8217;a bunu s\u00f6yleyenler, CHP&#8217;nin i\u00e7inde oldu\u011fu ittifak kazan\u0131rsa bize neler neler yaparlar diye d\u00fc\u015f\u00fcn\u00fcyor AK Partili se\u00e7men. \u0130nan\u0131n bu dar ideolojik bak\u0131\u015f oldu\u011fu s\u00fcrece iflah olmaz.&#8221; <\/p>\n","protected":false},"excerpt":{"rendered":"<p>CHP listelerinden 15 milletvekilini Meclis&#8217;e sokan DEVA Partisi&#8217;nin genel ba\u015fkan\u0131 Ali Babacan, ge\u00e7ti\u011fimiz g\u00fcnlerde kat\u0131ld\u0131\u011f\u0131 bir programda CHP&#8217;nin tek ba\u015f\u0131na se\u00e7im kazanmas\u0131n\u0131n m\u00fcmk\u00fcn olmad\u0131\u011f\u0131n\u0131 ifade etmi\u015fti. Babacan&#8217;\u0131n s\u00f6zlerine tepki g\u00f6steren CHP Grup Ba\u015fkanvekili G\u00f6khan G\u00fcnayd\u0131n, &#8220;Y\u00fczde 2&#8217;lik olup olmad\u0131\u011f\u0131 belli olmayan insanlar\u0131n at\u0131p tutmalar\u0131na \u00e7ok ald\u0131rmamak laz\u0131m&#8221; diye konu\u015ftu.<\/p>\n","protected":false},"author":1,"featured_media":117659,"comment_status":"closed","ping_status":"open","sticky":false,"template":"","format":"standard","meta":{"footnotes":""},"categories":[28],"tags":[1089,345,442,517,320],"class_list":["post-117658","post","type-post","status-publish","format-standard","has-post-thumbnail","hentry","category-politika","tag-chp","tag-deva","tag-parti","tag-partisi","tag-secim"],"_links":{"self":[{"href":"https:\/\/haberulus.net\/index.php?rest_route=\/wp\/v2\/posts\/117658","targetHints":{"allow":["GET"]}}],"collection":[{"href":"https:\/\/haberulus.net\/index.php?rest_route=\/wp\/v2\/posts"}],"about":[{"href":"https:\/\/haberulus.net\/index.php?rest_route=\/wp\/v2\/types\/post"}],"author":[{"embeddable":true,"href":"https:\/\/haberulus.net\/index.php?rest_route=\/wp\/v2\/users\/1"}],"replies":[{"embeddable":true,"href":"https:\/\/haberulus.net\/index.php?rest_route=%2Fwp%2Fv2%2Fcomments&post=117658"}],"version-history":[{"count":1,"href":"https:\/\/haberulus.net\/index.php?rest_route=\/wp\/v2\/posts\/117658\/revisions"}],"predecessor-version":[{"id":117660,"href":"https:\/\/haberulus.net\/index.php?rest_route=\/wp\/v2\/posts\/117658\/revisions\/117660"}],"wp:featuredmedia":[{"embeddable":true,"href":"https:\/\/haberulus.net\/index.php?rest_route=\/wp\/v2\/media\/117659"}],"wp:attachment":[{"href":"https:\/\/haberulus.net\/index.php?rest_route=%2Fwp%2Fv2%2Fmedia&parent=117658"}],"wp:term":[{"taxonomy":"category","embeddable":true,"href":"https:\/\/haberulus.net\/index.php?rest_route=%2Fwp%2Fv2%2Fcategories&post=117658"},{"taxonomy":"post_tag","embeddable":true,"href":"https:\/\/haberulus.net\/index.php?rest_route=%2Fwp%2Fv2%2Ftags&post=117658"}],"curies":[{"name":"wp","href":"https:\/\/api.w.org\/{rel}","templated":true}]}}