{"id":117694,"date":"2023-08-23T13:51:04","date_gmt":"2023-08-23T13:51:04","guid":{"rendered":"https:\/\/haberulus.net\/?p=117694"},"modified":"2023-08-23T13:51:04","modified_gmt":"2023-08-23T13:51:04","slug":"avrupa-yangin-yeri-bircok-ulke-alevlerle-mucadele-ediyor","status":"publish","type":"post","link":"https:\/\/haberulus.net\/?p=117694","title":{"rendered":"Avrupa yang\u0131n yeri: Bir\u00e7ok \u00fclke alevlerle m\u00fccadele ediyor"},"content":{"rendered":"<p>Avrupa\u2019da bu yaz ya\u015fanan rekor s\u0131caklar\u0131n etkisiyle bitmek bilmeyen orman yang\u0131nlar\u0131 bir\u00e7ok \u00fclkeyi haftalard\u0131r s\u00fcren bir m\u00fccadeleyle kar\u015f\u0131 kar\u015f\u0131ya b\u0131rakt\u0131.<\/p>\n<p>Ba\u015fta kom\u015fu Yunanistan olmak \u00fczere bir\u00e7ok \u00fclkede yang\u0131n kabusu devam ediyor.<\/p>\n<p>Yunanistan\u2019\u0131n Dedea\u011fa\u00e7 b\u00f6lgesinde 5 g\u00fcnd\u00fcr s\u00fcren ve yerle\u015fim birimlerini tehdit eden yang\u0131nlar \u015fiddetli r\u00fczgar\u0131n etkisiyle kontrol alt\u0131na al\u0131namad\u0131. Bat\u0131 Trakya\u2019da Meri\u00e7 ve Rodop\u2019u da etkisi alt\u0131na yang\u0131n nedeniyle bu sabah Egnatia yolu kapand\u0131.<\/p>\n<p>\u00dclkenin d\u00f6rt bir yan\u0131nda etkili olan yang\u0131nlar Meri\u00e7\u2019ten Atina\u2019n\u0131n kuzeybat\u0131s\u0131na kadar 60\u2019tan fazla noktada devam ediyor. Atina\u2019n\u0131n yakla\u015f\u0131k 120 kilometre kuzeyindeki Viotia\u2019da bulunan ormanl\u0131k alanda 21 A\u011fustos\u2019ta \u00e7\u0131kan yang\u0131n da 3 g\u00fcnd\u00fcr devam ediyor.<\/p>\n<div><img decoding=\"async\" src=\"https:\/\/i01.sozcucdn.com\/wp-content\/uploads\/2023\/08\/23\/italya-dha1_23579531.jpg\" alt=\"\" title=\"\"><\/p>\n<p>\u0130talya\u2019da \u00e7\u0131kan yang\u0131nlar endi\u015fe yaratt\u0131.<\/p>\n<\/div>\n<p>Selanik\u2019e ve Avrupa\u2019ya devam etmek isteyen ara\u00e7lara Bulgaristan \u00fczerinden devam etmeleri tavsiye edildi. \u00dclkede yang\u0131n nedeniyle iki g\u00fcnde hayat\u0131n\u0131 kaybeden ki\u015fi say\u0131s\u0131 20 oldu.<\/p>\n<p><strong>\u0130TALYA\u2019DA \u0130K\u0130 NOKTADA DAHA ORMAN YANGINI<\/strong><\/p>\n<p>\u0130talya\u2019n\u0131n bat\u0131s\u0131ndaki Elba Adas\u0131 ve kuzeyindeki \u0130mperia kenti yak\u0131nlar\u0131nda orman yang\u0131n\u0131 \u00e7\u0131kt\u0131. \u0130tfaiye ekipleri, yang\u0131na m\u00fcdahale ediyor.<\/p>\n<p>\u0130talyan itfaiyesi Vigili del Fuoco, iki b\u00f6lgede de Canadair tipi yang\u0131n s\u00f6nd\u00fcrme u\u00e7aklar\u0131 ve helikopterlerin g\u00f6rev yapt\u0131\u011f\u0131n\u0131 bildirdi. \u0130mperia\u2019daki yang\u0131n\u0131n \u00e7al\u0131lardan yay\u0131ld\u0131\u011f\u0131 ifade edilerek, yerle\u015fim yerlerine y\u00f6nelmesinin engellenmeye \u00e7al\u0131\u015f\u0131ld\u0131\u011f\u0131 aktar\u0131ld\u0131.<\/p>\n<div><img decoding=\"async\" src=\"https:\/\/i01.sozcucdn.com\/wp-content\/uploads\/2023\/08\/23\/tenerife-reuters2.jpg\" alt=\"\" title=\"\"><\/p>\n<p>Tenerife\u2019de yang\u0131n g\u00fcnler sonra kontrol alt\u0131na al\u0131nabildi.<\/p>\n<\/div>\n<p>Vigili del Fuoco\u2019dan yap\u0131lan a\u00e7\u0131klamada, \u201cElba Adas\u0131ndaki orman yang\u0131n\u0131 kontrol alt\u0131nda al\u0131nd\u0131. s\u00f6nd\u00fcrme ve temizleme \u00e7al\u0131\u015fmalar\u0131 devam ediyor\u201d ifadelerine verildi.<\/p>\n<p><strong>FRANSA\u2019DA N\u00dcKLEER SANTRAL END\u0130\u015eES\u0130<\/strong><\/p>\n<p>Son g\u00fcnlerde y\u00fcksek hava s\u0131cakl\u0131klar\u0131 nedeniyle g\u00fcney b\u00f6lgelerde k\u0131rm\u0131z\u0131 alarm durumuna ge\u00e7en Fransa\u2019da so\u011futma suyu s\u0131k\u0131nt\u0131s\u0131 nedeniyle Saint Alban n\u00fckleer tesisinde \u00fcretim azalt\u0131ld\u0131.<\/p>\n<p>Yetkililer, \u00fclkede s\u0131cakl\u0131klar\u0131n rekor k\u0131rarak 42 dereceye ula\u015fabilece\u011fini vurgulad\u0131.<\/p>\n<p>\u0130spanya ise d\u00f6rd\u00fcnc\u00fc s\u0131cak hava dalgas\u0131 nedeniyle kavruluyor. Kanarya Adalar\u0131na ba\u011fl\u0131 Tenerife\u2019de g\u00fcnler s\u00fcren yang\u0131n sonunda kontrol alt\u0131na al\u0131nsa da b\u00f6lgede b\u00fcy\u00fck hasara yol a\u00e7t\u0131. (AJANSLAR)<\/p>\n","protected":false},"excerpt":{"rendered":"<p>T\u00fcrkiye \u00c7anakkale&#8217;deki yang\u0131n\u0131n \u00fcz\u00fcnt\u00fcs\u00fcn\u00fc ya\u015farken Avrupa&#8217;n\u0131n bir\u00e7ok \u00fclkesi haftalard\u0131r \u00f6l\u00fcmc\u00fcl orman yang\u0131nlar\u0131yla m\u00fccadele ediyor.<\/p>\n","protected":false},"author":1,"featured_media":117695,"comment_status":"closed","ping_status":"open","sticky":false,"template":"","format":"standard","meta":{"footnotes":""},"categories":[24],"tags":[539,518],"class_list":["post-117694","post","type-post","status-publish","format-standard","has-post-thumbnail","hentry","category-dunya","tag-orman","tag-yangin"],"_links":{"self":[{"href":"https:\/\/haberulus.net\/index.php?rest_route=\/wp\/v2\/posts\/117694","targetHints":{"allow":["GET"]}}],"collection":[{"href":"https:\/\/haberulus.net\/index.php?rest_route=\/wp\/v2\/posts"}],"about":[{"href":"https:\/\/haberulus.net\/index.php?rest_route=\/wp\/v2\/types\/post"}],"author":[{"embeddable":true,"href":"https:\/\/haberulus.net\/index.php?rest_route=\/wp\/v2\/users\/1"}],"replies":[{"embeddable":true,"href":"https:\/\/haberulus.net\/index.php?rest_route=%2Fwp%2Fv2%2Fcomments&post=117694"}],"version-history":[{"count":1,"href":"https:\/\/haberulus.net\/index.php?rest_route=\/wp\/v2\/posts\/117694\/revisions"}],"predecessor-version":[{"id":117696,"href":"https:\/\/haberulus.net\/index.php?rest_route=\/wp\/v2\/posts\/117694\/revisions\/117696"}],"wp:featuredmedia":[{"embeddable":true,"href":"https:\/\/haberulus.net\/index.php?rest_route=\/wp\/v2\/media\/117695"}],"wp:attachment":[{"href":"https:\/\/haberulus.net\/index.php?rest_route=%2Fwp%2Fv2%2Fmedia&parent=117694"}],"wp:term":[{"taxonomy":"category","embeddable":true,"href":"https:\/\/haberulus.net\/index.php?rest_route=%2Fwp%2Fv2%2Fcategories&post=117694"},{"taxonomy":"post_tag","embeddable":true,"href":"https:\/\/haberulus.net\/index.php?rest_route=%2Fwp%2Fv2%2Ftags&post=117694"}],"curies":[{"name":"wp","href":"https:\/\/api.w.org\/{rel}","templated":true}]}}