{"id":117721,"date":"2023-08-23T14:21:03","date_gmt":"2023-08-23T14:21:03","guid":{"rendered":"https:\/\/haberulus.net\/?p=117721"},"modified":"2023-08-23T14:21:03","modified_gmt":"2023-08-23T14:21:03","slug":"almanyada-cifte-vatandaslik-yasasina-onay","status":"publish","type":"post","link":"https:\/\/haberulus.net\/?p=117721","title":{"rendered":"Almanya\u2019da \u00e7ifte vatanda\u015fl\u0131k yasas\u0131na onay"},"content":{"rendered":"<p>Almanya&#8217;da Bakanlar Kurulu, \u00e7ifte vatanda\u015fl\u0131k imkan\u0131n\u0131 herkese tan\u0131yan ve Alman vatanda\u015fl\u0131\u011f\u0131na ge\u00e7i\u015fleri kolayla\u015ft\u0131ran yasa tasar\u0131s\u0131na onay verdi.<\/p>\n<p>\u0130\u00e7i\u015fleri Bakanl\u0131\u011f\u0131nca haz\u0131rlanan \u201cVatanda\u015fl\u0131k Yasas\u0131n\u0131n Modernizasyonu\u201d ad\u0131n\u0131 ta\u015f\u0131yan tasar\u0131yla, daha \u00f6nce s\u0131n\u0131rl\u0131 say\u0131da \u00fclke vatanda\u015f\u0131na uygulanan \u00e7ifte vatanda\u015fl\u0131k hakk\u0131, herkese y\u00f6nelik geni\u015fletilecek.<\/p>\n<p><strong>\u015eARTLAR HAF\u0130FLET\u0130L\u0130YOR<\/strong><\/p>\n<p>Tasar\u0131n\u0131n Federal Meclis&#8217;ten ge\u00e7mesi durumunda ayr\u0131ca yabanc\u0131lar\u0131n Alman vatanda\u015fl\u0131\u011f\u0131na kabul edilmesi i\u00e7in gerekli \u015fartlar da hafifletilecek.<\/p>\n<p>Buna g\u00f6re vatanda\u015fl\u0131\u011fa ge\u00e7mek i\u00e7in istenen \u201cyasal ikamet s\u00fcresi\u201d 8 y\u0131ldan 5 y\u0131la indirilecek. \u00c7al\u0131\u015ft\u0131\u011f\u0131 alanda veya e\u011fitiminde ba\u015far\u0131l\u0131 olmak, g\u00f6n\u00fcll\u00fc \u00e7al\u0131\u015fmalar yapmak gibi, Almanya&#8217;daki ya\u015fam \u015fartlar\u0131na uyum sa\u011flamak i\u00e7in \u00f6zel \u00e7aba g\u00f6sterenlerde bu s\u00fcre 3 y\u0131la d\u00fc\u015febilecek.<\/p>\n<p>\u0130\u015f yerinde veya e\u011fiminde ba\u015far\u0131l\u0131 olanlar, \u00fclkede g\u00f6n\u00fcll\u00fc \u00e7al\u0131\u015fmalar yapanlar gibi konularda \u00e7aba sarf edenler i\u00e7in bu s\u00fcre 3 y\u0131la d\u00fc\u015f\u00fcr\u00fclebilecek.<\/p>\n<p>Alman vatanda\u015fl\u0131\u011f\u0131na ge\u00e7i\u015f ko\u015fullar\u0131 aras\u0131nda, Almanya&#8217;n\u0131n \u00f6zg\u00fcrl\u00fck\u00e7\u00fc toplum de\u011ferleri ve yasalar\u0131n\u0131n benimsenmesi ve ki\u015finin, kendisi ve ailesinin ge\u00e7imini sosyal yard\u0131mlar almadan sa\u011flayabilmesi de yer al\u0131yor. Yahudi d\u00fc\u015fman\u0131, \u0131rk\u00e7\u0131, yabanc\u0131 d\u00fc\u015fman\u0131 veya ba\u015fka insanl\u0131k d\u0131\u015f\u0131 eylemelerde bulunanlar Alman vatanda\u015fl\u0131\u011f\u0131na al\u0131nmayacak.<\/p>\n<p>Ayr\u0131ca \u00e7ok e\u015fli olanlar veya anayasada yer alan kad\u0131n-erkek e\u015fitli\u011fine ayk\u0131r\u0131 davrananlar da vatanda\u015fl\u0131\u011fa al\u0131nmayacak.<\/p>\n<p><strong>YABANCI \u00c7OCUKLARINA ALMAN PASAPORTU<\/strong><\/p>\n<p>\u00c7ifte vatanda\u015fl\u0131\u011fa imkan veren tasar\u0131da, \u00e7oklu vatanda\u015fl\u0131klara da imkan tan\u0131nacak. Ayn\u0131 zamanda yabanc\u0131 bir \u00fclkenin vatanda\u015fl\u0131\u011f\u0131na ge\u00e7enlerin Alman vatanda\u015fl\u0131\u011f\u0131n\u0131 kaybedece\u011fi y\u00f6n\u00fcndeki d\u00fczenleme de ortadan kalkacak.<\/p>\n<p>Ebeveynlerden birinin 5 y\u0131l Almanya&#8217;da yasal olarak ikamet etmesi durumunda \u00fclkede do\u011fan yabanc\u0131 \u00e7ocuklar Alman pasaportu alabilecek. Ayr\u0131ca \u00e7ocuklar ebeveynlerinin vatanda\u015fl\u0131\u011f\u0131n\u0131 da koruyarak \u00e7ifte vatanda\u015f olabilecek.<\/p>\n<p>Tasar\u0131da, \u0130\u015fg\u00fcc\u00fc Anla\u015fmas\u0131 kapsam\u0131nda 30 Haziran 1974&#8217;e kadar Federal Almanya Cumhuriyeti\u2019ne (Bat\u0131 Almanya) ve s\u00f6zle\u015fmeli i\u015f\u00e7i olarak 13 Haziran 1990&#8217;a kadar eski Almanya Demokratik Cumhuriyet&#8217;ine (Do\u011fu Almanya) gelen i\u015f\u00e7iler i\u00e7in \u00f6zel bir d\u00fczenleme yer al\u0131yor.<\/p>\n<p>Buna g\u00f6re bu ki\u015filer i\u00e7in Alman vatanda\u015fl\u0131\u011f\u0131na ge\u00e7i\u015fteki yaz\u0131l\u0131 s\u0131nav zorunlulu\u011fu kald\u0131r\u0131lacak. Misafir i\u015f\u00e7i olarak adland\u0131r\u0131lan ki\u015filerin, ba\u015flang\u0131\u00e7ta sadece \u00e7al\u0131\u015fmak amac\u0131yla ge\u00e7ici olarak Almanya&#8217;da kalacaklar\u0131 \u00f6ng\u00f6r\u00fcld\u00fc\u011f\u00fcnden bu ki\u015filerin ge\u00e7mi\u015fte dil ve entegrasyon kursu alamad\u0131klar\u0131, bu nedenle vatanda\u015fl\u0131\u011fa al\u0131nma s\u0131nav\u0131ndan muaf tutulaca\u011f\u0131 belirtildi.<\/p>\n<p><strong>T\u00d6RENLE VATANDA\u015eLIK<\/strong><\/p>\n<p>Tasar\u0131da Alman vatanda\u015f\u0131 olanlara belgeleri t\u00f6renle verilecek. Burada m\u00fcmk\u00fcn oldu\u011funca Almanya&#8217;n\u0131n sembollerinin kullan\u0131lmas\u0131 \u00f6ng\u00f6r\u00fcl\u00fcyor.<\/p>\n<p>Yasa tasar\u0131s\u0131n\u0131 Berlin\u2019de tan\u0131tan Almanya \u0130\u00e7i\u015fleri Bakan\u0131 Nancy Faeser, s\u00f6z konusu d\u00fczenlemenin mevcut h\u00fck\u00fcmetin en \u00f6nemli reformlar\u0131ndan biri oldu\u011funu ve bunu uygulamaya koymaktan memnuniyet duyduklar\u0131n\u0131 belirterek, modern bir yasa \u00e7\u0131karacaklar\u0131n\u0131 belirtti.<\/p>\n<p>Faeser, uzun s\u00fcredir Alman toplumunun bir par\u00e7as\u0131 olan insanlar\u0131n, \u00fclkeyi \u015fekillendirmesini istediklerini aktararak, \u201cG\u00f6\u00e7menler art\u0131k kimliklerinin bir k\u0131sm\u0131ndan vazge\u00e7meye zorlanmayacak. Dolay\u0131s\u0131yla gecikmi\u015f bir paradigma de\u011fi\u015fimini ger\u00e7ekle\u015ftiriyoruz.\u201d dedi.<\/p>\n<p>Ge\u00e7mi\u015fte vatanda\u015fl\u0131k yasas\u0131yla ilgili \u00e7o\u011fu zaman d\u0131\u015flama ve \u00f6n yarg\u0131lar \u00e7er\u00e7evesinde tart\u0131\u015fmalar yap\u0131ld\u0131\u011f\u0131n\u0131 an\u0131msatan Faeser, \u201cBu tart\u0131\u015fmalar uzun s\u00fcre \u00fclkede ya\u015fayan ve bizim refah\u0131m\u0131za katk\u0131 sa\u011flayan insanlar\u0131n \u00fczerinden yap\u0131ld\u0131. Bu tart\u0131\u015fmalar y\u00fcz\u00fcnden bu insanlar\u0131n topluma ait olmas\u0131na izin verilmedi. Bunu \u015fimdi de\u011fi\u015ftiriyoruz.\u201d ifadelerini kulland\u0131.<\/p>\n<p><strong>\u2018EKONOM\u0130N\u0130N DE \u0130HT\u0130YACI\u00a0 VAR\u2019<\/strong><\/p>\n<p>Faeser, Alman ekonomisin de bu yasaya ihtiya\u00e7 duydu\u011funu vurgulayarak, \u201cEn iyi beyinler i\u00e7in k\u00fcresel bir rekabetin i\u00e7indeyiz. Pek \u00e7ok alanda vas\u0131fl\u0131 \u00e7al\u0131\u015fanlara ihtiyac\u0131m\u0131z var. En iyi beyinleri gelecekte toplumumuzun bir par\u00e7as\u0131 haline getirebilirsek kazanabiliriz.\u201d de\u011ferlendirmesinde bulundu.<\/p>\n<p>Yasa tasar\u0131s\u0131n\u0131n gelecek aylarda Federal Meclis\u2019te (Bundestag) onayland\u0131ktan sonra yasala\u015fmas\u0131 \u00f6ng\u00f6r\u00fcl\u00fcyor.<\/p>\n<p>\u0130\u00e7i\u015fleri Bakanl\u0131\u011f\u0131n\u0131n verilerine g\u00f6re Almanya&#8217;da 12 milyondan fazla ki\u015fi, yabanc\u0131 vatanda\u015fl\u0131\u011f\u0131na sahip. Bunlar\u0131n yakla\u015f\u0131k 5,3 milyonu \u00fclkede en az 10 y\u0131ldan beri ikamet ediyor.<br \/>2022 y\u0131l\u0131nda 168 bin 545 ki\u015fi Alman vatanda\u015fl\u0131\u011f\u0131na ge\u00e7mek i\u00e7in ba\u015fvuruda bulundu. (AA)<\/p>\n","protected":false},"excerpt":{"rendered":"<p>Alman h\u00fck\u00fcmeti, \u00e7ifte vatanda\u015fl\u0131k imkan\u0131n\u0131 herkese tan\u0131yacak yasa tasar\u0131s\u0131n\u0131 onaylad\u0131.<\/p>\n","protected":false},"author":1,"featured_media":117722,"comment_status":"closed","ping_status":"open","sticky":false,"template":"","format":"standard","meta":{"footnotes":""},"categories":[24],"tags":[688,160,826,1029,597],"class_list":["post-117721","post","type-post","status-publish","format-standard","has-post-thumbnail","hentry","category-dunya","tag-alman","tag-ulke","tag-vatandas","tag-yabanci","tag-yasa"],"_links":{"self":[{"href":"https:\/\/haberulus.net\/index.php?rest_route=\/wp\/v2\/posts\/117721","targetHints":{"allow":["GET"]}}],"collection":[{"href":"https:\/\/haberulus.net\/index.php?rest_route=\/wp\/v2\/posts"}],"about":[{"href":"https:\/\/haberulus.net\/index.php?rest_route=\/wp\/v2\/types\/post"}],"author":[{"embeddable":true,"href":"https:\/\/haberulus.net\/index.php?rest_route=\/wp\/v2\/users\/1"}],"replies":[{"embeddable":true,"href":"https:\/\/haberulus.net\/index.php?rest_route=%2Fwp%2Fv2%2Fcomments&post=117721"}],"version-history":[{"count":1,"href":"https:\/\/haberulus.net\/index.php?rest_route=\/wp\/v2\/posts\/117721\/revisions"}],"predecessor-version":[{"id":117723,"href":"https:\/\/haberulus.net\/index.php?rest_route=\/wp\/v2\/posts\/117721\/revisions\/117723"}],"wp:featuredmedia":[{"embeddable":true,"href":"https:\/\/haberulus.net\/index.php?rest_route=\/wp\/v2\/media\/117722"}],"wp:attachment":[{"href":"https:\/\/haberulus.net\/index.php?rest_route=%2Fwp%2Fv2%2Fmedia&parent=117721"}],"wp:term":[{"taxonomy":"category","embeddable":true,"href":"https:\/\/haberulus.net\/index.php?rest_route=%2Fwp%2Fv2%2Fcategories&post=117721"},{"taxonomy":"post_tag","embeddable":true,"href":"https:\/\/haberulus.net\/index.php?rest_route=%2Fwp%2Fv2%2Ftags&post=117721"}],"curies":[{"name":"wp","href":"https:\/\/api.w.org\/{rel}","templated":true}]}}