{"id":117775,"date":"2023-08-23T15:21:02","date_gmt":"2023-08-23T15:21:02","guid":{"rendered":"https:\/\/haberulus.net\/?p=117775"},"modified":"2023-08-23T15:21:02","modified_gmt":"2023-08-23T15:21:02","slug":"danimarkanin-ankara-buyukelciligi-maslahatguzari-disislerine-cagrildi-2","status":"publish","type":"post","link":"https:\/\/haberulus.net\/?p=117775","title":{"rendered":"Danimarka\u2019n\u0131n Ankara B\u00fcy\u00fckel\u00e7ili\u011fi Maslahatg\u00fczar\u0131, D\u0131\u015fi\u015fleri\u2019ne \u00e7a\u011fr\u0131ld\u0131"},"content":{"rendered":"<p>T\u00fcrkiye\u2019nin Kopenhag B\u00fcy\u00fckel\u00e7ili\u011fi ile baz\u0131 M\u00fcsl\u00fcman \u00fclkelerin b\u00fcy\u00fckel\u00e7ilikleri \u00f6n\u00fcnde Kur\u2019an-\u0131 Kerim\u2019in yak\u0131lmas\u0131 eylemlerine devam edilmesi \u00fczerine, Danimarka\u2019n\u0131n Ankara B\u00fcy\u00fckel\u00e7ili\u011fi Maslahatg\u00fczar\u0131, d\u00f6rd\u00fcnc\u00fc kez D\u0131\u015fi\u015fleri Bakanl\u0131\u011f\u0131na \u00e7a\u011fr\u0131ld\u0131.<\/p>\n<p>Maslahatg\u00fczar, 18 A\u011fustos, 21 A\u011fustos ve 22 A\u011fustos\u2019ta da D\u0131\u015fi\u015fleri Bakanl\u0131\u011f\u0131na \u00e7a\u011fr\u0131lm\u0131\u015ft\u0131. (AA)<\/p>\n","protected":false},"excerpt":{"rendered":"<p>Danimarka&#8217;n\u0131n ba\u015fkenti Kopenhag&#8217;da Kur&#8217;an-\u0131 Kerim&#8217;in yak\u0131lmas\u0131 eylemlerine devam edilmesi \u00fczerine Danimarka&#8217;n\u0131n Ankara B\u00fcy\u00fckel\u00e7ili\u011fi Maslahatg\u00fczar\u0131&#8217;n\u0131n, yine D\u0131\u015fi\u015fleri Bakanl\u0131\u011f\u0131na \u00e7a\u011fr\u0131ld\u0131\u011f\u0131 bildirildi.<\/p>\n","protected":false},"author":1,"featured_media":117776,"comment_status":"closed","ping_status":"open","sticky":false,"template":"","format":"standard","meta":{"footnotes":""},"categories":[24],"tags":[],"class_list":["post-117775","post","type-post","status-publish","format-standard","has-post-thumbnail","hentry","category-dunya"],"_links":{"self":[{"href":"https:\/\/haberulus.net\/index.php?rest_route=\/wp\/v2\/posts\/117775","targetHints":{"allow":["GET"]}}],"collection":[{"href":"https:\/\/haberulus.net\/index.php?rest_route=\/wp\/v2\/posts"}],"about":[{"href":"https:\/\/haberulus.net\/index.php?rest_route=\/wp\/v2\/types\/post"}],"author":[{"embeddable":true,"href":"https:\/\/haberulus.net\/index.php?rest_route=\/wp\/v2\/users\/1"}],"replies":[{"embeddable":true,"href":"https:\/\/haberulus.net\/index.php?rest_route=%2Fwp%2Fv2%2Fcomments&post=117775"}],"version-history":[{"count":1,"href":"https:\/\/haberulus.net\/index.php?rest_route=\/wp\/v2\/posts\/117775\/revisions"}],"predecessor-version":[{"id":117777,"href":"https:\/\/haberulus.net\/index.php?rest_route=\/wp\/v2\/posts\/117775\/revisions\/117777"}],"wp:featuredmedia":[{"embeddable":true,"href":"https:\/\/haberulus.net\/index.php?rest_route=\/wp\/v2\/media\/117776"}],"wp:attachment":[{"href":"https:\/\/haberulus.net\/index.php?rest_route=%2Fwp%2Fv2%2Fmedia&parent=117775"}],"wp:term":[{"taxonomy":"category","embeddable":true,"href":"https:\/\/haberulus.net\/index.php?rest_route=%2Fwp%2Fv2%2Fcategories&post=117775"},{"taxonomy":"post_tag","embeddable":true,"href":"https:\/\/haberulus.net\/index.php?rest_route=%2Fwp%2Fv2%2Ftags&post=117775"}],"curies":[{"name":"wp","href":"https:\/\/api.w.org\/{rel}","templated":true}]}}