{"id":117796,"date":"2023-08-23T16:35:03","date_gmt":"2023-08-23T16:35:03","guid":{"rendered":"https:\/\/haberulus.net\/?p=117796"},"modified":"2023-08-23T16:35:03","modified_gmt":"2023-08-23T16:35:03","slug":"abden-ukrayna-aciklamasi-muzakereler-basliyor","status":"publish","type":"post","link":"https:\/\/haberulus.net\/?p=117796","title":{"rendered":"AB\u2019den Ukrayna a\u00e7\u0131klamas\u0131: M\u00fczakereler ba\u015fl\u0131yor"},"content":{"rendered":"<p>Avrupa Birli\u011fi (AB) Konseyi Ba\u015fkan\u0131 Michel, Ukrayna\u2019n\u0131n ba\u015fkenti Kiev\u2019de d\u00fczenlenen K\u0131r\u0131m Platformu Zirvesi\u2019ne video mesaj ile kat\u0131ld\u0131.<\/p>\n<p>Rusya\u2019n\u0131n Ukrayna\u2019y\u0131 i\u015fgali i\u00e7in K\u0131r\u0131m\u2019\u0131 \u201cstratejik bir s\u0131\u00e7rama tahtas\u0131\u201d olarak kulland\u0131\u011f\u0131n\u0131 belirten Michel, 9 y\u0131ld\u0131r K\u0131r\u0131m\u2019da uygulad\u0131\u011f\u0131 \u201cter\u00f6r ve zulm\u00fc\u201d halihaz\u0131rda Ukrayna\u2019n\u0131n tamam\u0131ndaki \u015fehir ve k\u00f6ylerde uygulad\u0131\u011f\u0131n\u0131 vurgulad\u0131.<\/p>\n<p>Michel, \u201cAB, K\u0131r\u0131m ve Sivastopol da dahil olmak \u00fczere Ukrayna topraklar\u0131n\u0131n stat\u00fcs\u00fcn\u00fc de\u011fi\u015ftirmeye y\u00f6nelik herhangi bir yasa d\u0131\u015f\u0131 giri\u015fimi tan\u0131mayacakt\u0131r.\u201d diyerek, bu \u00fclkenin egemenli\u011fi ve toprak b\u00fct\u00fcnl\u00fc\u011f\u00fcne verilen \u00f6nemin alt\u0131n\u0131 \u00e7izdi.<\/p>\n<p>AB\u2019nin Ukrayna\u2019y\u0131 mali ve askeri y\u00f6nden desteklemeye devam edece\u011fini aktaran Michel, \u201c\u00d6zg\u00fcrl\u00fck m\u00fccadelenizde yan\u0131n\u0131zday\u0131z ve \u00fclkenizi yeniden in\u015fa ederken de yan\u0131n\u0131zda olaca\u011f\u0131z. Ukrayna\u2019ya toplam deste\u011fimiz 76 milyar avronun \u00fczerindedir. Yakla\u015f\u0131k 50 milyar avro tutar\u0131nda \u00e7ok y\u0131ll\u0131 bir finansman plan\u0131 haz\u0131rl\u0131yoruz.\u201d ifadelerini kulland\u0131.<\/p>\n<p><strong>T\u00dcRK\u0130YE VE BM\u2019YE DESTEK<\/strong><\/p>\n<p>Michel, AB\u2019nin Karadeniz Tah\u0131l Anla\u015fmas\u0131 i\u00e7in T\u00fcrkiye ve Birle\u015fmi\u015f Milletler\u2019in (BM) \u00e7abalar\u0131n\u0131 desteklemeye devam edece\u011fine i\u015faret ederken, Ukrayna tar\u0131m \u00fcr\u00fcnlerinin k\u00fcresel pazarlara sunulmas\u0131na yard\u0131mc\u0131 olmak i\u00e7in de AB\u2019nin imkanlar\u0131n\u0131 kulland\u0131klar\u0131n\u0131 bildirdi.<\/p>\n<p>AB Konseyi Ba\u015fkan\u0131, Ukrayna halk\u0131na \u015fu mesaj\u0131 verdi:<\/p>\n<p>\u201cGe\u00e7en y\u0131l Ukrayna AB aday stat\u00fcs\u00fcn\u00fc ald\u0131. Dolay\u0131s\u0131yla AB gelece\u011finiz art\u0131k \u2018olup olmayaca\u011f\u0131\u2019 de\u011fil, ne zaman olaca\u011f\u0131 sorusudur. Bu y\u0131l\u0131n sonlar\u0131nda AB Konseyi kat\u0131l\u0131m m\u00fczakerelerinin ba\u015flat\u0131lmas\u0131 olas\u0131l\u0131\u011f\u0131n\u0131 tart\u0131\u015facak. Ukrayna halk\u0131n\u0131n ve liderlerinin bu tarihi f\u0131rsat\u0131 yakalayaca\u011f\u0131ndan eminim. Ki\u015fisel deste\u011fime g\u00fcvenebilirsiniz. AB\u2019ye g\u00fcvenebilirsiniz. Ne kadar s\u00fcrerse s\u00fcrs\u00fcn, yan\u0131n\u0131zda olaca\u011f\u0131z.\u201d (AA)<\/p>\n","protected":false},"excerpt":{"rendered":"<p>Avrupa Birli\u011fi (AB) Konseyi Ba\u015fkan\u0131 Charles Michel, AB&#8217;nin Ukrayna&#8217;n\u0131n toprak b\u00fct\u00fcnl\u00fc\u011f\u00fcne ve egemenli\u011fine deste\u011fini yineleyerek, kat\u0131l\u0131m m\u00fczakerelerinin ba\u015flat\u0131lmas\u0131n\u0131n y\u0131l sonunda g\u00f6r\u00fc\u015f\u00fclece\u011fini bildirdi.<\/p>\n","protected":false},"author":1,"featured_media":117797,"comment_status":"closed","ping_status":"open","sticky":false,"template":"","format":"standard","meta":{"footnotes":""},"categories":[24],"tags":[7000,38],"class_list":["post-117796","post","type-post","status-publish","format-standard","has-post-thumbnail","hentry","category-dunya","tag-michel","tag-ukrayna"],"_links":{"self":[{"href":"https:\/\/haberulus.net\/index.php?rest_route=\/wp\/v2\/posts\/117796","targetHints":{"allow":["GET"]}}],"collection":[{"href":"https:\/\/haberulus.net\/index.php?rest_route=\/wp\/v2\/posts"}],"about":[{"href":"https:\/\/haberulus.net\/index.php?rest_route=\/wp\/v2\/types\/post"}],"author":[{"embeddable":true,"href":"https:\/\/haberulus.net\/index.php?rest_route=\/wp\/v2\/users\/1"}],"replies":[{"embeddable":true,"href":"https:\/\/haberulus.net\/index.php?rest_route=%2Fwp%2Fv2%2Fcomments&post=117796"}],"version-history":[{"count":1,"href":"https:\/\/haberulus.net\/index.php?rest_route=\/wp\/v2\/posts\/117796\/revisions"}],"predecessor-version":[{"id":117798,"href":"https:\/\/haberulus.net\/index.php?rest_route=\/wp\/v2\/posts\/117796\/revisions\/117798"}],"wp:featuredmedia":[{"embeddable":true,"href":"https:\/\/haberulus.net\/index.php?rest_route=\/wp\/v2\/media\/117797"}],"wp:attachment":[{"href":"https:\/\/haberulus.net\/index.php?rest_route=%2Fwp%2Fv2%2Fmedia&parent=117796"}],"wp:term":[{"taxonomy":"category","embeddable":true,"href":"https:\/\/haberulus.net\/index.php?rest_route=%2Fwp%2Fv2%2Fcategories&post=117796"},{"taxonomy":"post_tag","embeddable":true,"href":"https:\/\/haberulus.net\/index.php?rest_route=%2Fwp%2Fv2%2Ftags&post=117796"}],"curies":[{"name":"wp","href":"https:\/\/api.w.org\/{rel}","templated":true}]}}