{"id":117805,"date":"2023-08-23T16:51:03","date_gmt":"2023-08-23T16:51:03","guid":{"rendered":"https:\/\/haberulus.net\/?p=117805"},"modified":"2023-08-23T16:51:03","modified_gmt":"2023-08-23T16:51:03","slug":"almanya-stajyer-bulmakta-zorluk-yasiyor","status":"publish","type":"post","link":"https:\/\/haberulus.net\/?p=117805","title":{"rendered":"Almanya stajyer bulmakta zorluk ya\u015f\u0131yor"},"content":{"rendered":"<p>Almanya Sanayi ve Ticaret Odalar\u0131 Birli\u011fi\u2019nin (DIHK) 14 binden fazla Alman sanayi \u015firketiyle yapt\u0131\u011f\u0131 \u201cstajyer e\u011fitimlerine\u201d ili\u015fkin anketin sonu\u00e7lar\u0131n\u0131 yay\u0131nlad\u0131.<\/p>\n<p>Buna g\u00f6re, Alman \u015firketlerinin y\u00fczde 47&#8217;si stajyer bulmakta zorluk \u00e7ektiklerini belirtti. Bu oran, anketin yap\u0131ld\u0131\u011f\u0131 2005&#8217;ten beri g\u00f6r\u00fclen en y\u00fcksek oran oldu.<\/p>\n<p>DIHK anket verilerine g\u00f6re, bo\u015f stajyer kontenjanlar\u0131n\u0131 dolduramayan \u015firketlerin y\u00fczde 37\u2019si tek bir ba\u015fvuru bile almad\u0131.<\/p>\n<p>S\u00f6z konusu stajyer bulamama s\u0131k\u0131nt\u0131s\u0131n\u0131n \u00f6zellikle oteller ve restoranlar ile sanayi ve ticaret sekt\u00f6rlerinde yo\u011funla\u015ft\u0131\u011f\u0131 belirtildi. Stajyer s\u0131k\u0131nt\u0131s\u0131n\u0131n otel ve restoranlar\u0131n y\u00fczde 62\u2019sini etkiledi\u011fi ifade edildi.<\/p>\n<p>DIHK&#8217;\u0131n bulgular\u0131na g\u00f6re, \u00fclkede okulu bitiren \u00f6\u011frenci say\u0131s\u0131 10 y\u0131l \u00f6ncesine g\u00f6re yakla\u015f\u0131k 100 bin daha az. Bunun da yak\u0131nda i\u015f g\u00fcc\u00fc piyasas\u0131ndan ayr\u0131lanlar\u0131n say\u0131s\u0131n\u0131n, girenlerden 400 bin daha fazla olaca\u011f\u0131 anlam\u0131na geldi\u011fi belirtildi.<\/p>\n<p><strong>\u201cMESLEK\u0130 Y\u00d6NLEND\u0130RME EKS\u0130KL\u0130\u011e\u0130 E\u011e\u0130T\u0130M P\u0130YASASI \u0130\u00c7\u0130N \u0130K\u0130NC\u0130 B\u00dcY\u00dcK SORUN\u201d<\/strong><\/p>\n<p>DIHK Genel M\u00fcd\u00fcr Yard\u0131mc\u0131s\u0131 Achim Dercks, konuya ili\u015fkin de\u011ferlendirmesinde, \u201cHer \u015feyden \u00f6nce demografik de\u011fi\u015fimin etkisi var. Bir ba\u015fka sorun da okulu bitirdikten sonra bir\u00e7ok gencin hen\u00fcz ne yapaca\u011f\u0131n\u0131 bilmedi\u011fi bir ara a\u015fama da var. Seyahat ediyorlar, e\u011fitime devam ediyorlar ya da i\u015fsiz olarak evde kal\u0131yorlar. Bu nedenle mesleki y\u00f6nlendirme eksikli\u011fi, e\u011fitim piyasas\u0131 i\u00e7in ikinci b\u00fcy\u00fck sorundur.\u201d ifadesini kulland\u0131.<\/p>\n<p>Bu y\u0131l\u0131n ilk alt\u0131 ay\u0131nda yakla\u015f\u0131k 207 bin stajyerlik s\u00f6zle\u015fmesi imzaland\u0131\u011f\u0131 bilgisini veren Dercks, bunun ge\u00e7en y\u0131l\u0131n ayn\u0131 d\u00f6nemine g\u00f6re y\u00fczde 3,7 art\u0131\u015f anlam\u0131na geldi\u011fini bildirdi. Dercks, s\u00f6z konusu anketin \u201cendi\u015fe\u201d verici sonu\u00e7lar\u0131na ra\u011fmen Temmuz 2023 sonu itibar\u0131yla imzalanan stajyer s\u00f6zle\u015fmelerine ili\u015fkin mevcut rakamlar\u0131n biraz olumlu oldu\u011funu da belirtti.<\/p>\n<p>Alman \u015firketler mesleki e\u011fitim sayesinde kalifiye eleman bulurken, Alman ekonomisindeki b\u00fcy\u00fcme ve n\u00fcfusun ya\u015flanmas\u0131n\u0131n etkisiyle \u00fclkede bir\u00e7ok sekt\u00f6rde i\u015f g\u00fcc\u00fc a\u00e7\u0131\u011f\u0131 mevcut. (AA)<\/p>\n","protected":false},"excerpt":{"rendered":"<p>Almanya&#8217;da demografik de\u011fi\u015fiklikler nedeniyle giderek artan say\u0131da Alman \u015firketinin stajyer bulma s\u0131k\u0131nt\u0131s\u0131yla kar\u015f\u0131 kar\u015f\u0131ya oldu\u011fu bildirildi.<\/p>\n","protected":false},"author":1,"featured_media":117806,"comment_status":"closed","ping_status":"open","sticky":false,"template":"","format":"standard","meta":{"footnotes":""},"categories":[24],"tags":[688,1831,13671],"class_list":["post-117805","post","type-post","status-publish","format-standard","has-post-thumbnail","hentry","category-dunya","tag-alman","tag-egitim","tag-stajyer"],"_links":{"self":[{"href":"https:\/\/haberulus.net\/index.php?rest_route=\/wp\/v2\/posts\/117805","targetHints":{"allow":["GET"]}}],"collection":[{"href":"https:\/\/haberulus.net\/index.php?rest_route=\/wp\/v2\/posts"}],"about":[{"href":"https:\/\/haberulus.net\/index.php?rest_route=\/wp\/v2\/types\/post"}],"author":[{"embeddable":true,"href":"https:\/\/haberulus.net\/index.php?rest_route=\/wp\/v2\/users\/1"}],"replies":[{"embeddable":true,"href":"https:\/\/haberulus.net\/index.php?rest_route=%2Fwp%2Fv2%2Fcomments&post=117805"}],"version-history":[{"count":1,"href":"https:\/\/haberulus.net\/index.php?rest_route=\/wp\/v2\/posts\/117805\/revisions"}],"predecessor-version":[{"id":117807,"href":"https:\/\/haberulus.net\/index.php?rest_route=\/wp\/v2\/posts\/117805\/revisions\/117807"}],"wp:featuredmedia":[{"embeddable":true,"href":"https:\/\/haberulus.net\/index.php?rest_route=\/wp\/v2\/media\/117806"}],"wp:attachment":[{"href":"https:\/\/haberulus.net\/index.php?rest_route=%2Fwp%2Fv2%2Fmedia&parent=117805"}],"wp:term":[{"taxonomy":"category","embeddable":true,"href":"https:\/\/haberulus.net\/index.php?rest_route=%2Fwp%2Fv2%2Fcategories&post=117805"},{"taxonomy":"post_tag","embeddable":true,"href":"https:\/\/haberulus.net\/index.php?rest_route=%2Fwp%2Fv2%2Ftags&post=117805"}],"curies":[{"name":"wp","href":"https:\/\/api.w.org\/{rel}","templated":true}]}}