{"id":117979,"date":"2023-08-24T07:05:03","date_gmt":"2023-08-24T07:05:03","guid":{"rendered":"https:\/\/haberulus.net\/?p=117979"},"modified":"2023-08-24T07:05:03","modified_gmt":"2023-08-24T07:05:03","slug":"eris-varyanti-belirtileri-neler-turkiyede-goruldu-mu","status":"publish","type":"post","link":"https:\/\/haberulus.net\/?p=117979","title":{"rendered":"Eris varyant\u0131 belirtileri neler, T\u00fcrkiye\u2019de g\u00f6r\u00fcld\u00fc m\u00fc?"},"content":{"rendered":"<p>\u0130lk kez 2023 y\u0131l\u0131n\u0131n \u015fubat ay\u0131nda Endonezya&#8217;da tespit edilen eris varyant\u0131 ba\u015fta Amerika ve Avrupa \u00fclkeleri olmak \u00fczere vaka say\u0131lar\u0131nda art\u0131\u015fa neden oldu. Belirtileri a\u00e7\u0131s\u0131nda di\u011fer varyantlardan farkl\u0131 olmaya eris varyant\u0131n\u0131 D\u00fcnya Sa\u011fl\u0131k \u00d6rg\u00fct\u00fc (DS\u00d6), 9 A\u011fustos&#8217;ta \u201cizlenmesi gereken varyant\u201d stat\u00fcs\u00fcne ald\u0131\u011f\u0131n\u0131 duyurmu\u015ftu.<\/p>\n<p><b>ER\u0130S V\u0130R\u00dcS\u00dc NED\u0130R?<\/b><\/p>\n<p>Eris , vir\u00fcs\u00fcn EG.5.1 t\u00fcr\u00fcd\u00fcr ve Omicron&#8217;un bir \u00e7e\u015fididir.<\/p>\n<p>\u0130lk olarak 17 \u015eubat 2023\u2019te bildirilen EG.5 varyant\u0131 (ER\u0130S), 2021\u2019in sonlar\u0131nda g\u00f6r\u00fclmeye ba\u015flayan ve o zamandan beri birka\u00e7 mutasyona u\u011frayan Omicron\u2019un alt varyant\u0131d\u0131r. D\u00fcnya Sa\u011fl\u0131k \u00d6rg\u00fct\u00fc (DS\u00d6) taraf\u0131ndan, 19 Temmuz 2023\u2019te izlenen varyant (Variant Under Monitoring-VUM) olarak belirlendi. DS\u00d6, 9 A\u011fustos 2023 tarihinde yap\u0131lan \u0130lk Risk De\u011ferlendirmesine g\u00f6re EG.5\u2019i ve onun alt t\u00fcrlerini bir ilgi varyant\u0131 (Variant Of Interest-VOI) olarak belirledi\u011fini bildirdi ve sa\u011fl\u0131k yetkililerine bula\u015fmas\u0131n\u0131 dikkatle izlemelerini tavsiye etti.<\/p>\n<p><b>ER\u0130S BEL\u0130RT\u0130LER\u0130 NELER?<\/b><\/p>\n<p>.<br \/>Eris varyant\u0131 belirtileri, di\u011fer corona vir\u00fcs belirtilerinde oldu\u011fu gibi benzer semptomlar g\u00f6r\u00fcl\u00fcyor. Eris varyant\u0131 belirtileri aras\u0131nda kuru \u00f6ks\u00fcr\u00fck, ba\u015f a\u011fr\u0131s\u0131, burun ak\u0131nt\u0131s\u0131, burun t\u0131kan\u0131kl\u0131\u011f\u0131, eklem a\u011fr\u0131s\u0131, g\u00f6zlerinin arkas\u0131ndaki a\u011fr\u0131, halsizlik yer al\u0131yor.<\/p>\n<p><img decoding=\"async\" src=\"https:\/\/i01.sozcucdn.com\/wp-content\/uploads\/2023\/08\/24\/omicron-belirtileri-shu-3.jpg\" alt=\"\" title=\"\"><\/p>\n<p><b>ER\u0130S VARYANTI T\u00dcRK\u0130YE\u2019DE G\u00d6R\u00dcLD\u00dc M\u00dc?<\/b><\/p>\n<p>Sa\u011fl\u0131k Bakan\u0131 Fahrettin Koca, Kovid-19&#8217;un yeni varyant\u0131 eris varyat\u0131n\u0131n T\u00fcrkiye\u2019de g\u00f6r\u00fclmedi\u011fini a\u00e7\u0131klad\u0131.<\/p>\n<p>Bakan Koca s\u00f6zlerine \u015fu \u015fekilde devam etti.<\/p>\n<p>-\u00d6zellikle son g\u00fcnlerde yurt d\u0131\u015f\u0131nda g\u00f6r\u00fcld\u00fc\u011f\u00fcne dair \u00e7ok yo\u011fun bilgiler var. T\u00fcrkiye&#8217;mizde bu ve benzeri bir varyant g\u00f6r\u00fclmedi.<\/p>\n<p>-Bu g\u00f6r\u00fclen varyantlar sak\u0131n ha bizi asla endi\u015felendirmesin ve asla eski kapand\u0131\u011f\u0131m\u0131z d\u00f6nemlere ge\u00e7me gibi bir durum s\u00f6z konusu de\u011fil. Ve halen Kovid g\u00f6r\u00fcl\u00fcyor mu?<\/p>\n<p>-Evet g\u00f6r\u00fcl\u00fcyor. D\u00fcnyada g\u00f6r\u00fcl\u00fcyor mu? Evet g\u00f6r\u00fcl\u00fcyor. G\u00f6r\u00fcld\u00fc\u011f\u00fc halde D\u00fcnya Sa\u011fl\u0131k \u00d6rg\u00fct\u00fcne art\u0131k bildiriliyor mu? Bildirilmiyor. Bu d\u00f6nemde giderek mutasyonlarla her ge\u00e7en g\u00fcn etkinli\u011fi daha da azalan bir varyant d\u00f6nemi g\u00f6r\u00fcyoruz. O nedenle vir\u00fclans\u0131 artan hastane yat\u0131\u015f\u0131 daha da artt\u0131ran herhangi bir durum s\u00f6z konusu de\u011fil.<\/p>\n<p>-Vatanda\u015f\u0131m\u0131z m\u00fcsterih olsun, endi\u015felenmesin. Genel koruma, tedbirimiz griple ilgili nas\u0131lsa bundan sonraki s\u00fcre\u00e7te ayn\u0131 \u015fekilde olmal\u0131.<\/p>\n<p><b>ER\u0130S VARYANTI SONBAHARDA ARTAB\u0130L\u0130R<\/b><\/p>\n<p>Sonbaharla birlikte havalar\u0131n so\u011fumas\u0131, insanlar\u0131n kapal\u0131 ve kalabal\u0131k ortamlarda daha fazla zaman ge\u00e7irmesine neden oluyor. Maske takma zorunlulu\u011fu ortadan kalkt\u0131\u011f\u0131 i\u00e7in de di\u011fer solunum yolu etkenleri ile g\u00f6r\u00fclen hastal\u0131klarla birlikte Covid de g\u00f6r\u00fclebilir. \u0130ngiltere sonbaharda a\u015f\u0131lama program\u0131n\u0131n yap\u0131laca\u011f\u0131 bildirildi.<\/p>\n<p>T\u00fcrkiye\u2019de ve di\u011fer \u00fclkelerde nas\u0131l bir y\u00f6ntem izlenecek hen\u00fcz ilgili bir kesin bir bilgi yok.<\/p>\n","protected":false},"excerpt":{"rendered":"<p>Eris varyant\u0131, omicron varyant\u0131n\u0131n alt t\u00fcr\u00fc olarak 50&#8217;yi a\u015fk\u0131n \u00fclkede g\u00f6r\u00fcld\u00fc. Hen\u00fcz T\u00fcrkiye&#8217;de g\u00f6r\u00fclmeyen eris vir\u00fcs\u00fc nedeniyle vaka say\u0131s\u0131nda son \u00fc\u00e7 aya g\u00f6re yakla\u015f\u0131k y\u00fczde 80 art\u0131\u015f ya\u015fan\u0131yor. Omicron varyant\u0131na benzer olan eris varyant\u0131 belirtileri aras\u0131nda ba\u015f a\u011fr\u0131s\u0131, kuru \u00f6ks\u00fcr\u00fck, burun ak\u0131nt\u0131s\u0131 ve eklem a\u011fr\u0131s\u0131 g\u00f6r\u00fcl\u00fcyor.<\/p>\n","protected":false},"author":1,"featured_media":117980,"comment_status":"closed","ping_status":"open","sticky":false,"template":"","format":"standard","meta":{"footnotes":""},"categories":[30],"tags":[2193,13680,177,1586,1203],"class_list":["post-117979","post","type-post","status-publish","format-standard","has-post-thumbnail","hentry","category-saglik","tag-belirtileri","tag-goruluyor","tag-saglik","tag-varyant","tag-varyanti"],"_links":{"self":[{"href":"https:\/\/haberulus.net\/index.php?rest_route=\/wp\/v2\/posts\/117979","targetHints":{"allow":["GET"]}}],"collection":[{"href":"https:\/\/haberulus.net\/index.php?rest_route=\/wp\/v2\/posts"}],"about":[{"href":"https:\/\/haberulus.net\/index.php?rest_route=\/wp\/v2\/types\/post"}],"author":[{"embeddable":true,"href":"https:\/\/haberulus.net\/index.php?rest_route=\/wp\/v2\/users\/1"}],"replies":[{"embeddable":true,"href":"https:\/\/haberulus.net\/index.php?rest_route=%2Fwp%2Fv2%2Fcomments&post=117979"}],"version-history":[{"count":1,"href":"https:\/\/haberulus.net\/index.php?rest_route=\/wp\/v2\/posts\/117979\/revisions"}],"predecessor-version":[{"id":117981,"href":"https:\/\/haberulus.net\/index.php?rest_route=\/wp\/v2\/posts\/117979\/revisions\/117981"}],"wp:featuredmedia":[{"embeddable":true,"href":"https:\/\/haberulus.net\/index.php?rest_route=\/wp\/v2\/media\/117980"}],"wp:attachment":[{"href":"https:\/\/haberulus.net\/index.php?rest_route=%2Fwp%2Fv2%2Fmedia&parent=117979"}],"wp:term":[{"taxonomy":"category","embeddable":true,"href":"https:\/\/haberulus.net\/index.php?rest_route=%2Fwp%2Fv2%2Fcategories&post=117979"},{"taxonomy":"post_tag","embeddable":true,"href":"https:\/\/haberulus.net\/index.php?rest_route=%2Fwp%2Fv2%2Ftags&post=117979"}],"curies":[{"name":"wp","href":"https:\/\/api.w.org\/{rel}","templated":true}]}}