{"id":117994,"date":"2023-08-24T07:21:03","date_gmt":"2023-08-24T07:21:03","guid":{"rendered":"https:\/\/haberulus.net\/?p=117994"},"modified":"2023-08-24T07:21:03","modified_gmt":"2023-08-24T07:21:03","slug":"kuzey-korenin-casus-fuze-denemesi-yine-basarisiz-oldu","status":"publish","type":"post","link":"https:\/\/haberulus.net\/?p=117994","title":{"rendered":"Kuzey Kore\u2019nin casus f\u00fcze denemesi yine ba\u015far\u0131s\u0131z oldu"},"content":{"rendered":"<p>Kuzey Kore, y\u00f6r\u00fcngeye casus uydu yerle\u015ftirmek amac\u0131yla ger\u00e7ekle\u015ftirdi\u011fi ikinci denemenin ba\u015far\u0131s\u0131z oldu\u011funu ve ekimde yeniden bir deneme yap\u0131laca\u011f\u0131n\u0131 duyurdu.<\/p>\n<p>Kuzey Kore Uzay Ajans\u0131, Chollima-1 adl\u0131 ta\u015f\u0131y\u0131c\u0131 roket ile Malligyong-1 uydusunun y\u00f6r\u00fcngeye yerle\u015ftirmek i\u00e7in f\u0131rlat\u0131ld\u0131\u011f\u0131n\u0131 ancak u\u00e7u\u015fun \u00fc\u00e7\u00fcnc\u00fc evresinde acil patlama sisteminin hata vermesinden dolay\u0131 denemenin ba\u015far\u0131s\u0131z oldu\u011funu bildirdi.<\/p>\n<p>Kuzey Kore Ulusal Havac\u0131l\u0131k ve Uzay Geli\u015ftirme \u0130daresi (NADA), y\u00f6r\u00fcngeye casus uydu yerle\u015ftirmek amac\u0131yla ger\u00e7ekle\u015ftirildi\u011fi iddia edilen ba\u015far\u0131s\u0131z giri\u015fimin ard\u0131ndan ekimde yeni bir denemenin planland\u0131\u011f\u0131n\u0131 belirtti.<\/p>\n<p>G\u00fcney Kore ordusu, s\u00f6z konusu f\u00fcze f\u0131rlatma giri\u015fiminin Birle\u015fmi\u015f Milletler G\u00fcvenlik Konseyi (BMGK) kararlar\u0131n\u0131 ihlal etti\u011fini belirtti. Japonya Kabine Ba\u015f Sekreteri Hirokazu Matsuno ise giri\u015fimi \u201cbar\u0131\u015fa ve istikrara bir tehdit\u201d olarak tan\u0131mlad\u0131.<\/p>\n<p>Kuzey Kore, 31 May\u0131s\u2019ta askeri casus uydu f\u0131rlatma giri\u015fiminde bulunmu\u015f, deneme, ta\u015f\u0131y\u0131c\u0131 roket sistemindeki ar\u0131za nedeniyle ba\u015far\u0131s\u0131z olmu\u015ftu. Pyongyang y\u00f6netimi, bu denemeyi y\u0131l\u0131n ilk yar\u0131s\u0131ndaki \u201cen ciddi hata\u201d olarak tan\u0131mlam\u0131\u015ft\u0131. Kuzey Kore, uluslararas\u0131 k\u0131namalara ra\u011fmen k\u0131sa s\u00fcrede uydunun yeniden \u201cdo\u011fru \u015fekilde\u201d f\u0131rlat\u0131laca\u011f\u0131n\u0131 duyurmu\u015ftu. (AA)<\/p>\n","protected":false},"excerpt":{"rendered":"<p>Kuzey Kore, ikinci casus f\u00fcze f\u0131rlatma giri\u015fiminin ba\u015far\u0131s\u0131z oldu\u011funu a\u00e7\u0131klad\u0131.<\/p>\n","protected":false},"author":1,"featured_media":117995,"comment_status":"closed","ping_status":"open","sticky":false,"template":"","format":"standard","meta":{"footnotes":""},"categories":[24],"tags":[188,13511,2351,932],"class_list":["post-117994","post","type-post","status-publish","format-standard","has-post-thumbnail","hentry","category-dunya","tag-bas","tag-deneme","tag-kuzey-kore","tag-uydu"],"_links":{"self":[{"href":"https:\/\/haberulus.net\/index.php?rest_route=\/wp\/v2\/posts\/117994","targetHints":{"allow":["GET"]}}],"collection":[{"href":"https:\/\/haberulus.net\/index.php?rest_route=\/wp\/v2\/posts"}],"about":[{"href":"https:\/\/haberulus.net\/index.php?rest_route=\/wp\/v2\/types\/post"}],"author":[{"embeddable":true,"href":"https:\/\/haberulus.net\/index.php?rest_route=\/wp\/v2\/users\/1"}],"replies":[{"embeddable":true,"href":"https:\/\/haberulus.net\/index.php?rest_route=%2Fwp%2Fv2%2Fcomments&post=117994"}],"version-history":[{"count":1,"href":"https:\/\/haberulus.net\/index.php?rest_route=\/wp\/v2\/posts\/117994\/revisions"}],"predecessor-version":[{"id":117996,"href":"https:\/\/haberulus.net\/index.php?rest_route=\/wp\/v2\/posts\/117994\/revisions\/117996"}],"wp:featuredmedia":[{"embeddable":true,"href":"https:\/\/haberulus.net\/index.php?rest_route=\/wp\/v2\/media\/117995"}],"wp:attachment":[{"href":"https:\/\/haberulus.net\/index.php?rest_route=%2Fwp%2Fv2%2Fmedia&parent=117994"}],"wp:term":[{"taxonomy":"category","embeddable":true,"href":"https:\/\/haberulus.net\/index.php?rest_route=%2Fwp%2Fv2%2Fcategories&post=117994"},{"taxonomy":"post_tag","embeddable":true,"href":"https:\/\/haberulus.net\/index.php?rest_route=%2Fwp%2Fv2%2Ftags&post=117994"}],"curies":[{"name":"wp","href":"https:\/\/api.w.org\/{rel}","templated":true}]}}