{"id":118006,"date":"2023-08-24T07:35:09","date_gmt":"2023-08-24T07:35:09","guid":{"rendered":"https:\/\/haberulus.net\/?p=118006"},"modified":"2023-08-24T07:35:09","modified_gmt":"2023-08-24T07:35:09","slug":"aymeric-laporte-manchester-cityden-ayrildigini-duyurdu-al-nassr-ile-anlasti","status":"publish","type":"post","link":"https:\/\/haberulus.net\/?p=118006","title":{"rendered":"Aymeric Laporte, Manchester City\u2019den ayr\u0131ld\u0131\u011f\u0131n\u0131 duyurdu: Al Nassr ile anla\u015ft\u0131"},"content":{"rendered":"<p>Manchester City\u2019nin savunma oyuncusu Aymeric Laporte sosyal medyada payla\u015ft\u0131\u011f\u0131 bir video ile kul\u00fcpten ayr\u0131ld\u0131\u011f\u0131n\u0131 duyurdu.<\/p>\n<p>Laporte\u2019nin \u0130ngiltere\u2019de ge\u00e7irdi\u011fi be\u015f bu\u00e7uk y\u0131l\u0131n ard\u0131ndan Al-Nassr\u2019a kat\u0131lmay\u0131 kabul etti\u011fi bildirildi. \u0130spanyol oyuncu, ge\u00e7en ay Al-Ahli\u2019ye transfer olan City\u2019den eski tak\u0131m arkada\u015f\u0131 Riyad Mahrez ile birlikte Suudi Pro Lig kul\u00fcplerinden birine imza atan en son y\u00fcksek profilli oyuncu olacak.<\/p>\n<p>\u201cSevgili City taraftarlar\u0131, bug\u00fcn sizinle bir hikaye payla\u015fmak istiyorum\u201d diyen Laporte, Twitter\u2019da Manchester City\u2019de ge\u00e7irdi\u011fi zaman\u0131n \u00f6nemli anlar\u0131n\u0131 g\u00f6steren bir video yay\u0131nlad\u0131.<\/p>\n<p>Orta saha oyuncusu Laporte sosyal medya payla\u015f\u0131m\u0131na \u015funlar\u0131 da ekledi:<\/p>\n<p>\u201cBu art\u0131k bizim tarihimiz. Te\u015fekk\u00fcrler ve \u00e7ok yak\u0131nda g\u00f6r\u00fc\u015fmek \u00fczere. Be\u015f bu\u00e7uk unutulmaz y\u0131l s\u00fcrd\u00fc. Sonsuza dek kalbime yak\u0131n tutaca\u011f\u0131m pek \u00e7ok an\u0131.\u201d<\/p>\n<blockquote class=\"twitter-tweet\" data-width=\"500\" data-dnt=\"true\">\n<p lang=\"en\" dir=\"ltr\">Dear Cityzens, today I wanted to share a story with you&#8230;<\/p>\n<p>It has lasted for five and a half unforgettable years. Plenty of memories that I will keep forever close to my heart. <a href=\"https:\/\/t.co\/hR2e5CWfVi\" target=\"_blank\">pic.twitter.com\/hR2e5CWfVi<\/a><\/p>\n<p>&mdash; Aymeric Laporte (@Laporte) <a href=\"https:\/\/twitter.com\/Laporte\/status\/1694397594884026619?ref_src=twsrc%5Etfw\" target=\"_blank\" rel=\"noopener\">August 23, 2023<\/a><\/p><\/blockquote>\n<p><script async src=\"https:\/\/platform.twitter.com\/widgets.js\" charset=\"utf-8\"><\/script><\/p>\n<p><b>SON MA\u00c7INA KUL\u00dcBEDE \u00c7IKTI<\/b><\/p>\n<p>Laporte, City formas\u0131yla 180 ma\u00e7a \u00e7\u0131kt\u0131ktan sonra Etihad\u2019dan ayr\u0131lacak ve kul\u00fcp i\u00e7in son ma\u00e7\u0131na Premier Lig\u2019in a\u00e7\u0131l\u0131\u015f g\u00fcn\u00fcnde Burnley kar\u015f\u0131s\u0131nda yedek kul\u00fcbesinde \u00e7\u0131kt\u0131.<\/p>\n<p>Community Shield\u2019de Arsenal\u2019e kar\u015f\u0131 al\u0131nan yenilgi ve UEFA S\u00fcper Kupas\u0131\u2019nda Sevilla\u2019ya kar\u015f\u0131 kazan\u0131lan zaferde yedekler aras\u0131nda yer alan Laporte, ge\u00e7ti\u011fimiz hafta sonu Newcastle kar\u015f\u0131s\u0131nda al\u0131nan galibiyette ma\u00e7 kadrosunda yer almad\u0131.<\/p>\n<p>RB Leipzig\u2019den Josko Gvardiol\u2019un geli\u015fi Laporte\u2019yi City\u2019deki s\u0131ralamada daha da a\u015fa\u011f\u0131ya itti.<\/p>\n<p><b>SUUD\u0130 TAKIMLARIN TRANSFERLER\u0130 B\u0130TM\u0130YOR\u2026<\/b><\/p>\n<p>Suudi Arabistan Kamu Yat\u0131r\u0131m Fonu\u2019nun g\u00fc\u00e7l\u00fc transfer hamlesi, tamam\u0131 PIF\u2019e ait olan Suudi Pro Lig tak\u0131mlar\u0131n\u0131n bu yaz d\u00fcnyan\u0131n en iyi oyuncular\u0131ndan bir\u00e7o\u011fuyla s\u00f6zle\u015fme imzalamas\u0131na neden oldu.<\/p>\n<p>Cristiano Ronaldo, Karim Benzema, N\u2019Golo Kante, Roberto Firmino ve Jordan Henderson ge\u00e7ti\u011fimiz 12 ay i\u00e7inde Premier Lig\u2019den Orta Do\u011fu\u2019daki lige ge\u00e7i\u015f yapt\u0131.<\/p>\n<p>Laporte de City\u2019de ge\u00e7irdi\u011fi s\u00fcre boyunca be\u015f Premier Lig \u015fampiyonlu\u011fu ve ge\u00e7en sezonki \u015eampiyonlar Ligi de dahil olmak \u00fczere 13 kupa kazand\u0131ktan sonra \u015fimdi ayn\u0131 \u015feyi yapacak.<\/p>\n","protected":false},"excerpt":{"rendered":"<p>Aymeric Laporte, Manchester City&#8217;deki unutulmaz an\u0131lar\u0131n\u0131 ve ba\u015far\u0131lar\u0131n\u0131 arkas\u0131nda b\u0131rakarak yeni bir maceraya at\u0131ld\u0131. Riyad Mahrez&#8217;in ard\u0131ndan bir di\u011fer y\u0131ld\u0131z oyuncu da Suudi Pro Lig&#8217;e ad\u0131m\u0131n\u0131 att\u0131.<\/p>\n","protected":false},"author":1,"featured_media":118008,"comment_status":"closed","ping_status":"open","sticky":false,"template":"","format":"standard","meta":{"footnotes":""},"categories":[31],"tags":[818,13683,437,197],"class_list":["post-118006","post","type-post","status-publish","format-standard","has-post-thumbnail","hentry","category-spor","tag-city","tag-laporte","tag-lig","tag-oyuncu"],"_links":{"self":[{"href":"https:\/\/haberulus.net\/index.php?rest_route=\/wp\/v2\/posts\/118006","targetHints":{"allow":["GET"]}}],"collection":[{"href":"https:\/\/haberulus.net\/index.php?rest_route=\/wp\/v2\/posts"}],"about":[{"href":"https:\/\/haberulus.net\/index.php?rest_route=\/wp\/v2\/types\/post"}],"author":[{"embeddable":true,"href":"https:\/\/haberulus.net\/index.php?rest_route=\/wp\/v2\/users\/1"}],"replies":[{"embeddable":true,"href":"https:\/\/haberulus.net\/index.php?rest_route=%2Fwp%2Fv2%2Fcomments&post=118006"}],"version-history":[{"count":1,"href":"https:\/\/haberulus.net\/index.php?rest_route=\/wp\/v2\/posts\/118006\/revisions"}],"predecessor-version":[{"id":118009,"href":"https:\/\/haberulus.net\/index.php?rest_route=\/wp\/v2\/posts\/118006\/revisions\/118009"}],"wp:featuredmedia":[{"embeddable":true,"href":"https:\/\/haberulus.net\/index.php?rest_route=\/wp\/v2\/media\/118008"}],"wp:attachment":[{"href":"https:\/\/haberulus.net\/index.php?rest_route=%2Fwp%2Fv2%2Fmedia&parent=118006"}],"wp:term":[{"taxonomy":"category","embeddable":true,"href":"https:\/\/haberulus.net\/index.php?rest_route=%2Fwp%2Fv2%2Fcategories&post=118006"},{"taxonomy":"post_tag","embeddable":true,"href":"https:\/\/haberulus.net\/index.php?rest_route=%2Fwp%2Fv2%2Ftags&post=118006"}],"curies":[{"name":"wp","href":"https:\/\/api.w.org\/{rel}","templated":true}]}}