{"id":118133,"date":"2023-08-24T10:35:03","date_gmt":"2023-08-24T10:35:03","guid":{"rendered":"https:\/\/haberulus.net\/?p=118133"},"modified":"2023-08-24T10:35:03","modified_gmt":"2023-08-24T10:35:03","slug":"ingilterede-uzman-doktorlar-2-gunluk-greve-gitti","status":"publish","type":"post","link":"https:\/\/haberulus.net\/?p=118133","title":{"rendered":"\u0130ngiltere\u2019de uzman doktorlar 2 g\u00fcnl\u00fck greve gitti"},"content":{"rendered":"<p>\u0130ngiltere\u2019de yakla\u015f\u0131k 24 bin uzman doktor, h\u00fck\u00fcmetle maa\u015f zamm\u0131 konusunda ya\u015fad\u0131klar\u0131 anla\u015fmazl\u0131k nedeniyle 2 g\u00fcnl\u00fck greve gitti.<\/p>\n<p>\u0130ngiliz Tabipler Birli\u011fi\u2019ne (BMA) ba\u011fl\u0131 uzman doktorlar, yerel saatle 07.00\u2019de i\u015f b\u0131rakarak iki g\u00fcnl\u00fck grev ba\u015flatt\u0131.<\/p>\n<p>BMA\u2019dan yap\u0131lan a\u00e7\u0131klamada, h\u00fck\u00fcmetin ge\u00e7en y\u0131lki y\u00fczde 4,5\u2019lik zamm\u0131n\u0131n \u00fczerine bu y\u0131l sundu\u011fu y\u00fczde 6\u2019l\u0131k zam teklifinin reddedildi\u011fi bildirildi.<\/p>\n<p>A\u00e7\u0131klamada, bu zamm\u0131n \u201calay edercesine yap\u0131ld\u0131\u011f\u0131\u201d kaydedildi.<\/p>\n<p>Yakla\u015f\u0131k 24 bin sa\u011fl\u0131k \u00e7al\u0131\u015fan\u0131n\u0131n y\u0131llard\u0131r enflasyonun alt\u0131nda zam ald\u0131\u011f\u0131 vurgulanan a\u00e7\u0131klamada, bu fark\u0131n kapat\u0131lmas\u0131 i\u00e7in yakla\u015f\u0131k y\u00fczde 35\u2019lik zam talep edildi\u011fi belirtildi.<\/p>\n<p>Doktorlar\u0131n greve gitmesini ele\u015ftiren Ulusal Sa\u011fl\u0131k Hizmeti (NHS) y\u00f6neticisi Vin Diwakar, grev karar\u0131yla tedavi, randevu ve rutin bak\u0131mlar\u0131n dahi etkilenece\u011fini s\u00f6yledi.<\/p>\n<p>Ge\u00e7en ay grev yapan uzman doktorlar, gelecek ay da 19-20 Eyl\u00fcl\u2019de greve gideceklerini a\u00e7\u0131klam\u0131\u015ft\u0131. (AA)<\/p>\n","protected":false},"excerpt":{"rendered":"<p>\u0130ngiltere&#8217;de yakla\u015f\u0131k 24 bin uzman doktor y\u00fczde 6&#8217;l\u0131k zam teklifini reddederek iki g\u00fcnl\u00fck grev ba\u015flatt\u0131.<\/p>\n","protected":false},"author":1,"featured_media":118134,"comment_status":"closed","ping_status":"open","sticky":false,"template":"","format":"standard","meta":{"footnotes":""},"categories":[25],"tags":[522,79],"class_list":["post-118133","post","type-post","status-publish","format-standard","has-post-thumbnail","hentry","category-ekonomi","tag-grev","tag-zam"],"_links":{"self":[{"href":"https:\/\/haberulus.net\/index.php?rest_route=\/wp\/v2\/posts\/118133","targetHints":{"allow":["GET"]}}],"collection":[{"href":"https:\/\/haberulus.net\/index.php?rest_route=\/wp\/v2\/posts"}],"about":[{"href":"https:\/\/haberulus.net\/index.php?rest_route=\/wp\/v2\/types\/post"}],"author":[{"embeddable":true,"href":"https:\/\/haberulus.net\/index.php?rest_route=\/wp\/v2\/users\/1"}],"replies":[{"embeddable":true,"href":"https:\/\/haberulus.net\/index.php?rest_route=%2Fwp%2Fv2%2Fcomments&post=118133"}],"version-history":[{"count":1,"href":"https:\/\/haberulus.net\/index.php?rest_route=\/wp\/v2\/posts\/118133\/revisions"}],"predecessor-version":[{"id":118135,"href":"https:\/\/haberulus.net\/index.php?rest_route=\/wp\/v2\/posts\/118133\/revisions\/118135"}],"wp:featuredmedia":[{"embeddable":true,"href":"https:\/\/haberulus.net\/index.php?rest_route=\/wp\/v2\/media\/118134"}],"wp:attachment":[{"href":"https:\/\/haberulus.net\/index.php?rest_route=%2Fwp%2Fv2%2Fmedia&parent=118133"}],"wp:term":[{"taxonomy":"category","embeddable":true,"href":"https:\/\/haberulus.net\/index.php?rest_route=%2Fwp%2Fv2%2Fcategories&post=118133"},{"taxonomy":"post_tag","embeddable":true,"href":"https:\/\/haberulus.net\/index.php?rest_route=%2Fwp%2Fv2%2Ftags&post=118133"}],"curies":[{"name":"wp","href":"https:\/\/api.w.org\/{rel}","templated":true}]}}