{"id":118154,"date":"2023-08-24T11:05:03","date_gmt":"2023-08-24T11:05:03","guid":{"rendered":"https:\/\/haberulus.net\/?p=118154"},"modified":"2023-08-24T11:05:03","modified_gmt":"2023-08-24T11:05:03","slug":"malazgirtte-cevresi-toprakla-kapli-han-bulundu","status":"publish","type":"post","link":"https:\/\/haberulus.net\/?p=118154","title":{"rendered":"Malazgirt\u2019te \u00e7evresi toprakla kapl\u0131 han bulundu"},"content":{"rendered":"<p>K\u00fclt\u00fcr ve Turizm Bakanl\u0131\u011f\u0131\u2019n\u0131n izniyle, K\u00fclt\u00fcr Varl\u0131klar\u0131 ve M\u00fczeler Genel M\u00fcd\u00fcrl\u00fc\u011f\u00fc, Ahlat M\u00fczesi, Mu\u015f Alparslan \u00dcniversitesi ve Mu\u011fla S\u0131tk\u0131 Ko\u00e7man \u00dcniversitesi\u2019nin i\u015f birli\u011fiyle 2020\u2019de hayata ge\u00e7irilen \u201cMalazgirt Sava\u015f Alan\u0131n\u0131n Tespiti, Tarihi ve Arkeolojik Y\u00fczey Ara\u015ft\u0131rma Projesi\u201d kapsam\u0131nda ba\u015flat\u0131lan kaz\u0131 \u00e7al\u0131\u015fmalar\u0131 devam ediyor.<\/p>\n<p>Sultan Alparslan\u2019\u0131n tarihin en b\u00fcy\u00fck zaferlerinden birini kazand\u0131\u011f\u0131 Malazgirt il\u00e7esinde y\u00fcr\u00fct\u00fclen kaz\u0131larda 12 \u00fcniversiteden 40 akademisyen g\u00f6rev yap\u0131yor.<\/p>\n<p>Malazgirt\u2019in tarihi kimli\u011finin a\u00e7\u0131\u011fa \u00e7\u0131kar\u0131lmas\u0131 amac\u0131yla i\u00e7 kale ve \u015fehir surlar\u0131 i\u00e7inde \u00e7al\u0131\u015fmalar\u0131n\u0131 titizlikle y\u00fcr\u00fcten kaz\u0131 ekibi, i\u00e7 kaleye 200 metre uzakl\u0131kta \u00e7evresi toprakla kapl\u0131 13-14. y\u00fczy\u0131la ait bir han\u0131n bulundu\u011funu tespit etti.<\/p>\n<p>Yakla\u015f\u0131k bir ayd\u0131r y\u00fcr\u00fct\u00fclen \u00e7al\u0131\u015fma sonucu \u00e7evresinden 70 kamyon toprak \u00e7\u0131kar\u0131lan han, fiziki yap\u0131s\u0131yla g\u00f6r\u00fcn\u00fcr oldu.<\/p>\n<p><img decoding=\"async\" src=\"https:\/\/i01.sozcucdn.com\/wp-content\/uploads\/2023\/08\/24\/resim4_23587665.jpg\" alt=\"\" title=\"\"><\/p>\n<p>Kaz\u0131ya bilimsel dan\u0131\u015fmanl\u0131k yapan Mu\u011fla S\u0131tk\u0131 Ko\u00e7man \u00dcniversitesi Tarih B\u00f6l\u00fcm\u00fc \u00d6\u011fretim \u00dcyesi Prof. Dr. Adnan \u00c7evik, Malazgirt Sava\u015f\u0131 alan\u0131n\u0131n noktasal tespitine ili\u015fkin kaz\u0131 \u00e7al\u0131\u015fmalar\u0131n\u0131n 4 y\u0131ld\u0131r devam etti\u011fini s\u00f6yledi.<\/p>\n<p>Malazgirt\u2019te 2 etap halinde \u00e7al\u0131\u015fma yapt\u0131klar\u0131n\u0131 anlatan \u00c7evik, \u015f\u00f6yle konu\u015ftu:<\/p>\n<p>\u201c\u0130lk etapta, ge\u00e7en y\u0131l ba\u015flad\u0131\u011f\u0131m\u0131z Af\u015fin k\u00f6y\u00fcndeki kaz\u0131da sava\u015f\u0131n insan kay\u0131plar\u0131na ili\u015fkin tespitlerini y\u00fcr\u00fctmeye devam ediyoruz. Bu y\u0131l Af\u015fin k\u00f6y\u00fcnde 15 mezarla bu alan\u0131n sava\u015ftaki rol\u00fcn\u00fc, \u00f6zellikle Sel\u00e7uklu \u015eehitli\u011fi olup olmad\u0131\u011f\u0131n\u0131 anlamaya \u00e7al\u0131\u015f\u0131yoruz. \u0130kinci etapta sava\u015f objesi ve alan\u0131na ili\u015fkin \u00e7al\u0131\u015fmalar y\u00fcr\u00fct\u00fcyoruz.<\/p>\n<p>Sur i\u00e7inde yeni bir han yap\u0131s\u0131n\u0131n tespitine d\u00f6n\u00fck kaz\u0131 yapt\u0131k. Han\u0131n hemen arkas\u0131ndaki Malazgirt\u2019in en \u00f6nemli tarihsel yap\u0131s\u0131 olan \u015fehir surlar\u0131n\u0131n bir burcunday\u0131z. Burcun \u00f6n\u00fcnde 13-14. y\u00fczy\u0131la tarihledi\u011fimiz bir han yap\u0131s\u0131 var. Bu yap\u0131n\u0131n a\u00e7\u0131\u011fa \u00e7\u0131kar\u0131lmas\u0131 i\u00e7in \u00e7aba g\u00f6steriyoruz.\u201d<\/p>\n<p><img decoding=\"async\" src=\"https:\/\/i01.sozcucdn.com\/wp-content\/uploads\/2023\/08\/24\/resim1_23587685.jpg\" alt=\"\" title=\"\"><\/p>\n<p><strong>\u201cHan\u0131n i\u00e7 ve d\u0131\u015f k\u0131sm\u0131n\u0131n r\u00f6levesi \u00e7\u0131kar\u0131ld\u0131\u201d<\/strong><\/p>\n<p>Yeni tespit edilen han\u0131n etraf\u0131n\u0131n toprakla kapal\u0131 olmas\u0131 nedeniyle g\u00f6r\u00fcnmedi\u011fini belirten \u00c7evik, \u015funlar\u0131 kaydetti:<\/p>\n<p>\u201cBuradan 70 kamyon toprak kald\u0131r\u0131larak han\u0131n yap\u0131s\u0131 ve fiziki kimli\u011fi ortaya \u00e7\u0131kar\u0131ld\u0131. Han\u0131n i\u00e7i hafriyat ve \u00e7\u00f6pl\u00fckle doluydu. \u0130\u00e7eriden de 4 kamyon hafriyat ta\u015f\u0131narak hem d\u0131\u015f yap\u0131s\u0131 hem de i\u00e7 dokusu ortaya \u00e7\u0131kar\u0131ld\u0131.<\/p>\n<p>Ayr\u0131ca han\u0131n i\u00e7inde sondaj kaz\u0131lar\u0131yla yap\u0131n\u0131n temelleri anla\u015f\u0131lmaya \u00e7al\u0131\u015f\u0131ld\u0131. Han\u0131n i\u00e7 ve d\u0131\u015f k\u0131sm\u0131n\u0131n r\u00f6levesi \u00e7\u0131kar\u0131ld\u0131, foto\u011fraflar\u0131 \u00e7ekildi. Restorasyon projesi i\u00e7in gerekli b\u00fct\u00fcn teknik \u00e7al\u0131\u015fmalar y\u00fcr\u00fct\u00fcld\u00fc.<\/p>\n<p>Yaz\u0131l\u0131 kaynaklar bize, Malazgirt surlar\u0131n\u0131n 10 metre y\u00fcksekli\u011finde \u00e7ift surla \u00e7evrili 1950 metre uzunlu\u011funda bir surlu ve ordugah \u015fehri oldu\u011funu anlat\u0131yordu. Yaz\u0131l\u0131 kaynaklar\u0131n verdi\u011fi bilgileri yerinde birebir do\u011frulatarak yap\u0131y\u0131 mimari anlamda da \u00e7\u00f6zmeye \u00e7al\u0131\u015f\u0131yoruz.\u201d<\/p>\n<p><img decoding=\"async\" src=\"https:\/\/i01.sozcucdn.com\/wp-content\/uploads\/2023\/08\/24\/resim5_23587673.jpg\" alt=\"\" title=\"\"><\/p>\n<p>Han\u0131n bulundu\u011fu b\u00f6lgede titiz bir \u00e7al\u0131\u015fma y\u00fcr\u00fctt\u00fcklerini dile getiren \u00c7evik, \u201cEtraf\u0131n\u0131 topraktan temizleyerek g\u00f6r\u00fcnt\u00fcs\u00fcn\u00fc ortaya \u00e7\u0131kard\u0131k. Tabi acil g\u00fc\u00e7lendirme gerektiriyordu. Yap\u0131da ciddi tahribatlar vard\u0131. G\u00fc\u00e7lendirme yaparak bir sonraki a\u015famada restorasyonla ilgili projemizi y\u00fcr\u00fctmek i\u00e7in sanat tarihi uzmanlar\u0131n\u0131n \u00e7al\u0131\u015fmas\u0131na uygun bir hale getirdik\u201d dedi. <strong>(AA)<\/strong><\/p>\n","protected":false},"excerpt":{"rendered":"<p>Mu\u015f&#8217;un Malazgirt il\u00e7esinde, Malazgirt Sava\u015f\u0131&#8217;n\u0131n yap\u0131ld\u0131\u011f\u0131 alan\u0131n tespiti amac\u0131yla y\u00fcr\u00fct\u00fclen kaz\u0131 \u00e7al\u0131\u015fmalar\u0131nda, \u015fehir surlar\u0131 i\u00e7inde \u00e7evresi toprakla kapl\u0131 han ortaya \u00e7\u0131kar\u0131ld\u0131.<\/p>\n","protected":false},"author":1,"featured_media":118155,"comment_status":"closed","ping_status":"open","sticky":false,"template":"","format":"standard","meta":{"footnotes":""},"categories":[27],"tags":[317,9074,698,6618,113],"class_list":["post-118154","post","type-post","status-publish","format-standard","has-post-thumbnail","hentry","category-kultur-sanat","tag-calisma","tag-hanin","tag-kazi","tag-malazgirt","tag-tarih"],"_links":{"self":[{"href":"https:\/\/haberulus.net\/index.php?rest_route=\/wp\/v2\/posts\/118154","targetHints":{"allow":["GET"]}}],"collection":[{"href":"https:\/\/haberulus.net\/index.php?rest_route=\/wp\/v2\/posts"}],"about":[{"href":"https:\/\/haberulus.net\/index.php?rest_route=\/wp\/v2\/types\/post"}],"author":[{"embeddable":true,"href":"https:\/\/haberulus.net\/index.php?rest_route=\/wp\/v2\/users\/1"}],"replies":[{"embeddable":true,"href":"https:\/\/haberulus.net\/index.php?rest_route=%2Fwp%2Fv2%2Fcomments&post=118154"}],"version-history":[{"count":1,"href":"https:\/\/haberulus.net\/index.php?rest_route=\/wp\/v2\/posts\/118154\/revisions"}],"predecessor-version":[{"id":118156,"href":"https:\/\/haberulus.net\/index.php?rest_route=\/wp\/v2\/posts\/118154\/revisions\/118156"}],"wp:featuredmedia":[{"embeddable":true,"href":"https:\/\/haberulus.net\/index.php?rest_route=\/wp\/v2\/media\/118155"}],"wp:attachment":[{"href":"https:\/\/haberulus.net\/index.php?rest_route=%2Fwp%2Fv2%2Fmedia&parent=118154"}],"wp:term":[{"taxonomy":"category","embeddable":true,"href":"https:\/\/haberulus.net\/index.php?rest_route=%2Fwp%2Fv2%2Fcategories&post=118154"},{"taxonomy":"post_tag","embeddable":true,"href":"https:\/\/haberulus.net\/index.php?rest_route=%2Fwp%2Fv2%2Ftags&post=118154"}],"curies":[{"name":"wp","href":"https:\/\/api.w.org\/{rel}","templated":true}]}}