{"id":118163,"date":"2023-08-24T11:21:05","date_gmt":"2023-08-24T11:21:05","guid":{"rendered":"https:\/\/haberulus.net\/?p=118163"},"modified":"2023-08-24T11:21:05","modified_gmt":"2023-08-24T11:21:05","slug":"real-madrid-transfer-sezonunu-kapatti","status":"publish","type":"post","link":"https:\/\/haberulus.net\/?p=118163","title":{"rendered":"Real Madrid, transfer sezonunu kapatt\u0131!"},"content":{"rendered":"<p>Real Madrid Teknik Direkt\u00f6r\u00fc Carlo Ancelotti, tak\u0131ma yeni futbolcu al\u0131nmayaca\u011f\u0131n\u0131 s\u00f6yledi.<\/p>\n<p>\u0130spanya 1. Futbol Ligi\u2019nin (La Liga) 3. haftas\u0131nda yar\u0131n deplasmanda Celta Vigo ile kar\u015f\u0131la\u015facak Real Madrid, son antrenman\u0131n\u0131 Real Madrid Spor \u015eehri adl\u0131 tesislerinde yapt\u0131. Teknik direkt\u00f6r Ancelotti, d\u00fczenledi\u011fi bas\u0131n toplant\u0131s\u0131nda, 31 A\u011fustos gece yar\u0131s\u0131nda sona erecek transfer sezonunun Real Madrid i\u00e7in kapand\u0131\u011f\u0131n\u0131 dile getirdi.<\/p>\n<p>\u201cYeni bir futbolcu gelmesini y\u00fczde 100 olas\u0131l\u0131k d\u0131\u015f\u0131 b\u0131rak\u0131yorum.\u201d diyen Ancelotti, mevcut kadrodan memnuniyet duydu\u011funu, kaliteli, motive olmu\u015f ve heyecanl\u0131 bir tak\u0131ma sahip olduklar\u0131n\u0131 ifade etti.<\/p>\n<p>La Liga\u2019da ilk iki ma\u00e7\u0131n\u0131 kazanarak averajla lider durumda bulunan Madrid\u2019in iyi ba\u015flang\u0131c\u0131n\u0131 devam ettirme arzusunda oldu\u011funu kaydeden \u0130talyan teknik adam, Celta kar\u015f\u0131s\u0131nda kaleyi Kepa Arrizabalaga\u2019n\u0131n koruyaca\u011f\u0131n\u0131 duyurdu.<\/p>\n<p>Di\u011fer yandan, Real Madrid\u2019de 1 Haziran 2021\u2019de ba\u015flayan 2. d\u00f6nemindeki 120. ma\u00e7\u0131na Celta Vigo kar\u015f\u0131s\u0131nda \u00e7\u0131kacak Ancellotti, \u201cGenel olarak \u015fimdiye kadarki 119 ma\u00e7tan memnunum.\u201d yorumunu yapt\u0131.<\/p>\n<p><b>\u201cBEN\u0130M DE HO\u015eUMA G\u0130TMED\u0130\u201d<\/b><\/p>\n<p>\u0130spanya\u2019da g\u00fcndemde olan, D\u00fcnya \u015eampiyonu Kad\u0131n Milli Futbol Tak\u0131m\u0131\u2019n\u0131n kutlamalar\u0131 s\u0131ras\u0131ndaki baz\u0131 hareketlerinden dolay\u0131 istifas\u0131 istenen \u0130spanya Futbol Federasyonu Ba\u015fkan\u0131 Luis Rubiales ile ilgili tart\u0131\u015fmalara da cevap veren Ancelotti, \u201cHassas bir konu. Rubiales\u2019in tav\u0131rlar\u0131 benim de ho\u015fuma gitmedi. \u0130stifa eder mi ya da etmeli mi? Buna ben karar veremem. Ben Real Madrid Teknik Direkt\u00f6r\u00fc olarak sosyal sorumlulu\u011fumun m\u00fckemmel bir \u015fekilde fark\u0131nday\u0131m ve ona g\u00f6re hareket ediyorum.\u201d de\u011ferlendirmesinde bulundu.<\/p>\n<p>Real Madrid\u2019de sakat olan Arda G\u00fcler, Dani Ceballos ve Ferland Mendy, Celta Vigo ma\u00e7\u0131nda kadroda yer almayacak. Bu \u00fc\u00e7 futbolcu, bug\u00fcnk\u00fc antrenmana kat\u0131lmayarak tesislerde kondisyon \u00e7al\u0131\u015ft\u0131. (AA)<\/p>\n","protected":false},"excerpt":{"rendered":"<p>Real Madrid&#8217;in ba\u015far\u0131l\u0131 teknik direkt\u00f6r\u00fc Carlo Ancelotti, La Liga&#8217;n\u0131n 3. haftas\u0131nda Celta Vigo \u00f6ncesi d\u00fczenledi\u011fi bas\u0131n toplant\u0131s\u0131nda transfer sezonu hakk\u0131nda net konu\u015ftu.<\/p>\n","protected":false},"author":1,"featured_media":118164,"comment_status":"closed","ping_status":"open","sticky":false,"template":"","format":"standard","meta":{"footnotes":""},"categories":[31],"tags":[788,3582],"class_list":["post-118163","post","type-post","status-publish","format-standard","has-post-thumbnail","hentry","category-spor","tag-futbol","tag-real-madrid"],"_links":{"self":[{"href":"https:\/\/haberulus.net\/index.php?rest_route=\/wp\/v2\/posts\/118163","targetHints":{"allow":["GET"]}}],"collection":[{"href":"https:\/\/haberulus.net\/index.php?rest_route=\/wp\/v2\/posts"}],"about":[{"href":"https:\/\/haberulus.net\/index.php?rest_route=\/wp\/v2\/types\/post"}],"author":[{"embeddable":true,"href":"https:\/\/haberulus.net\/index.php?rest_route=\/wp\/v2\/users\/1"}],"replies":[{"embeddable":true,"href":"https:\/\/haberulus.net\/index.php?rest_route=%2Fwp%2Fv2%2Fcomments&post=118163"}],"version-history":[{"count":1,"href":"https:\/\/haberulus.net\/index.php?rest_route=\/wp\/v2\/posts\/118163\/revisions"}],"predecessor-version":[{"id":118165,"href":"https:\/\/haberulus.net\/index.php?rest_route=\/wp\/v2\/posts\/118163\/revisions\/118165"}],"wp:featuredmedia":[{"embeddable":true,"href":"https:\/\/haberulus.net\/index.php?rest_route=\/wp\/v2\/media\/118164"}],"wp:attachment":[{"href":"https:\/\/haberulus.net\/index.php?rest_route=%2Fwp%2Fv2%2Fmedia&parent=118163"}],"wp:term":[{"taxonomy":"category","embeddable":true,"href":"https:\/\/haberulus.net\/index.php?rest_route=%2Fwp%2Fv2%2Fcategories&post=118163"},{"taxonomy":"post_tag","embeddable":true,"href":"https:\/\/haberulus.net\/index.php?rest_route=%2Fwp%2Fv2%2Ftags&post=118163"}],"curies":[{"name":"wp","href":"https:\/\/api.w.org\/{rel}","templated":true}]}}