{"id":118220,"date":"2023-08-24T12:21:07","date_gmt":"2023-08-24T12:21:07","guid":{"rendered":"https:\/\/haberulus.net\/?p=118220"},"modified":"2023-08-24T12:21:07","modified_gmt":"2023-08-24T12:21:07","slug":"besiktas-kulubu-hakliligimiz-tescillendi-pendikspor-maci-tekrar-edilsin","status":"publish","type":"post","link":"https:\/\/haberulus.net\/?p=118220","title":{"rendered":"Be\u015fikta\u015f Kul\u00fcb\u00fc: Hakl\u0131l\u0131\u011f\u0131m\u0131z tescillendi, Pendikspor ma\u00e7\u0131 tekrar edilsin!"},"content":{"rendered":"<p>Be\u015fikta\u015f Kul\u00fcb\u00fc, T\u00fcrkiye Futbol Federasyonu\u2019nun yapt\u0131\u011f\u0131 a\u00e7\u0131klama sonras\u0131 yan\u0131t niteli\u011fi ta\u015f\u0131yan bir a\u00e7\u0131klama daha yay\u0131nlad\u0131.<\/p>\n<p>Pendikspor ma\u00e7\u0131nda gol\u00fc iptal edilen siyah beyazl\u0131lar, MHK\u2019ye mektup yazarak pozisyonla ilgili bilgilendirme istemi\u015fti. MHK\u2019den gelen cevab\u0131 yay\u0131nlayan siyah beyazl\u0131lar, hakemin hatal\u0131 karar verdi\u011finin kabul edildi\u011fini ve Pendikspor ma\u00e7\u0131n\u0131n tekrarlanmas\u0131 gerekti\u011fini s\u00f6yledi.<\/p>\n<p>T\u00fcrkiye Futbol Federasyonu erken saatlerde yapt\u0131\u011f\u0131 a\u00e7\u0131klamada, sezon ba\u015f\u0131nda ya\u015fanan hakem tart\u0131\u015fmalar\u0131n\u0131n T\u00fcrk futboluna zarar verdi\u011fini belirtmi\u015fti. TFF\u2019nin yay\u0131nlad\u0131\u011f\u0131 yaz\u0131da, \u201cSkor odakl\u0131 k\u0131s\u0131r \u00e7eki\u015fmeler ve hi\u00e7bir yere varmayan g\u00fcnl\u00fck tart\u0131\u015fmalar yerine futbolumuzun gelecek vizyonuna odaklanan, oyunun g\u00fczelliklerini \u00f6ne \u00e7\u0131karan, t\u00fcm payda\u015flar\u0131n \u2018ben&#8217; de\u011fil \u2018biz&#8217; diyebildi\u011fi bir d\u00fc\u015f\u00fcnce anlay\u0131\u015f\u0131 T\u00fcrk futbolunu \u00e7ok daha ileriye ta\u015f\u0131yacakt\u0131r.\u201d ifadelerine yer verilmi\u015fti.<\/p>\n<p><b>\u201cHAKLILI\u011eIMIZ TESC\u0130L ED\u0130LD\u0130\u201d<\/b><\/p>\n<p>\u201cHakk\u0131m\u0131z ligin 2. haftas\u0131nda da 32. haftas\u0131nda da yense ayn\u0131 tonda tepkimizi ortaya koyar, hakk\u0131m\u0131z\u0131 talep ederiz.\u201d diyen siyah beyazl\u0131 kul\u00fcp, \u015fu a\u00e7\u0131klamay\u0131 yay\u0131nlad\u0131:<\/p>\n<p><em>\u201cFutbol A Tak\u0131m\u0131m\u0131z\u0131n Trendyol S\u00fcper Lig&#8217;in 2. haftas\u0131nda Pendikspor&#8217;la oynad\u0131\u011f\u0131 m\u00fcsabakan\u0131n 76. dakikas\u0131nda, Omar Colley&#8217;le buldu\u011fumuz ikinci gol\u00fcn topun saha d\u0131\u015f\u0131ndan geldi\u011fi gerek\u00e7esiyle yan hakemin bayra\u011f\u0131n\u0131 pozisyon bitmeden kald\u0131rmas\u0131 sonucu iptali nedeniyle T\u00fcrkiye Futbol Federasyonu Merkez Hakem Kurulu&#8217;na yapm\u0131\u015f oldu\u011fumuz m\u00fcracata, Merkez Hakem Kurulu Ba\u015fkan\u0131 Ahmet \u0130bano\u011flu imzas\u0131yla gelen cevapta hakl\u0131l\u0131\u011f\u0131m\u0131z tescil edilmi\u015ftir.\u201d<\/em><\/p>\n<p><b>\u201cUYGUN A\u00c7IDA KAMERA\u00a0 OLMADI\u011eINDAN\u2026\u201d<\/b><\/p>\n<p><em>\u201cMerkez Hakem Kurulu Ba\u015fkan\u0131 Ahmet \u0130bano\u011flu, taraf\u0131m\u0131za g\u00f6ndermi\u015f oldu\u011fu cevap yaz\u0131s\u0131nda; yan hakemin bayra\u011f\u0131n\u0131 pozisyon bitmeden kald\u0131rmas\u0131n\u0131n hatal\u0131 oldu\u011funu ve VAR incelemesi i\u00e7in uygun a\u00e7\u0131da kamera bulunmad\u0131\u011f\u0131ndan yan hakemin karar\u0131n\u0131n desteklenmek durumunda kal\u0131nd\u0131\u011f\u0131n\u0131 beyan etmi\u015ftir.\u201d<\/em><\/p>\n<p><b>\u201c\u0130K\u0130 PUANDAN MAHRUM KALDIK\u201d<\/b><\/p>\n<p><em>\u201cS\u00fcper Lig tecr\u00fcbesi neredeyse olmayan bir yard\u0131mc\u0131 hakemin bize g\u00f6re art niyetli bir \u015fekilde pozisyonun bitimini beklemeden bayra\u011f\u0131n\u0131 kald\u0131rmas\u0131ndan ve T\u00fcrkiye Futbol Federasyonu&#8217;nun her f\u0131rsatta teknolojiden ve yapay zekadan faydaland\u0131\u011f\u0131n\u0131 \u00f6v\u00fcnerek ifade etmesine kar\u015f\u0131n uygun bir a\u00e7\u0131ya kamera yerle\u015ftirilememesinden dolay\u0131 tak\u0131m\u0131m\u0131z \u015fampiyonluk yar\u0131\u015f\u0131n\u0131n k\u0131z\u0131\u015faca\u011f\u0131 ilerleyen d\u00f6nemde b\u00fcy\u00fck \u00f6neme sahip olabilecek iki puandan mahrum kalm\u0131\u015ft\u0131r.\u201d<\/em><\/p>\n<p><b>\u201cL\u0130G\u0130N BA\u015eINDA DA OLSA, SONUNDA DA OLSA\u2026\u201d<\/b><\/p>\n<p><em>\u201cBug\u00fcnk\u00fc a\u00e7\u0131klamas\u0131nda, ligin hen\u00fcz ikinci haftas\u0131 geride kalm\u0131\u015fken yap\u0131lan ele\u015ftirileri \u00fcz\u00fclerek takip ettiklerinden dert yanan T\u00fcrkiye Futbol Federasyonu&#8217;na hat\u0131rlatmak isteriz ki, ligin ba\u015f\u0131nda da ortas\u0131nda da sonunda da yap\u0131lan hatalar kul\u00fcpleri ayn\u0131 derecede etkilemekte ve puan cetveline tesir etmektedir.\u201d<\/em><\/p>\n<p><em>Be\u015fikta\u015f JK olarak;<\/em><\/p>\n<p><em>Bug\u00fcne kadar hak yemedik, hakk\u0131m\u0131z\u0131 da yedirmeyiz. Hakk\u0131m\u0131z ligin 2. haftas\u0131nda da 32. haftas\u0131nda da yense ayn\u0131 tonda tepkimizi ortaya koyar, hakk\u0131m\u0131z\u0131 talep ederiz.<\/em><\/p>\n<p><b>\u2018PEND\u0130KSPOR MA\u00c7I TEKRARLANSIN\u2019<\/b><\/p>\n<p><em>\u201cT\u00fcrkiye Futbol Federasyonu Y\u00f6netim Kurulu&#8217;ndan beklentimiz;<\/em><\/p>\n<p><em>Hakem hatas\u0131 ve teknoloji eksikli\u011fi nedeniyle puan kayb\u0131 ya\u015fad\u0131\u011f\u0131m\u0131z bizzat Merkez Hakem Kurulu Ba\u015fkan\u0131 Ahmet \u0130bano\u011flu taraf\u0131ndan tescil edilmi\u015fken; art\u0131k ger\u00e7eklerden ka\u00e7madan, perde arkas\u0131na saklanmadan hakk\u0131m\u0131z\u0131n teslim edilmesi, bu do\u011frultuda Be\u015fikta\u015f-Pendikspor ma\u00e7\u0131n\u0131n tekrarlanmas\u0131 y\u00f6n\u00fcnde karar al\u0131nmas\u0131,\u201d<\/em><\/p>\n<p><b>\u201cREKLAMI B\u0130R KENARA BIRAKIN\u201d<\/b><\/p>\n<p><em>\u201cReklam \u00e7al\u0131\u015fmalar\u0131n\u0131n bir kenara b\u0131rak\u0131larak T\u00fcrk futbolunun asli sorunlar\u0131na odaklan\u0131lmas\u0131, bu do\u011frultuda sahada ter d\u00f6ken sporcular\u0131n emeklerinin heba olmas\u0131n\u0131n \u00f6n\u00fcne ge\u00e7mek \u00fczere hakemlere yo\u011fun bir \u015fekilde e\u011fitim verilmesi ve gerekli teknoloji yat\u0131r\u0131mlar\u0131n\u0131n h\u0131zl\u0131ca hayata ge\u00e7irilmesidir.\u201d<\/em><\/p>\n<p><em>\u201cManip\u00fclasyonlara ve polemiklere son vermek, ger\u00e7ekleri g\u00fcn y\u00fcz\u00fcne \u00e7\u0131karmak amac\u0131yla yapt\u0131\u011f\u0131m\u0131z a\u00e7\u0131klamam\u0131za ek olarak T\u00fcrkiye Futbol Federasyonu Merkez Hakem Kurulu Ba\u015fkan\u0131 Ahmet \u0130bano\u011flu imzas\u0131yla taraf\u0131m\u0131za gelen cevap metnini bilgilerinize sunar\u0131z:<\/em><\/p>\n<p><em>\u201cG\u00f6ndermi\u015f oldu\u011funuz geri bildirim formu incelenmi\u015ftir.<\/em><\/p>\n<p><em>M\u00fcsabakan\u0131n 76. dakikas\u0131nda ceza alan\u0131na do\u011fru kullan\u0131lan k\u00f6\u015fe vuru\u015funda, iki nolu yard\u0131mc\u0131 hakem UEFA ve MHK talimatlar\u0131 gere\u011fi pozisyon i\u00e7in olmas\u0131 gereken yerde ve dikkatlice oyunu takip etmektedir.<\/em><\/p>\n<p><em>Bulundu\u011fu konum itibari ile topun oyun alan\u0131n\u0131 tamamen terk etti\u011fini tespit etmi\u015f ve m\u00fcsabaka hakemini kale vuru\u015fu verilmesi konusunda bayra\u011f\u0131 ile uyarm\u0131\u015f ve gol ge\u00e7ersiz say\u0131lm\u0131\u015ft\u0131r.<\/em><\/p>\n<p><em>VAR protokol\u00fc gere\u011fi yard\u0131mc\u0131 hakem gol olduktan veya top pasif alana ge\u00e7tikten sonra hakemini uyarmas\u0131 gerekir. Yard\u0131mc\u0131 hakem sadece uygulama a\u00e7\u0131s\u0131ndan eksik bir tav\u0131r g\u00f6stermi\u015ftir.<\/em><\/p>\n<p><em>VAR Hakemi ile yap\u0131lan g\u00f6r\u00fc\u015fmede t\u00fcm kamera g\u00f6r\u00fcnt\u00fclerinden ve farkl\u0131 a\u00e7\u0131lardan pozisyonu kontrol etti\u011fini belirtmi\u015f fakat topun tam pozisyonunu g\u00f6steren yay\u0131nc\u0131 kurulu\u015ftaki kay\u0131tlarda net bir g\u00f6r\u00fcnt\u00fc olmad\u0131\u011f\u0131 i\u00e7in VAR Protokol\u00fc gere\u011fi sahadaki hakem karar\u0131n\u0131 desteklemek durumunda kald\u0131\u011f\u0131n\u0131 belirtmi\u015ftir.\u201d<\/em><\/p>\n<p><em>Ahmet \u0130bano\u011flu<\/em><br \/><em>Merkez Hakem Kurulu Ba\u015fkan\u0131<\/em><\/p>\n<p><em>Kamuoyunun bilgisine sayg\u0131lar\u0131m\u0131zla sunar\u0131z.<\/em><\/p>\n<p><em>Be\u015fikta\u015f JK\u201d<\/em><\/p>\n","protected":false},"excerpt":{"rendered":"<p>Be\u015fikta\u015f Kul\u00fcb\u00fc, Pendikspor ma\u00e7\u0131nda iptal edilen gol sonras\u0131 ya\u015fanan tart\u0131\u015fmalara yeni bir a\u00e7\u0131klama ile boyut kazand\u0131rd\u0131.<\/p>\n","protected":false},"author":1,"featured_media":118221,"comment_status":"closed","ping_status":"open","sticky":false,"template":"","format":"standard","meta":{"footnotes":""},"categories":[31],"tags":[170,208,13701,3212,1479],"class_list":["post-118220","post","type-post","status-publish","format-standard","has-post-thumbnail","hentry","category-spor","tag-hak","tag-hakem","tag-hakemin","tag-pozisyon","tag-turkiye-futbol-federasyonu"],"_links":{"self":[{"href":"https:\/\/haberulus.net\/index.php?rest_route=\/wp\/v2\/posts\/118220","targetHints":{"allow":["GET"]}}],"collection":[{"href":"https:\/\/haberulus.net\/index.php?rest_route=\/wp\/v2\/posts"}],"about":[{"href":"https:\/\/haberulus.net\/index.php?rest_route=\/wp\/v2\/types\/post"}],"author":[{"embeddable":true,"href":"https:\/\/haberulus.net\/index.php?rest_route=\/wp\/v2\/users\/1"}],"replies":[{"embeddable":true,"href":"https:\/\/haberulus.net\/index.php?rest_route=%2Fwp%2Fv2%2Fcomments&post=118220"}],"version-history":[{"count":1,"href":"https:\/\/haberulus.net\/index.php?rest_route=\/wp\/v2\/posts\/118220\/revisions"}],"predecessor-version":[{"id":118222,"href":"https:\/\/haberulus.net\/index.php?rest_route=\/wp\/v2\/posts\/118220\/revisions\/118222"}],"wp:featuredmedia":[{"embeddable":true,"href":"https:\/\/haberulus.net\/index.php?rest_route=\/wp\/v2\/media\/118221"}],"wp:attachment":[{"href":"https:\/\/haberulus.net\/index.php?rest_route=%2Fwp%2Fv2%2Fmedia&parent=118220"}],"wp:term":[{"taxonomy":"category","embeddable":true,"href":"https:\/\/haberulus.net\/index.php?rest_route=%2Fwp%2Fv2%2Fcategories&post=118220"},{"taxonomy":"post_tag","embeddable":true,"href":"https:\/\/haberulus.net\/index.php?rest_route=%2Fwp%2Fv2%2Ftags&post=118220"}],"curies":[{"name":"wp","href":"https:\/\/api.w.org\/{rel}","templated":true}]}}