{"id":118274,"date":"2023-08-24T13:51:05","date_gmt":"2023-08-24T13:51:05","guid":{"rendered":"https:\/\/haberulus.net\/?p=118274"},"modified":"2023-08-24T13:51:05","modified_gmt":"2023-08-24T13:51:05","slug":"ulke-bunu-konusuyor-bakanin-misafirleri-polis-aracina-tuvaletlerini-yapti","status":"publish","type":"post","link":"https:\/\/haberulus.net\/?p=118274","title":{"rendered":"\u00dclke bunu konu\u015fuyor: Bakan\u0131n misafirleri polis arac\u0131na tuvaletlerini yapt\u0131"},"content":{"rendered":"<p>Bel\u00e7ika Adalet Bakan\u0131 Vincent van Quickenborne\u2019un misafirleri, evinin yan\u0131na park edilmi\u015f polis minib\u00fcs\u00fcne tuvaletlerina yapt\u0131, savc\u0131l\u0131k \u201cemniyet g\u00fc\u00e7lerine hakaret\u201d soru\u015fturmas\u0131 ba\u015flatt\u0131.<\/p>\n<p>Yerel bas\u0131na g\u00f6re, 14 A\u011fustos\u2019ta Adalet Bakan\u0131 van Quickenborne, 50. ya\u015f\u0131na basmas\u0131 nedeniyle Kortrijk&#8217;taki evinde do\u011fum g\u00fcn\u00fc partisi verdi. Partiye Ba\u015fbakan Alexander de Croo\u2019nun da aralar\u0131nda oldu\u011fu \u00fcst d\u00fczey bir\u00e7ok davetli kat\u0131ld\u0131.<\/p>\n<p>Gecenin sonlar\u0131na do\u011fru, alkol\u00fc fazla ka\u00e7\u0131rd\u0131\u011f\u0131 anla\u015f\u0131lan 3 ki\u015fi bakan\u0131n evinden \u00e7\u0131karak, evinin etraf\u0131nda n\u00f6bet tutan polis minib\u00fcs\u00fcne idrar\u0131n\u0131 yapt\u0131. Ertesi g\u00fcn olay\u0131 fark eden polis, kamera kay\u0131tlar\u0131n\u0131 inceledi.<\/p>\n<p><strong>POL\u0130SLER BAKANA TEPK\u0130L\u0130<\/strong><\/p>\n<p>Faillerin bakan\u0131n misafirleri oldu\u011fu anla\u015f\u0131l\u0131nca, polise hakaret nedeniyle rapor haz\u0131rland\u0131 ve federal savc\u0131l\u0131k soru\u015fturma ba\u015flatt\u0131. Savc\u0131 Tom Janssens, g\u00f6r\u00fcnt\u00fcleri inceleyerek, olaya kar\u0131\u015fanlar\u0131n kimli\u011fini tespit etmeye \u00e7al\u0131\u015ft\u0131klar\u0131n\u0131 aktard\u0131.<\/p>\n<p>\u00d6te yandan Bakan van Quickenborne\u2019un kabinesinden yap\u0131lan a\u00e7\u0131klamada kendisinin olaya \u015fahit olmad\u0131\u011f\u0131, konuklar\u0131n\u0131n halka a\u00e7\u0131k alanda ger\u00e7ekle\u015ftirdikleri eylemden sorumlu tutulamayaca\u011f\u0131 bildirildi.<\/p>\n<p>Polis sendikas\u0131 NSPV ise van Quickenborne\u2019un istifas\u0131n\u0131 istedi.<\/p>\n<p>Adalet Bakan\u0131 van Quickenborne\u2019nun evi, ge\u00e7en seneden bu yana uyu\u015fturucu mafyas\u0131 taraf\u0131ndan ka\u00e7\u0131r\u0131lma giri\u015fimi nedeniyle polis korumas\u0131 alt\u0131nda tutuluyor. (AA)<\/p>\n","protected":false},"excerpt":{"rendered":"<p>Bel\u00e7ika&#8217;da Adalet Bakan\u0131 Vincent van Quickenborne&#8217;un polis arac\u0131na tuvaletini yapan misafirleri hakk\u0131nda soru\u015fturma ba\u015flat\u0131ld\u0131.<\/p>\n","protected":false},"author":1,"featured_media":118275,"comment_status":"closed","ping_status":"open","sticky":false,"template":"","format":"standard","meta":{"footnotes":""},"categories":[24],"tags":[103,2504],"class_list":["post-118274","post","type-post","status-publish","format-standard","has-post-thumbnail","hentry","category-dunya","tag-polis","tag-van"],"_links":{"self":[{"href":"https:\/\/haberulus.net\/index.php?rest_route=\/wp\/v2\/posts\/118274","targetHints":{"allow":["GET"]}}],"collection":[{"href":"https:\/\/haberulus.net\/index.php?rest_route=\/wp\/v2\/posts"}],"about":[{"href":"https:\/\/haberulus.net\/index.php?rest_route=\/wp\/v2\/types\/post"}],"author":[{"embeddable":true,"href":"https:\/\/haberulus.net\/index.php?rest_route=\/wp\/v2\/users\/1"}],"replies":[{"embeddable":true,"href":"https:\/\/haberulus.net\/index.php?rest_route=%2Fwp%2Fv2%2Fcomments&post=118274"}],"version-history":[{"count":1,"href":"https:\/\/haberulus.net\/index.php?rest_route=\/wp\/v2\/posts\/118274\/revisions"}],"predecessor-version":[{"id":118276,"href":"https:\/\/haberulus.net\/index.php?rest_route=\/wp\/v2\/posts\/118274\/revisions\/118276"}],"wp:featuredmedia":[{"embeddable":true,"href":"https:\/\/haberulus.net\/index.php?rest_route=\/wp\/v2\/media\/118275"}],"wp:attachment":[{"href":"https:\/\/haberulus.net\/index.php?rest_route=%2Fwp%2Fv2%2Fmedia&parent=118274"}],"wp:term":[{"taxonomy":"category","embeddable":true,"href":"https:\/\/haberulus.net\/index.php?rest_route=%2Fwp%2Fv2%2Fcategories&post=118274"},{"taxonomy":"post_tag","embeddable":true,"href":"https:\/\/haberulus.net\/index.php?rest_route=%2Fwp%2Fv2%2Ftags&post=118274"}],"curies":[{"name":"wp","href":"https:\/\/api.w.org\/{rel}","templated":true}]}}