{"id":118409,"date":"2023-08-24T17:21:07","date_gmt":"2023-08-24T17:21:07","guid":{"rendered":"https:\/\/haberulus.net\/?p=118409"},"modified":"2023-08-24T17:21:07","modified_gmt":"2023-08-24T17:21:07","slug":"canli-genk-adana-demirspor-uefa-avrupa-konferans-ligi","status":"publish","type":"post","link":"https:\/\/haberulus.net\/?p=118409","title":{"rendered":"CANLI | Genk \u2013 Adana Demirspor | UEFA Avrupa Konferans Ligi"},"content":{"rendered":"<p>UEFA Avrupa Konferans Ligi play-off turu ilk ma\u00e7\u0131nda temsilcimiz Adana Demirspor, deplasmanda Bel\u00e7ika temsilcisi Genk ile kar\u015f\u0131la\u015facak. KRC Genk Arena\u2019da oynanacak ma\u00e7\u0131, Portekizli hakem Antonio Nobre y\u00f6netecek. Ma\u00e7\u0131n ba\u015flama saati 21.00. Bu ma\u00e7\u0131n r\u00f6van\u015f\u0131 31 A\u011fustos Per\u015fembe g\u00fcn\u00fc Adana\u2019da oynanacak.<\/p>\n<p><b>KADROLAR<\/b><\/p>\n<p><span><strong>GENK:<\/strong> Vandevoordt, Munoz, Sadick, McKenzie, Kayembe, El Khannous, Galarza, Hrosovsky, Fadera, Sor, Oyen<\/span><\/p>\n<p><strong>ADANA DEM\u0130RSPOR:<\/strong> <span>Karacic, Svensson, Gravillon, Semih G\u00fcler, Rodrigues, Stambouli, Emre Akbaba, Yusuf Sar\u0131, Belhanda, Nani, Ndiaye<\/span><\/p>\n<p>UEFA Avrupa Konferans Ligi\u2019ne 2. eleme turundan kat\u0131lan Adana ekibi, s\u0131ras\u0131yla Romanya ekibi Cluj ve H\u0131rvatistan tak\u0131mlar\u0131ndan Osijek\u2019i eleyerek play-off\u2019a y\u00fckselmi\u015fti.<\/p>\n<p>Tarihinde ilk kez Avrupa kupalar\u0131na kat\u0131lan Adana ekibi, elemelerde \u00e7\u0131kt\u0131\u011f\u0131 4 kar\u015f\u0131la\u015fmada 2 galibiyet, 1 beraberlik ve 1 yenilgi ald\u0131.<\/p>\n","protected":false},"excerpt":{"rendered":"<p>Genk Adana Demirspor ma\u00e7\u0131 canl\u0131 yay\u0131n anlat\u0131m\u0131yla S\u00f6zc\u00fc&#8217;de! Tarihinde ilk kez Avrupa&#8217;da m\u00fccadele eden ve iki tur ge\u00e7meyi ba\u015faran temsilcimiz Adana Demirspor, gruplara kalmak i\u00e7in Bel\u00e7ika&#8217;n\u0131n zorlu tak\u0131mlar\u0131ndan Genk&#8217;e kar\u015f\u0131 r\u00f6van\u015fta avantajl\u0131 skor ar\u0131yor.<\/p>\n","protected":false},"author":1,"featured_media":118410,"comment_status":"closed","ping_status":"open","sticky":false,"template":"","format":"standard","meta":{"footnotes":""},"categories":[31],"tags":[1427],"class_list":["post-118409","post","type-post","status-publish","format-standard","has-post-thumbnail","hentry","category-spor","tag-adana"],"_links":{"self":[{"href":"https:\/\/haberulus.net\/index.php?rest_route=\/wp\/v2\/posts\/118409","targetHints":{"allow":["GET"]}}],"collection":[{"href":"https:\/\/haberulus.net\/index.php?rest_route=\/wp\/v2\/posts"}],"about":[{"href":"https:\/\/haberulus.net\/index.php?rest_route=\/wp\/v2\/types\/post"}],"author":[{"embeddable":true,"href":"https:\/\/haberulus.net\/index.php?rest_route=\/wp\/v2\/users\/1"}],"replies":[{"embeddable":true,"href":"https:\/\/haberulus.net\/index.php?rest_route=%2Fwp%2Fv2%2Fcomments&post=118409"}],"version-history":[{"count":1,"href":"https:\/\/haberulus.net\/index.php?rest_route=\/wp\/v2\/posts\/118409\/revisions"}],"predecessor-version":[{"id":118411,"href":"https:\/\/haberulus.net\/index.php?rest_route=\/wp\/v2\/posts\/118409\/revisions\/118411"}],"wp:featuredmedia":[{"embeddable":true,"href":"https:\/\/haberulus.net\/index.php?rest_route=\/wp\/v2\/media\/118410"}],"wp:attachment":[{"href":"https:\/\/haberulus.net\/index.php?rest_route=%2Fwp%2Fv2%2Fmedia&parent=118409"}],"wp:term":[{"taxonomy":"category","embeddable":true,"href":"https:\/\/haberulus.net\/index.php?rest_route=%2Fwp%2Fv2%2Fcategories&post=118409"},{"taxonomy":"post_tag","embeddable":true,"href":"https:\/\/haberulus.net\/index.php?rest_route=%2Fwp%2Fv2%2Ftags&post=118409"}],"curies":[{"name":"wp","href":"https:\/\/api.w.org\/{rel}","templated":true}]}}