{"id":118487,"date":"2023-08-24T20:51:03","date_gmt":"2023-08-24T20:51:03","guid":{"rendered":"https:\/\/haberulus.net\/?p=118487"},"modified":"2023-08-24T20:51:03","modified_gmt":"2023-08-24T20:51:03","slug":"fenerbahcenin-golundeki-gizli-kahraman-yagiz-ege","status":"publish","type":"post","link":"https:\/\/haberulus.net\/?p=118487","title":{"rendered":"Fenerbah\u00e7e\u2019nin gol\u00fcndeki gizli kahraman: Ya\u011f\u0131z Ege"},"content":{"rendered":"<p>UEFA Avrupa Konferans Ligi play-off turu ilk ma\u00e7\u0131nda Fenerbah\u00e7e, Hollanda ekibi Twente\u2019yi 5-1 ma\u011flup ederek r\u00f6van\u015f i\u00e7in b\u00fcy\u00fck avantaj yakalad\u0131. Fenerbah\u00e7e\u2019nin \u0130rfan Can Kahveci ile 74. dakikada buldu\u011fu d\u00f6rd\u00fcnc\u00fc golde, 14 ya\u015f\u0131ndaki Ya\u011f\u0131z Ege de pay sahibi oldu.<\/p>\n<p>Fenerbah\u00e7e U14 Tak\u0131m\u0131\u2019nda forma giyen Ya\u011f\u0131z Ege, ta\u00e7 at\u0131\u015f\u0131nda Dusan Tadic\u2019e topu h\u0131zl\u0131 bir \u015fekilde vererek ata\u011f\u0131n geli\u015fmesini sa\u011flad\u0131. Dusan Tadic\u2019in Edin Dzeko\u2019ya do\u011fru h\u0131zl\u0131ca kulland\u0131\u011f\u0131 ta\u00e7 at\u0131\u015f\u0131 sonras\u0131, Fenerbah\u00e7e\u2019nin d\u00f6rd\u00fcnc\u00fc gol\u00fc geldi.<\/p>\n<p>Kar\u015f\u0131la\u015fma sonras\u0131 gol\u00fc atan \u0130rfan Can Kahveci ve ta\u00e7 at\u0131\u015f\u0131n\u0131 kullanan Dusan Tadic ile birlikte foto\u011fraf \u00e7ektiren Ya\u011f\u0131z Ege, FBTV\u2019ye konu\u015ftu. Dusan Tadic\u2019in topu hemen istedi\u011fini bildi\u011fini s\u00f6yleyen Ya\u011f\u0131z Ege, \u201cTadic\u2019in toplar\u0131 h\u0131zl\u0131 istedi\u011fini biliyorduk. Tadic\u2019e topu att\u0131ktan sonra gol oldu. Pozisyonunu takip ediyordum\u201d dedi.<\/p>\n","protected":false},"excerpt":{"rendered":"<p>Fenerbah\u00e7e U14 Tak\u0131m\u0131&#8217;nda forma giyen Ya\u011f\u0131z Ege, sar\u0131-lacivertlilerin UEFA Avrupa Konferans Ligi&#8217;nde Twente&#8217;yi farkl\u0131 ma\u011flup etti\u011fi ma\u00e7ta 4. gol\u00fcn gizli kahraman\u0131 oldu. Ya\u011f\u0131z Ege, ma\u00e7\u0131n ard\u0131ndan FBTV&#8217;ye konu\u015ftu.<\/p>\n","protected":false},"author":1,"featured_media":118488,"comment_status":"closed","ping_status":"open","sticky":false,"template":"","format":"standard","meta":{"footnotes":""},"categories":[31],"tags":[13724],"class_list":["post-118487","post","type-post","status-publish","format-standard","has-post-thumbnail","hentry","category-spor","tag-tadic"],"_links":{"self":[{"href":"https:\/\/haberulus.net\/index.php?rest_route=\/wp\/v2\/posts\/118487","targetHints":{"allow":["GET"]}}],"collection":[{"href":"https:\/\/haberulus.net\/index.php?rest_route=\/wp\/v2\/posts"}],"about":[{"href":"https:\/\/haberulus.net\/index.php?rest_route=\/wp\/v2\/types\/post"}],"author":[{"embeddable":true,"href":"https:\/\/haberulus.net\/index.php?rest_route=\/wp\/v2\/users\/1"}],"replies":[{"embeddable":true,"href":"https:\/\/haberulus.net\/index.php?rest_route=%2Fwp%2Fv2%2Fcomments&post=118487"}],"version-history":[{"count":1,"href":"https:\/\/haberulus.net\/index.php?rest_route=\/wp\/v2\/posts\/118487\/revisions"}],"predecessor-version":[{"id":118489,"href":"https:\/\/haberulus.net\/index.php?rest_route=\/wp\/v2\/posts\/118487\/revisions\/118489"}],"wp:featuredmedia":[{"embeddable":true,"href":"https:\/\/haberulus.net\/index.php?rest_route=\/wp\/v2\/media\/118488"}],"wp:attachment":[{"href":"https:\/\/haberulus.net\/index.php?rest_route=%2Fwp%2Fv2%2Fmedia&parent=118487"}],"wp:term":[{"taxonomy":"category","embeddable":true,"href":"https:\/\/haberulus.net\/index.php?rest_route=%2Fwp%2Fv2%2Fcategories&post=118487"},{"taxonomy":"post_tag","embeddable":true,"href":"https:\/\/haberulus.net\/index.php?rest_route=%2Fwp%2Fv2%2Ftags&post=118487"}],"curies":[{"name":"wp","href":"https:\/\/api.w.org\/{rel}","templated":true}]}}