{"id":118567,"date":"2023-08-25T06:28:32","date_gmt":"2023-08-25T06:28:32","guid":{"rendered":"https:\/\/haberulus.net\/?p=118567"},"modified":"2023-08-25T06:28:32","modified_gmt":"2023-08-25T06:28:32","slug":"nazli-sabancidan-ilk-aile-pozu","status":"publish","type":"post","link":"https:\/\/haberulus.net\/?p=118567","title":{"rendered":"Nazl\u0131 Sabanc\u0131\u2019dan ilk aile pozu"},"content":{"rendered":"<p>Hac\u0131 Sabanc\u0131 (35) ile Nazl\u0131 Kay\u0131 (28), 10 Ekim 2021\u2019de Arzu-\u00d6mer Sabanc\u0131\u2019n\u0131n yal\u0131s\u0131nda sade bir nik\u00e2hla d\u00fcnyaevine girmi\u015fti.<\/p>\n<p>25 Haziran 2022\u2019de de \u00c7\u0131ra\u011fan Saray\u0131\u2019nda g\u00f6rkemli bir d\u00fc\u011f\u00fcn t\u00f6reni yapan \u00e7iftin\u00a0ilk bebekleri de 15 A\u011fustos\u2019ta d\u00fcnyaya geldi.<\/p>\n<p><img decoding=\"async\" src=\"https:\/\/i01.sozcucdn.com\/wp-content\/uploads\/2023\/08\/16\/290568477_120232090558578_2978218880600629857_n.jpg\" alt=\"\" title=\"\"><\/p>\n<p>Nazl\u0131 Sabanc\u0131, kay\u0131nvalidesi Arzu Sabanc\u0131\u2019n\u0131n ad\u0131n\u0131 verdi\u011fi k\u0131z\u0131 Arzu Alara ve e\u015fiyle ilk aile pozunu verdi.<\/p>\n<p><strong>\u201cKEL\u0130MELER K\u0130YAFETS\u0130Z\u201d<\/strong><\/p>\n<p>Nazl\u0131 Sabanc\u0131, birlikte \u00e7ektirdikleri foto\u011fraf\u0131 Instagram hesab\u0131ndan \u201cKelimeler kifayetsiz\u201d notuyla yay\u0131nlad\u0131.<\/p>\n<p><img decoding=\"async\" src=\"https:\/\/i01.sozcucdn.com\/wp-content\/uploads\/2023\/08\/25\/370559340_1741322356299109_3964971497336560731_n.jpg\" alt=\"\" title=\"\"><\/p>\n","protected":false},"excerpt":{"rendered":"<p>15 A\u011fustos&#8217;ta ilk bebe\u011fini d\u00fcnyaya getiren Nazl\u0131 Sabanc\u0131, sosyal medya hesab\u0131ndan k\u0131z\u0131 ve e\u015fi Hac\u0131 Sabanc\u0131 ile aile pozunu yay\u0131nlad\u0131.<\/p>\n","protected":false},"author":1,"featured_media":0,"comment_status":"closed","ping_status":"open","sticky":false,"template":"","format":"standard","meta":{"footnotes":""},"categories":[29],"tags":[13415],"class_list":["post-118567","post","type-post","status-publish","format-standard","hentry","category-magazin","tag-sabanci"],"_links":{"self":[{"href":"https:\/\/haberulus.net\/index.php?rest_route=\/wp\/v2\/posts\/118567","targetHints":{"allow":["GET"]}}],"collection":[{"href":"https:\/\/haberulus.net\/index.php?rest_route=\/wp\/v2\/posts"}],"about":[{"href":"https:\/\/haberulus.net\/index.php?rest_route=\/wp\/v2\/types\/post"}],"author":[{"embeddable":true,"href":"https:\/\/haberulus.net\/index.php?rest_route=\/wp\/v2\/users\/1"}],"replies":[{"embeddable":true,"href":"https:\/\/haberulus.net\/index.php?rest_route=%2Fwp%2Fv2%2Fcomments&post=118567"}],"version-history":[{"count":1,"href":"https:\/\/haberulus.net\/index.php?rest_route=\/wp\/v2\/posts\/118567\/revisions"}],"predecessor-version":[{"id":118568,"href":"https:\/\/haberulus.net\/index.php?rest_route=\/wp\/v2\/posts\/118567\/revisions\/118568"}],"wp:attachment":[{"href":"https:\/\/haberulus.net\/index.php?rest_route=%2Fwp%2Fv2%2Fmedia&parent=118567"}],"wp:term":[{"taxonomy":"category","embeddable":true,"href":"https:\/\/haberulus.net\/index.php?rest_route=%2Fwp%2Fv2%2Fcategories&post=118567"},{"taxonomy":"post_tag","embeddable":true,"href":"https:\/\/haberulus.net\/index.php?rest_route=%2Fwp%2Fv2%2Ftags&post=118567"}],"curies":[{"name":"wp","href":"https:\/\/api.w.org\/{rel}","templated":true}]}}