{"id":118639,"date":"2023-08-25T11:33:07","date_gmt":"2023-08-25T11:33:07","guid":{"rendered":"https:\/\/haberulus.net\/?p=118639"},"modified":"2023-08-25T11:33:07","modified_gmt":"2023-08-25T11:33:07","slug":"mircea-lucescunun-besiktas-aciklamasi-afrika-milli-takimina-karsi-oynadik","status":"publish","type":"post","link":"https:\/\/haberulus.net\/?p=118639","title":{"rendered":"Mircea Lucescu\u2019nun Be\u015fikta\u015f a\u00e7\u0131klamas\u0131: \u201cAfrika Milli Tak\u0131m\u0131\u2019na kar\u015f\u0131 oynad\u0131k\u201d"},"content":{"rendered":"<p>Dinamo Kiev Teknik Direkt\u00f6r\u00fc Mircea Lucescu, Be\u015fikta\u015f ile oynad\u0131klar\u0131 ma\u00e7tan sonra yapt\u0131\u011f\u0131 a\u00e7\u0131klama ile tepkileri toplad\u0131.<\/p>\n<p>M\u00fccadelenin ard\u0131ndan bas\u0131n toplant\u0131s\u0131 d\u00fczenleyen Lucescu, hakem hatalar\u0131n\u0131 ele\u015ftirirken, iptal edilen golleri hakk\u0131nda konu\u015ftu. Romanya\u2019da 3-2 yenildikleri ma\u00e7\u0131n ard\u0131ndan \u0130stanbul\u2019daki r\u00f6van\u015f kar\u015f\u0131la\u015fmas\u0131nda \u015fanslar\u0131 oldu\u011funu dile getiren Lucescu, Be\u015fikta\u015f\u2019\u0131n kadrosunda yer alan Afrika k\u00f6kenli oyuncularla ilgili s\u00f6zleri nedeniyle ele\u015ftiri oklar\u0131n\u0131 hedefi oldu.<\/p>\n<p>Siyah beyazl\u0131lar\u0131n Demokratik Kongo as\u0131ll\u0131 Frans\u0131z sol beki Arthur Masuaku, Lucescu\u2019nun s\u00f6zlerini sosyal medya hesab\u0131nda al\u0131nt\u0131layarak \u201cYani bu a\u00e7\u0131klama kabul edilecek, sorun yok mu?\u201d ifadelerini kulland\u0131.<\/p>\n<p><img decoding=\"async\" src=\"https:\/\/i01.sozcucdn.com\/wp-content\/uploads\/2023\/08\/25\/657.jpg\" alt=\"\" title=\"\"><\/p>\n<p>Ge\u00e7mi\u015f y\u0131llarda T\u00fcrkiye\u2019de hem Galatasaray hem de Be\u015fikta\u015f\u2019ta g\u00f6rev yapan ve bir d\u00f6nem A Milli Tak\u0131m Teknik Direkt\u00f6r\u00fc olarak da \u00fclkemizde \u00e7al\u0131\u015fan Lucescu, bas\u0131n mensuplar\u0131na verdi\u011fi deme\u00e7lerle bir\u00e7ok kez g\u00fcndeme gelmi\u015fti.<\/p>\n<p><strong>\u0130\u015fte Lucescu\u2019nun a\u00e7\u0131klamalar\u0131:\u00a0<\/strong><\/p>\n<p>\u201cBirileri hakemleri ele\u015ftirdi\u011fimi s\u00f6yleyebilir. Ancak bu t\u00fcr hatalarla ve iptal edilen goller konusunda \u015fampiyonuz. Ge\u00e7en sezon Benfica ma\u00e7\u0131nda da iptal etmi\u015flerdi. \u00c7izgiyi \u00e7ektiler, ger\u00e7ekte olmayan bir ofsayt\u0131 de\u011ferlendirmek i\u00e7in ma\u00e7\u0131n bir dakikas\u0131n\u0131 geri sard\u0131lar. Penalt\u0131 at\u0131\u015flar\u0131nda, yak\u0131n mesafeden at\u0131lan bir \u015futun ard\u0131ndan top y\u00f6n de\u011fi\u015ftirdi\u011finde ve Be\u015fikta\u015fl\u0131 oyuncu Popov\u2019un s\u0131k\u0131l\u0131 eline kafas\u0131yla vurdu\u011funda da hakemler rakibimiz lehine kararlar verdi.\u201d<\/p>\n<p><b>\u201cUYARIYORUM AMA Y\u0130NE OLUYOR\u201d<\/b><\/p>\n<p>\u201cGenel olarak oyun bizim a\u00e7\u0131m\u0131zdan iyiydi, maalesef tekrarlanan hatalar\u0131 hari\u00e7 tutarsak. Beni en \u00e7ok \u00fczen de bu\u2026 Bu konuda konu\u015fuyorum ama yine de oluyor\u2026 Hem tak\u0131m\u0131m\u0131z hem de rakibimiz iyi oynad\u0131 ama biz \u00fcst\u00fcnd\u00fck ve iyi gol f\u0131rsatlar\u0131 yakalad\u0131k. Ancak iptal edilen gol gibi b\u00f6l\u00fcmlerde kanatlar\u0131n\u0131z k\u0131rp\u0131lm\u0131\u015f gibi oluyor ve oyuna geri d\u00f6nmek \u00e7ok zor oluyor. Ba\u015fard\u0131k, \u00e7ocuklar iyi i\u015f \u00e7\u0131kard\u0131 ama ne sonu\u00e7tan ne de hatalar\u0131m\u0131zdan memnunum.\u201d<\/p>\n<p><b>\u201cBE\u015e\u0130KTA\u015e DE\u011e\u0130L AFR\u0130KA M\u0130LL\u0130 TAKIMI\u2026\u201d<\/b><\/p>\n<p>\u201cHala bir \u015fans\u0131m\u0131z var. Bug\u00fcn teknik ve fiziksel a\u00e7\u0131dan bizden daha iyi olabilecek g\u00fc\u00e7l\u00fc bir rakibe kar\u015f\u0131 iyi oynad\u0131k ama oyun organizasyonu, adanm\u0131\u015fl\u0131k ve birliktelik sayesinde onlara kar\u015f\u0131 iyi oynad\u0131k. Be\u015fikta\u015f\u2019a kar\u015f\u0131 de\u011fil, Afrika milli tak\u0131m\u0131na kar\u015f\u0131 oynad\u0131k\u2026 Gambiyal\u0131, Kongolu, Ganal\u0131, Angolal\u0131\u2026 Kul\u00fcpte yeti\u015fmi\u015f 11 oyuncuyla b\u00f6yle bir tak\u0131ma kar\u015f\u0131 oynamak \u00e7ok zor. \u0130stanbul\u2019da da ayn\u0131 \u015fekilde oynamaya \u00e7al\u0131\u015faca\u011f\u0131z, olumlu y\u00f6nlerimiz var ancak savunmada yapt\u0131\u011f\u0131m\u0131z ve gol yememize neden olan bu hatalar\u0131 ortadan kald\u0131rmam\u0131z gerekiyor. Kendi oyunumuzu oynamal\u0131, rakibe kombinasyon oyunumuzla kar\u015f\u0131 koymal\u0131 ve istedi\u011fimiz sonuca ula\u015fabilece\u011fimize inanmal\u0131y\u0131z.\u201d<\/p>\n<p>\u201cTaraftarlardan ba\u015fka bir tak\u0131m\u0131 oynarken kendi tak\u0131mlar\u0131 kadar desteklemelerini istemek zor. Elbette deste\u011fi hissettik, belki biraz daha fazla hissetmek istedik ama taraftarlara iyi bir sonu\u00e7la kar\u015f\u0131l\u0131k verememi\u015f olmam\u0131z \u00fcz\u00fcc\u00fc. \u0130yi bir ma\u00e7t\u0131 ama sonu\u00e7 \u00f6yle de\u011fildi\u2026 \u0130kinci bir ma\u00e7 daha var, umar\u0131m iyi oynar, kazan\u0131r ve Konferans Ligi grup a\u015famas\u0131 ma\u00e7lar\u0131n\u0131 oynamak \u00fczere B\u00fckre\u015f\u2019e d\u00f6neriz.\u201d<\/p>\n","protected":false},"excerpt":{"rendered":"<p>Mircea Lucescu, Be\u015fikta\u015f kar\u015f\u0131s\u0131nda al\u0131nan sonucun ard\u0131ndan olduk\u00e7a tart\u0131\u015f\u0131lacak ifadeler kulland\u0131. Be\u015fikta\u015f&#8217;\u0131n kadrosundaki Afrikal\u0131 oyunculara dair s\u00f6ylemleriyle ele\u015ftiri alan Lucescu&#8217;ya, ilk tepki siyah beyazl\u0131 futbolcu Masuaku&#8217;dan geldi.<\/p>\n","protected":false},"author":1,"featured_media":118640,"comment_status":"closed","ping_status":"open","sticky":false,"template":"","format":"standard","meta":{"footnotes":""},"categories":[31],"tags":[324,323,290,203,192],"class_list":["post-118639","post","type-post","status-publish","format-standard","has-post-thumbnail","hentry","category-spor","tag-besiktas","tag-gol","tag-mac","tag-oyun","tag-takim"],"_links":{"self":[{"href":"https:\/\/haberulus.net\/index.php?rest_route=\/wp\/v2\/posts\/118639","targetHints":{"allow":["GET"]}}],"collection":[{"href":"https:\/\/haberulus.net\/index.php?rest_route=\/wp\/v2\/posts"}],"about":[{"href":"https:\/\/haberulus.net\/index.php?rest_route=\/wp\/v2\/types\/post"}],"author":[{"embeddable":true,"href":"https:\/\/haberulus.net\/index.php?rest_route=\/wp\/v2\/users\/1"}],"replies":[{"embeddable":true,"href":"https:\/\/haberulus.net\/index.php?rest_route=%2Fwp%2Fv2%2Fcomments&post=118639"}],"version-history":[{"count":1,"href":"https:\/\/haberulus.net\/index.php?rest_route=\/wp\/v2\/posts\/118639\/revisions"}],"predecessor-version":[{"id":118641,"href":"https:\/\/haberulus.net\/index.php?rest_route=\/wp\/v2\/posts\/118639\/revisions\/118641"}],"wp:featuredmedia":[{"embeddable":true,"href":"https:\/\/haberulus.net\/index.php?rest_route=\/wp\/v2\/media\/118640"}],"wp:attachment":[{"href":"https:\/\/haberulus.net\/index.php?rest_route=%2Fwp%2Fv2%2Fmedia&parent=118639"}],"wp:term":[{"taxonomy":"category","embeddable":true,"href":"https:\/\/haberulus.net\/index.php?rest_route=%2Fwp%2Fv2%2Fcategories&post=118639"},{"taxonomy":"post_tag","embeddable":true,"href":"https:\/\/haberulus.net\/index.php?rest_route=%2Fwp%2Fv2%2Ftags&post=118639"}],"curies":[{"name":"wp","href":"https:\/\/api.w.org\/{rel}","templated":true}]}}