{"id":118672,"date":"2023-08-25T11:51:05","date_gmt":"2023-08-25T11:51:05","guid":{"rendered":"https:\/\/haberulus.net\/?p=118672"},"modified":"2023-08-25T11:51:05","modified_gmt":"2023-08-25T11:51:05","slug":"istanbulda-anaokulu-ve-bakici-fiyatlari-artti-cocuklar-buyukannelere-emanet","status":"publish","type":"post","link":"https:\/\/haberulus.net\/?p=118672","title":{"rendered":"\u0130stanbul\u2019da anaokulu ve bak\u0131c\u0131 fiyatlar\u0131 artt\u0131; \u00e7ocuklar b\u00fcy\u00fckannelere emanet"},"content":{"rendered":"<p>\u0130stanbul\u2019da son d\u00f6nemde artan anaokulu ve bak\u0131c\u0131 fiyatlar\u0131 \u00e7al\u0131\u015fan anne babalar\u0131 zorluyor.<\/p>\n<p>\u00d6zel Anaokullar\u0131 Derne\u011fi Ba\u015fkan\u0131 Hac\u0131 Murat Ku\u015f, \u201cBir bak\u0131c\u0131n\u0131n fiyat\u0131 ayl\u0131k 25 bin lira d\u00fczeyinde. Bir anaokulunun fiyat\u0131nda ise yakla\u015f\u0131k 7 bin ile 14 bin aras\u0131nda de\u011fi\u015fen rakamlar telaffuz ediliyor. Haliyle okul maliyetleri de ciddi k\u00fclfet haline geldi\u201d dedi.<\/p>\n<p>Bak\u0131c\u0131l\u0131k firmas\u0131 sahibi \u015eeyma Kuvan ise \u201cG\u00fcnd\u00fcz \u00e7al\u0131\u015fanlar i\u00e7in 18 bin ile 25 bin lira. Bu rakama maa\u015f art\u0131 sigorta masraflar\u0131 da dahil. Yat\u0131l\u0131 \u00e7al\u0131\u015fan, devaml\u0131 6 g\u00fcn sizin evinizde kalan bak\u0131c\u0131lar i\u00e7in 20 bin ile 30 bin T\u00fcrk liras\u0131 aras\u0131nda bak\u0131c\u0131lar\u0131n donan\u0131m\u0131na g\u00f6re de\u011fi\u015fiyor\u201d dedi.<\/p>\n<p>Anne Ayla Karaer \u201cKre\u015flerden ekstra bir \u015feyler talep ediyorlar. O y\u00fczden vermemiz imkans\u0131z. Mecbur \u00e7al\u0131\u015faca\u011f\u0131m. Ya babaanne ya anneanne bakacak\u201d dedi.<\/p>\n<p>\u00c7al\u0131\u015fmak zorunda kalan anneler, \u00e7ocuklar\u0131n\u0131 anaokuluna g\u00f6ndermek veya evlerine bak\u0131c\u0131 \u00e7a\u011f\u0131rmak istediklerinde y\u00fcksek fiyatlarla kar\u015f\u0131la\u015f\u0131yor. Ayl\u0131k 7 bin ile 14 bin T\u00fcrk liras\u0131 aras\u0131nda de\u011fi\u015fen kre\u015f fiyatlar\u0131 ve 30 bin liray\u0131 bulan \u00e7ocuk bak\u0131c\u0131s\u0131 \u00fccretleri nedeniyle aileler, aile b\u00fcy\u00fcklerinden yard\u0131m almak zorunda kal\u0131yor.<\/p>\n<p>Baz\u0131 aileler ise, \u00e7\u00f6z\u00fcm\u00fc belediyelerin sosyal imkanlar\u0131ndan faydalanmakta ar\u0131yor. Kre\u015f ve anaokulu yetkilileri fiyatlara artan maliyetlerin yans\u0131d\u0131\u011f\u0131n\u0131 belirtirken, bak\u0131c\u0131l\u0131k hizmeti verenler ise, birebir e\u011fitimin daha \u00f6nemli oldu\u011funu ve fiyatlar\u0131n talebe g\u00f6re \u015fekillendi\u011fini s\u00f6yl\u00fcyor.<\/p>\n<p><b>\u2018A\u0130LE B\u00dcT\u00c7ES\u0130N\u0130N Y\u00dcZDE 30\u2019U KADAR OLMALI\u2019<\/b><\/p>\n<p>Artan kre\u015f fiyatlar\u0131 ve \u00e7ocuk bak\u0131c\u0131lar\u0131n\u0131n \u00fccretlerini de\u011ferlendiren \u00d6zel Anaokullar\u0131 Derne\u011fi Ba\u015fkan\u0131 Hac\u0131 Murat Ku\u015f, okul maliyetlerinin ciddi bir k\u00fclfet haline geldi\u011fini belirten a\u00e7\u0131klamas\u0131nda \u015fu ifadelere yer verdi:<\/p>\n<p>\u201cBir bak\u0131c\u0131n\u0131n fiyatlar\u0131 ayl\u0131k 25 bin lira d\u00fczeyinde baz\u0131 evlerde 600 dolar ile 800 dolar aras\u0131nda de\u011fi\u015fiyor. Bir anaokulunun fiyat\u0131 ise yakla\u015f\u0131k 7 bin ile 14 bin aras\u0131nda de\u011fi\u015fen rakamlar\u0131 telaffuz ediliyor. Haliyle okul maliyetleri de ciddi k\u00fclfet haline geldi.<\/p>\n<p>Bunun i\u00e7erisinde kira maliyetlerimiz var, \u00f6\u011fretmen maliyetlerimiz var, g\u0131da fiyatlar\u0131m\u0131z var, bunun haricinde ekstradan okullar\u0131m\u0131za katm\u0131\u015f oldu\u011fumuz de\u011ferler var ki bunlar da bran\u015f \u00f6\u011fretmenleri yani bir okulun a\u015fa\u011f\u0131 yukar\u0131 8-9 \u00f6\u011fretmeni varsa d\u0131\u015far\u0131dan alm\u0131\u015f oldu\u011fu hizmetlerle beraber bu yakla\u015f\u0131k 13-14 tane \u00f6\u011fretmene tekab\u00fcl ediyor.<\/p>\n<p>Butik anaokullar\u0131 \u00e7ocuklar i\u00e7in b\u00fct\u00fcn geli\u015fim s\u00fcre\u00e7lerini sa\u011flayabilecek en g\u00fczel yerlerden bir tanesi. Burada \u015funa dikkat etmek gerekiyor, evet baz\u0131 okullar belli bir rakam\u0131n \u00fczerine \u00e7\u0131km\u0131\u015f olabilirler ama bu da arz talebi kar\u015f\u0131l\u0131yor.<\/p>\n<p>Velilerimizin \u015funu bilmesi laz\u0131m ki bir okulun \u00fccreti, bir aile b\u00fct\u00e7esinin en fazla y\u00fczde 30\u2019u kadar olmas\u0131 gerekiyor. Bunu da ailelerin iyi d\u00fc\u015f\u00fcnmesi gerekiyor. Gerekirse devlet okuluna g\u00f6nderebilirler ama e\u011fer imkanlar\u0131 varsa \u00f6zel okullara da g\u00f6ndermelerini \u015fiddetle tavsiye ediyoruz. \u00c7\u00fcnk\u00fc akranlar\u0131yla beraber bu \u00e7ocuklar\u0131n e\u011fitim almalar\u0131 gerekiyor\u201d<\/p>\n<p><b>P\u0130M\u0130 \u00c7EK\u0130LM\u0130\u015e EL BOMBASINA BENZETT\u0130<\/b><\/p>\n<p>Murat Ku\u015f, \u00e7ocu\u011fun yan\u0131nda bir bak\u0131c\u0131n\u0131n kalmas\u0131n\u0131 ise bu \u00e7ocu\u011fun geli\u015fimi a\u00e7\u0131s\u0131ndan \u00e7ok sa\u011fl\u0131kl\u0131 olmayaca\u011f\u0131n\u0131 ifade etti.<\/p>\n<p>Ku\u015f, \u00e7ocuklar yabanc\u0131 dil \u00f6\u011frensin diye yurtd\u0131\u015f\u0131ndan gelen g\u00f6\u00e7menlerin tercih edildi\u011fini belirterek \u201cBunlar\u0131n ne \u00e7al\u0131\u015fma izinleri oldu\u011fu sorgulan\u0131yor ne herhangi bir sab\u0131kas\u0131 var m\u0131 yok mu, pedofili mi ba\u015fka bir \u015fey mi oldu\u011fu konusunda hi\u00e7 kimsenin bir fikri yok. Haliyle bu aileler evlerine belki pimi \u00e7ekilmi\u015f el bombas\u0131 alm\u0131\u015f olduklar\u0131n\u0131n belki fark\u0131na bile varmayacaklar\u201d dedi.<\/p>\n<p><b>\u201c\u0130STANBUL\u2019DA F\u0130YATLAR 7 B\u0130N \u0130LE 14 B\u0130N TL ARASINDA\u201d<\/b><\/p>\n<p>\u0130stanbul, Esenler\u2019de bulunan \u00f6zel bir anaokulunun m\u00fcd\u00fcr\u00fc Zeynep Korkmaz ise \u015fu anda \u0130stanbul\u2019da kre\u015f fiyatlar\u0131n\u0131n 7 bin ile 14 bin aras\u0131nda de\u011fi\u015fiklik g\u00f6sterdi\u011fini belirtti.<\/p>\n<p><strong>Korkmaz kre\u015f fiyatlar\u0131n\u0131n bulunan muhite g\u00f6re, muhitlerin kiralar\u0131na g\u00f6re de\u011fi\u015fiklik g\u00f6sterdi\u011fini belirterek \u015f\u00f6yle konu\u015ftu:<\/strong><\/p>\n<p>\u015eu anda kendi kurumumuzda normal \u015fartlarda 7 bin 500 T\u00fcrk liras\u0131. 3 \u00f6\u011f\u00fcn yemek veriyoruz. Sabah kahvalt\u0131s\u0131, \u00f6\u011fle yeme\u011fi ve ikindi kahvalt\u0131s\u0131 veriyoruz. \u00c7al\u0131\u015fan ailelerimiz i\u00e7in sabah 8:30\u2019dan ak\u015fam 18:30\u2019a kadar kurumumuzu a\u00e7\u0131k tutuyoruz; hizmet veriyoruz.<\/p>\n<p>Haftan\u0131n 3 g\u00fcn\u00fc \u0130ngilizce dersimiz var. Haftan\u0131n bir g\u00fcn\u00fc m\u00fczik dersimiz, bir g\u00fcn\u00fc satran\u00e7 dersimiz, psikolo\u011fumuz bulunuyor \u00e7ocu\u011fumuzun g\u00f6zlemlerini yap\u0131yor. Bu fiyat aral\u0131\u011f\u0131na da kurumumuzda belirli hizmetler verdik, talepleri de de\u011ferlendiriyoruz.\u201d<\/p>\n<p><b>BAKICI \u00dcCRETLER\u0130 30 B\u0130N TL\u2019YE KADAR \u00c7IKTI<\/b><\/p>\n<p>Bak\u0131c\u0131l\u0131k hizmeti veren firman\u0131n sahibi \u015eeyma Kuvan ise, \u00e7ocuk bak\u0131c\u0131lar\u0131n\u0131n donan\u0131mlar\u0131na g\u00f6re \u00fccretlerinin artt\u0131\u011f\u0131n\u0131 s\u00f6ylerken, \u201cG\u00fcnd\u00fczl\u00fc \u00e7al\u0131\u015fanlar i\u00e7in 18 bin ile 25 bin T\u00fcrk liras\u0131. Bu rakama maa\u015f art\u0131 sigorta masraflar\u0131 da dahil. Yat\u0131l\u0131 \u00e7al\u0131\u015fan, devaml\u0131 6 g\u00fcn sizin evinizde kalan bak\u0131c\u0131lar i\u00e7in 20 bin ile 30 bin T\u00fcrk liras\u0131 aras\u0131nda bak\u0131c\u0131lar\u0131n donan\u0131m\u0131na g\u00f6re de\u011fi\u015fiyor\u201d dedi.<\/p>\n<p>Kuvan, \u201c\u00c7ocuk geli\u015fimi e\u011fitimi alm\u0131\u015f en az\u0131ndan bir kursa gitmi\u015f veya herhangi bir yabanc\u0131 dilbilgisi olsun istiyorsan\u0131z buna g\u00f6re rakamlar y\u00fckseliyor\u201d ifadelerine yer verdi.<\/p>\n<p>Kuvan, kre\u015f ve bak\u0131c\u0131 fiyatlar\u0131 aras\u0131ndaki farkla ilgili olarak ise, \u201cNas\u0131l bir kre\u015fe g\u00f6nderdi\u011finizle de alakal\u0131 her \u015feyden \u00f6nce evinizin her yerine kamera tak\u0131p devaml\u0131 kendinize \u00f6zel tuttu\u011funuz bak\u0131c\u0131y\u0131 g\u00f6zlemleyebilme kontrol edebilme \u015fans\u0131n\u0131z varken \u00e7o\u011fu kre\u015fte b\u00f6yle bir uygulama yok. Oyun alanlar\u0131n\u0131n baz\u0131lar\u0131na kamera koyuluyorsa baz\u0131lar\u0131na koyulmuyor ve \u00e7ocu\u011funuzu her dakika istedi\u011finiz gibi g\u00f6zlemleyemeyebiliyorsunuz\u201d dedi.<\/p>\n<p>Birebir ilgi istendi\u011finde bak\u0131c\u0131n\u0131n daha iyi bir tercih oldu\u011funu belirten Kuvan, ailelerin sosyalle\u015fme a\u00e7\u0131s\u0131ndan kre\u015fi tercih edebilece\u011fini fakat \u0130stanbul\u2019da \u00e7o\u011fu ailenin sitede veya park yak\u0131n\u0131nda oturdu\u011fu i\u00e7in g\u00fcnl\u00fck parka \u00e7\u0131karma saatleri belirlendi\u011fini s\u00f6yledi.<\/p>\n<p>Kuvan, \u201cBak\u0131c\u0131 \u00e7ocu\u011fu al\u0131p her g\u00fcn en az 2 saat parkta oyun oynat\u0131yor ve di\u011fer bak\u0131c\u0131 ve di\u011fer \u00e7ocuklarla birlikte gayet sosyalle\u015febiliyor\u201d ifadelerini kulland\u0131.<\/p>\n<p><b>\u2018BAKICILAR VE \u00d6ZEL KRE\u015eLER ATE\u015e PAHASI\u2019<\/b><\/p>\n<p><strong>Fiyatlar\u0131n y\u00fcksekli\u011finden dolay\u0131 belediyelerin kre\u015flerine \u00e7ocu\u011funu g\u00f6ndermeyi planlayan Didem \u015e\u0131k ise \u015funlar\u0131 kaydetti:<\/strong><\/p>\n<p>\u201cFiyatlar \u00f6zel sekt\u00f6r\u00fcn art\u0131\u015f\u0131, onun i\u00e7in bir \u015fey s\u00f6yleyemem. B\u00fcy\u00fck\u015fehir belediyesi \u00e7al\u0131\u015fan annelere destek oldu. Baz\u0131 belediyelerin g\u00fcnd\u00fcz bak\u0131mevi ad\u0131 alt\u0131nda a\u00e7t\u0131\u011f\u0131 kre\u015fler var. Biz g\u00f6nderirsek \u00f6yle bir \u015fey d\u00fc\u015f\u00fcn\u00fcyoruz.<\/p>\n<p>Bak\u0131c\u0131lar ve \u00f6zel kre\u015fler ate\u015f pahas\u0131 ona bir \u00e7ocuk b\u0131rakmak ya da onun aktivitesini sa\u011flamak m\u00fcmk\u00fcn de\u011fil. G\u00fcnl\u00fck aktivite s\u0131n\u0131flar\u0131 var. O aktivite s\u0131n\u0131flar\u0131n\u0131 da deneyelim diyoruz ama onlar da maalesef g\u00fcn\u00fcm\u00fcz \u015fartlar\u0131nda \u00e7ok pahal\u0131. Tabi ki de kre\u015f isterim. Kendi ya\u015f\u0131tlar\u0131yla kendi akranlar\u0131yla oynamas\u0131n\u0131 isterim ama \u015fu anda pek m\u00fcmk\u00fcn de\u011fil.\u201d<\/p>\n<p><b>\u2018YA BABAANNE YA ANNEANNE BAKACAK\u2019<\/b><\/p>\n<p>Kre\u015f ve bak\u0131c\u0131 \u00fccretlerinin y\u00fcksek olmas\u0131ndan dolay\u0131 ailesinden yard\u0131m almak zorunda kalaca\u011f\u0131n\u0131 ifade eden Ayla Karaer ise kre\u015f fiyatlar\u0131n\u0131 g\u00f6rd\u00fckten sonra vazge\u00e7tiklerini belirtti.<\/p>\n<p>Karaer, \u201cBu hayat \u015fartlar\u0131nda imkans\u0131z gibi g\u00f6z\u00fck\u00fcyor ilerleyen zamanlarda da vermek zor. \u00c7\u00fcnk\u00fc \u015fu anda tam 1 ya\u015f\u0131nda. E\u015fim yeni emekli oldu. 7 bin 500 TL maa\u015f al\u0131yor. \u00c7al\u0131\u015fmaya devam etti\u011fi halde bezi, \u0131slak mendili, mamas\u0131d\u0131r baya bir s\u0131k\u0131nt\u0131 \u00e7ekiyoruz ve 3-4 ya\u015f\u0131nda kre\u015fe verip benim de \u00e7al\u0131\u015fmam gerekti\u011fi d\u00fc\u015f\u00fcncesindeydik esas\u0131nda \u00f6yle d\u00fc\u015f\u00fcn\u00fcyorduk ama fiyatlar\u0131 g\u00f6rd\u00fckten sonra vazge\u00e7tik\u201d dedi.<\/p>\n<p>Maa\u015f\u0131n\u0131n yar\u0131s\u0131ndan \u00e7o\u011funun kre\u015f paras\u0131na gidece\u011fini ve kre\u015flerden ekstra bir \u015feyler talep edildi\u011fini belirten Karaer,\u00a0 \u201cO y\u00fczden vermemiz imkans\u0131z. Mecbur \u00e7al\u0131\u015faca\u011f\u0131m. Ya babaanne ya anneanne bakacak. Yapabilecek bir \u015fey yok. Anneanne biraz gen\u00e7, b\u00fcy\u00fck bir ihtimalle anneanneye verece\u011fiz bak\u0131m i\u00e7in\u201d dedi. (DHA)<\/p>\n","protected":false},"excerpt":{"rendered":"<p>\u0130stanbul&#8217;da son d\u00f6nemde artan bak\u0131c\u0131 ve ana okulu fiyatlar\u0131 aileleri zor durumda b\u0131rakt\u0131. Ayl\u0131k 7 bin ile 14 bin T\u00fcrk liras\u0131 aras\u0131nda de\u011fi\u015fen kre\u015f fiyatlar\u0131 ve 30 bin liray\u0131 bulan \u00e7ocuk bak\u0131c\u0131s\u0131 \u00fccretleri nedeniyle aileler \u00e7ocuklar\u0131n\u0131 b\u00fcy\u00fckannelere emanet edeceklerini belirtiyorlar.<\/p>\n","protected":false},"author":1,"featured_media":118673,"comment_status":"closed","ping_status":"open","sticky":false,"template":"","format":"standard","meta":{"footnotes":""},"categories":[25],"tags":[1079,5603,765,82,9929],"class_list":["post-118672","post","type-post","status-publish","format-standard","has-post-thumbnail","hentry","category-ekonomi","tag-aile","tag-bakici","tag-cocuk","tag-gun","tag-kres"],"_links":{"self":[{"href":"https:\/\/haberulus.net\/index.php?rest_route=\/wp\/v2\/posts\/118672","targetHints":{"allow":["GET"]}}],"collection":[{"href":"https:\/\/haberulus.net\/index.php?rest_route=\/wp\/v2\/posts"}],"about":[{"href":"https:\/\/haberulus.net\/index.php?rest_route=\/wp\/v2\/types\/post"}],"author":[{"embeddable":true,"href":"https:\/\/haberulus.net\/index.php?rest_route=\/wp\/v2\/users\/1"}],"replies":[{"embeddable":true,"href":"https:\/\/haberulus.net\/index.php?rest_route=%2Fwp%2Fv2%2Fcomments&post=118672"}],"version-history":[{"count":1,"href":"https:\/\/haberulus.net\/index.php?rest_route=\/wp\/v2\/posts\/118672\/revisions"}],"predecessor-version":[{"id":118674,"href":"https:\/\/haberulus.net\/index.php?rest_route=\/wp\/v2\/posts\/118672\/revisions\/118674"}],"wp:featuredmedia":[{"embeddable":true,"href":"https:\/\/haberulus.net\/index.php?rest_route=\/wp\/v2\/media\/118673"}],"wp:attachment":[{"href":"https:\/\/haberulus.net\/index.php?rest_route=%2Fwp%2Fv2%2Fmedia&parent=118672"}],"wp:term":[{"taxonomy":"category","embeddable":true,"href":"https:\/\/haberulus.net\/index.php?rest_route=%2Fwp%2Fv2%2Fcategories&post=118672"},{"taxonomy":"post_tag","embeddable":true,"href":"https:\/\/haberulus.net\/index.php?rest_route=%2Fwp%2Fv2%2Ftags&post=118672"}],"curies":[{"name":"wp","href":"https:\/\/api.w.org\/{rel}","templated":true}]}}