{"id":118747,"date":"2023-08-25T15:21:04","date_gmt":"2023-08-25T15:21:04","guid":{"rendered":"https:\/\/haberulus.net\/?p=118747"},"modified":"2023-08-25T15:21:04","modified_gmt":"2023-08-25T15:21:04","slug":"fenerbahce-dominik-livakovicin-maliyetini-acikladi","status":"publish","type":"post","link":"https:\/\/haberulus.net\/?p=118747","title":{"rendered":"Fenerbah\u00e7e Dominik Livakovic\u2019in maliyetini a\u00e7\u0131klad\u0131"},"content":{"rendered":"<p>Fenerbah\u00e7e H\u0131rvatistan Milli Tak\u0131m\u0131\u2019n\u0131n kalecisi Dominik Livakovic transferinde mutlu sona ula\u015ft\u0131. 28 ya\u015f\u0131ndaki kaleci ile 5 y\u0131ll\u0131k s\u00f6zle\u015fme imzalan\u0131rken, transferin maliyeti de a\u00e7\u0131kland\u0131.<\/p>\n<p>Yap\u0131lan a\u00e7\u0131klamada Fenerbah\u00e7e\u2019nin Dominik Livakovic i\u00e7in kul\u00fcb\u00fc Dinamo Zagreb\u2019e bonservis bedeli olarak 6.650.000 Euro net ve 950.000 Euro bonus \u00f6denece\u011fi belirtildi.<\/p>\n<p>Dominik Livakovic, \u00dclker Stadyumu Fenerbah\u00e7e \u015e\u00fckr\u00fc Saraco\u011flu Spor Kompleksi&#8217;nde ger\u00e7ekle\u015ftirilen imza t\u00f6reninde kendisini 5 y\u0131ll\u0131\u011f\u0131na sar\u0131 lacivertli renklere ba\u011flayan s\u00f6zle\u015fmeye imza att\u0131. Livekovic\u2019in 40 numaral\u0131 formay\u0131 giyece\u011fi duyuruldu.<\/p>\n<p>\u0130mza t\u00f6reni sonras\u0131 ilk a\u00e7\u0131klamas\u0131n\u0131 yapan Livakovic \u201cHarika hissediyorum. D\u00fcn ve bug\u00fcn i\u00e7in te\u015fekk\u00fcr ediyorum. Haydi Fenerbah\u00e7e\u201d dedi.<\/p>\n<p><b>SELAHATT\u0130N BAK\u0130: S\u00d6Z\u00dcN\u00dc TUTTU<\/b><\/p>\n<p>\u0130mzalar\u0131n at\u0131lmas\u0131n\u0131n ard\u0131ndan a\u00e7\u0131klamalarda bulunan Fenerbah\u00e7e Y\u00f6netim Kurulu \u00dcyesi Selahattin Baki, \u201cHay\u0131rl\u0131 olsun. Bug\u00fcn milli gururlar\u0131m\u0131zdan Altay&#8217;\u0131m\u0131z\u0131 d\u00fcnya devine u\u011furlad\u0131k. Ayn\u0131 g\u00fcn Fenerbah\u00e7emize yak\u0131\u015f\u0131r bir CV&#8217;si olan H\u0131rvatistan Milli Tak\u0131m\u0131\u2019n\u0131n as kalecisini getirdik. \u00dczerinde uzun s\u00fcredir \u00e7al\u0131\u015ft\u0131\u011f\u0131m\u0131z bir transferdi. Kolay olmad\u0131. Kendisi bize birka\u00e7 hafta \u00f6nce s\u00f6z vermi\u015fti ama yaz\u0131l\u0131 \u00e7izili bir \u015fey yoktu. \u2018Kul\u00fcpten \u00e7\u0131kabildi\u011fim takdirde Fenerbah\u00e7e&#8217;ye gelece\u011fim&#8217; diye. S\u00f6z\u00fcn\u00fc tuttu. Kendisine te\u015fekk\u00fcr ediyorum. Say\u0131n Ba\u015fkan\u0131m\u0131za \u00e7ok te\u015fekk\u00fcr ediyorum. Futbol \u015fubemize, sevgili Mario Branco ve Okan&#8217;a da \u00e7ok te\u015fekk\u00fcr ediyorum. Kolay olmad\u0131 ama in\u015fallah bundan sonras\u0131 \u00e7ok iyi olacak\u201d ifadelerini kulland\u0131.<\/p>\n","protected":false},"excerpt":{"rendered":"<p>Fenerbah\u00e7e, H\u0131rvat kaleci Dominik Livakovic transferini bitirdi. Fenerbah\u00e7e, 5 y\u0131ll\u0131k s\u00f6zle\u015fme imzalad\u0131\u011f\u0131 Livekovic&#8217;in mali detaylar\u0131n\u0131 da duyurdu.<\/p>\n","protected":false},"author":1,"featured_media":118748,"comment_status":"closed","ping_status":"open","sticky":false,"template":"","format":"standard","meta":{"footnotes":""},"categories":[31],"tags":[346,470,77],"class_list":["post-118747","post","type-post","status-publish","format-standard","has-post-thumbnail","hentry","category-spor","tag-fenerbahce","tag-imza","tag-soz"],"_links":{"self":[{"href":"https:\/\/haberulus.net\/index.php?rest_route=\/wp\/v2\/posts\/118747","targetHints":{"allow":["GET"]}}],"collection":[{"href":"https:\/\/haberulus.net\/index.php?rest_route=\/wp\/v2\/posts"}],"about":[{"href":"https:\/\/haberulus.net\/index.php?rest_route=\/wp\/v2\/types\/post"}],"author":[{"embeddable":true,"href":"https:\/\/haberulus.net\/index.php?rest_route=\/wp\/v2\/users\/1"}],"replies":[{"embeddable":true,"href":"https:\/\/haberulus.net\/index.php?rest_route=%2Fwp%2Fv2%2Fcomments&post=118747"}],"version-history":[{"count":1,"href":"https:\/\/haberulus.net\/index.php?rest_route=\/wp\/v2\/posts\/118747\/revisions"}],"predecessor-version":[{"id":118749,"href":"https:\/\/haberulus.net\/index.php?rest_route=\/wp\/v2\/posts\/118747\/revisions\/118749"}],"wp:featuredmedia":[{"embeddable":true,"href":"https:\/\/haberulus.net\/index.php?rest_route=\/wp\/v2\/media\/118748"}],"wp:attachment":[{"href":"https:\/\/haberulus.net\/index.php?rest_route=%2Fwp%2Fv2%2Fmedia&parent=118747"}],"wp:term":[{"taxonomy":"category","embeddable":true,"href":"https:\/\/haberulus.net\/index.php?rest_route=%2Fwp%2Fv2%2Fcategories&post=118747"},{"taxonomy":"post_tag","embeddable":true,"href":"https:\/\/haberulus.net\/index.php?rest_route=%2Fwp%2Fv2%2Ftags&post=118747"}],"curies":[{"name":"wp","href":"https:\/\/api.w.org\/{rel}","templated":true}]}}