{"id":118792,"date":"2023-08-25T16:39:05","date_gmt":"2023-08-25T16:39:05","guid":{"rendered":"https:\/\/haberulus.net\/?p=118792"},"modified":"2023-08-25T16:39:05","modified_gmt":"2023-08-25T16:39:05","slug":"huseyin-eroglu-transfer-istedi","status":"publish","type":"post","link":"https:\/\/haberulus.net\/?p=118792","title":{"rendered":"H\u00fcseyin Ero\u011flu transfer istedi"},"content":{"rendered":"<p>Trendyol S\u00fcper Lig ekiplerinden Y\u0131lport Samsunspor\u2019un teknik direkt\u00f6r\u00fc H\u00fcseyin Ero\u011flu, Nuri Asan Tesislerinde d\u00fczenledi\u011fi bas\u0131n toplant\u0131s\u0131nda, 27 A\u011fustos Pazar g\u00fcn\u00fc deplasmanda oynayacaklar\u0131 Mondihome Kayserispor ma\u00e7\u0131na kazanmak i\u00e7in \u00e7\u0131kacaklar\u0131n\u0131 s\u00f6yledi.<\/p>\n<p>S\u00fcper Lig\u2019de her ma\u00e7\u0131n zor oldu\u011funa i\u015faret eden Ero\u011flu, \u201cBiz de buna g\u00f6re en iyi \u015fekilde haz\u0131rlan\u0131yoruz, her ma\u00e7 oldu\u011fu gibi ma\u00e7ta hedefimiz tabii ki kazanmak. Tabii kazanam\u0131yorsan bir puan bile \u00e7ok de\u011ferli. Haz\u0131rl\u0131klar\u0131m\u0131z bu y\u00f6nde. Kayserispor ma\u00e7\u0131 deplasmanda olmas\u0131 evet farkl\u0131 olabilir ama biz i\u00e7 saha d\u0131\u015f saha her ma\u00e7a ayn\u0131 d\u00fc\u015f\u00fcncede haz\u0131rlan\u0131yoruz\u201d dedi.<\/p>\n<p><b>\u201cB\u00dcT\u00dcN TARAFTARLARIMIZ TRANSFER \u0130ST\u0130YOR\u201d<\/b><\/p>\n<p>Ero\u011flu, ligin ilk 2. haftas\u0131nda sadece 1 puan ald\u0131klar\u0131na dikkat \u00e7ekerek, \u015f\u00f6yle devam etti.<\/p>\n<p>\u201cSivasspor ma\u00e7\u0131nda bakt\u0131\u011f\u0131n\u0131zda rakibe \u00e7ok az pozisyon verip biz daha \u00e7ok pozisyona girdik, kazanmaya yak\u0131n taraft\u0131k. Fenerbah\u00e7e\u2019ye bakt\u0131\u011f\u0131n\u0131zda bu ligin g\u00fc\u00e7l\u00fc kadrosu ve yani alternatifi kadrosuna kar\u015f\u0131 da girdi\u011fimiz pozisyonlar vard\u0131, de\u011ferlendiremedik. Belki de\u011ferlendirseydik farkl\u0131 bir skor \u00e7\u0131kabilirdi. Transferle ilgili ba\u015fkan\u0131m\u0131z, y\u00f6netim kurulumuz ger\u00e7ekten \u00e7ok \u00f6nemli bir \u00e7aba harc\u0131yor. B\u00fct\u00fcn taraftar\u0131m\u0131z transfer istiyor. Ben de transfer istiyorum. Ba\u015fkan\u0131m\u0131z da transfer istiyor asl\u0131nda ama baz\u0131 \u015feyler kolay olmuyor. S\u00fcre\u00e7 o kadar istedi\u011fimiz gibi h\u0131zl\u0131 ilerlemiyor ki, ben biliyorum Say\u0131n Ba\u015fkan\u0131m\u0131z Y\u00fcksel Y\u0131ld\u0131r\u0131m, Samsunspor\u2019un ba\u015far\u0131s\u0131 i\u00e7in ger\u00e7ekten gecesini g\u00fcnd\u00fcz\u00fcne katt\u0131\u011f\u0131n\u0131 biliyorum<br \/>Transferle ilgili \u00e7al\u0131\u015fma yapt\u0131\u011f\u0131n\u0131 biliyorum. Ben de bu konuda transferle ilgili zaten isteklerimizi ba\u015fkana bildirdim. E\u015f g\u00fcd\u00fcml\u00fc olarak \u00e7al\u0131\u015f\u0131yoruz. Ama hemen isteyince ger\u00e7ekle\u015fmiyor.\u201d<\/p>\n<p><b>\u201cB\u0130Z SIFIRDAN B\u0130R TAKIM KURMA HEDEF\u0130NDEY\u0130Z\u201d<\/b><\/p>\n<p>G\u00fc\u00e7l\u00fc kadro kurman\u0131n planlar\u0131n\u0131 yapt\u0131klar\u0131n\u0131 anlatan Ero\u011flu, \u015funlar\u0131 kaydetti:<\/p>\n<p>\u201cBiz s\u0131f\u0131rdan bir tak\u0131m kurma hedefindeyiz. Yani biz S\u00fcper Lig\u2019e \u00e7\u0131kt\u0131k. Orada bir g\u00fc\u00e7l\u00fc kadro kural\u0131m. Ama o ya\u015fanan olaylar maddi anlam\u0131nda boyutlar\u0131, baz\u0131 oyuncular gelecekken son anda e\u015f durumundan aram\u0131za kat\u0131lmad\u0131. Bir taraftan elimizdeki kadroyu en iyi \u015fekilde haz\u0131rlamam\u0131z gerekiyor. Elimizdeki kadrolardan en y\u00fcksek verim almam\u0131z gerekiyor. Sonu\u00e7ta onlar da bizim oyuncular\u0131m\u0131z. Daha \u00e7ok \u00e7al\u0131\u015fmam\u0131z gerekiyor. Transfer \u00f6nemli bir detay. Ama \u00f6nemli bir hassas konuda tak\u0131m\u0131n en iyi \u015fekilde haz\u0131rlamak. Sonu\u00e7ta biraz sab\u0131r diye d\u00fc\u015f\u00fcn\u00fcyorum. Yani sab\u0131r biraz daha bize zaman kazand\u0131racak ve do\u011fru transferlerle g\u00fc\u00e7l\u00fc bir Samsunspor ortaya \u00e7\u0131kacak.\u201d (AA)<\/p>\n","protected":false},"excerpt":{"rendered":"<p>Samsunspor&#8217;da teknik direkt\u00f6r H\u00fcseyin Ero\u011flu, tak\u0131m\u0131n eksik b\u00f6lgelerine transfer istedi\u011fini a\u00e7\u0131klad\u0131.<\/p>\n","protected":false},"author":1,"featured_media":118793,"comment_status":"closed","ping_status":"open","sticky":false,"template":"","format":"standard","meta":{"footnotes":""},"categories":[31],"tags":[198,437,290,438],"class_list":["post-118792","post","type-post","status-publish","format-standard","has-post-thumbnail","hentry","category-spor","tag-kadro","tag-lig","tag-mac","tag-transfer"],"_links":{"self":[{"href":"https:\/\/haberulus.net\/index.php?rest_route=\/wp\/v2\/posts\/118792","targetHints":{"allow":["GET"]}}],"collection":[{"href":"https:\/\/haberulus.net\/index.php?rest_route=\/wp\/v2\/posts"}],"about":[{"href":"https:\/\/haberulus.net\/index.php?rest_route=\/wp\/v2\/types\/post"}],"author":[{"embeddable":true,"href":"https:\/\/haberulus.net\/index.php?rest_route=\/wp\/v2\/users\/1"}],"replies":[{"embeddable":true,"href":"https:\/\/haberulus.net\/index.php?rest_route=%2Fwp%2Fv2%2Fcomments&post=118792"}],"version-history":[{"count":1,"href":"https:\/\/haberulus.net\/index.php?rest_route=\/wp\/v2\/posts\/118792\/revisions"}],"predecessor-version":[{"id":118794,"href":"https:\/\/haberulus.net\/index.php?rest_route=\/wp\/v2\/posts\/118792\/revisions\/118794"}],"wp:featuredmedia":[{"embeddable":true,"href":"https:\/\/haberulus.net\/index.php?rest_route=\/wp\/v2\/media\/118793"}],"wp:attachment":[{"href":"https:\/\/haberulus.net\/index.php?rest_route=%2Fwp%2Fv2%2Fmedia&parent=118792"}],"wp:term":[{"taxonomy":"category","embeddable":true,"href":"https:\/\/haberulus.net\/index.php?rest_route=%2Fwp%2Fv2%2Fcategories&post=118792"},{"taxonomy":"post_tag","embeddable":true,"href":"https:\/\/haberulus.net\/index.php?rest_route=%2Fwp%2Fv2%2Ftags&post=118792"}],"curies":[{"name":"wp","href":"https:\/\/api.w.org\/{rel}","templated":true}]}}