{"id":118801,"date":"2023-08-25T16:54:04","date_gmt":"2023-08-25T16:54:04","guid":{"rendered":"https:\/\/haberulus.net\/?p=118801"},"modified":"2023-08-25T16:54:04","modified_gmt":"2023-08-25T16:54:04","slug":"galatasarayda-ayrilik-2","status":"publish","type":"post","link":"https:\/\/haberulus.net\/?p=118801","title":{"rendered":"Galatasaray\u2019da ayr\u0131l\u0131k"},"content":{"rendered":"<p>Galatasaray, 30 ya\u015f\u0131ndaki savunma oyuncusu Alpaslan \u00d6zt\u00fcrk ile yollar\u0131n\u0131 ay\u0131rd\u0131. Alpaslan \u00d6zt\u00fcrk\u2019\u00fcn 2023-24 sezonunun sonuna kadar s\u00f6zle\u015fmesi bulunuyordu.<\/p>\n<p>Sar\u0131-k\u0131rm\u0131z\u0131l\u0131 kul\u00fcpten yap\u0131lan a\u00e7\u0131klamada, \u201cAlpaslan \u00d6zt\u00fcrk\u2019e, Galatasaray formas\u0131yla vermi\u015f oldu\u011fu emek ve katk\u0131lardan dolay\u0131 te\u015fekk\u00fcr ediyor; bundan sonraki kariyerinde ba\u015far\u0131lar diliyoruz\u201d ifadelerine yer verildi.<\/p>\n<p>Ge\u00e7en sezonu kiral\u0131k olarak 1\u2019inci Lig ekibi Ey\u00fcpspor\u2019da tamamlayan Alpaslan \u00d6zt\u00fcrk, toplamda 18 ma\u00e7ta forma giyerken 2 gol kaydetmi\u015fti. (DHA)<\/p>\n","protected":false},"excerpt":{"rendered":"<p>Galatasaray, ge\u00e7en sezon Ey\u00fcpspor&#8217;da kiral\u0131k olarak forma giyen savunma oyuncusu Alpaslan \u00d6zt\u00fcrk ile yollar\u0131n\u0131 ay\u0131rd\u0131.<\/p>\n","protected":false},"author":1,"featured_media":118802,"comment_status":"closed","ping_status":"open","sticky":false,"template":"","format":"standard","meta":{"footnotes":""},"categories":[31],"tags":[],"class_list":["post-118801","post","type-post","status-publish","format-standard","has-post-thumbnail","hentry","category-spor"],"_links":{"self":[{"href":"https:\/\/haberulus.net\/index.php?rest_route=\/wp\/v2\/posts\/118801","targetHints":{"allow":["GET"]}}],"collection":[{"href":"https:\/\/haberulus.net\/index.php?rest_route=\/wp\/v2\/posts"}],"about":[{"href":"https:\/\/haberulus.net\/index.php?rest_route=\/wp\/v2\/types\/post"}],"author":[{"embeddable":true,"href":"https:\/\/haberulus.net\/index.php?rest_route=\/wp\/v2\/users\/1"}],"replies":[{"embeddable":true,"href":"https:\/\/haberulus.net\/index.php?rest_route=%2Fwp%2Fv2%2Fcomments&post=118801"}],"version-history":[{"count":1,"href":"https:\/\/haberulus.net\/index.php?rest_route=\/wp\/v2\/posts\/118801\/revisions"}],"predecessor-version":[{"id":118803,"href":"https:\/\/haberulus.net\/index.php?rest_route=\/wp\/v2\/posts\/118801\/revisions\/118803"}],"wp:featuredmedia":[{"embeddable":true,"href":"https:\/\/haberulus.net\/index.php?rest_route=\/wp\/v2\/media\/118802"}],"wp:attachment":[{"href":"https:\/\/haberulus.net\/index.php?rest_route=%2Fwp%2Fv2%2Fmedia&parent=118801"}],"wp:term":[{"taxonomy":"category","embeddable":true,"href":"https:\/\/haberulus.net\/index.php?rest_route=%2Fwp%2Fv2%2Fcategories&post=118801"},{"taxonomy":"post_tag","embeddable":true,"href":"https:\/\/haberulus.net\/index.php?rest_route=%2Fwp%2Fv2%2Ftags&post=118801"}],"curies":[{"name":"wp","href":"https:\/\/api.w.org\/{rel}","templated":true}]}}