{"id":118810,"date":"2023-08-25T17:25:23","date_gmt":"2023-08-25T17:25:23","guid":{"rendered":"https:\/\/haberulus.net\/?p=118810"},"modified":"2023-08-25T17:25:23","modified_gmt":"2023-08-25T17:25:23","slug":"belarus-lideri-lukasenko-prigojin-sessizligini-bozdu-guvenligini-saglamak-zorunda-degilim","status":"publish","type":"post","link":"https:\/\/haberulus.net\/?p=118810","title":{"rendered":"Belarus lideri Luka\u015fenko, Prigojin sessizli\u011fini bozdu: G\u00fcvenli\u011fini sa\u011flamak zorunda de\u011filim"},"content":{"rendered":"<p>Belarus Cumhurba\u015fkanl\u0131\u011f\u0131ndan yap\u0131lan yaz\u0131l\u0131 a\u00e7\u0131klamaya g\u00f6re, \u200b\u200b\u200b\u200b\u200b\u200b\u200bLuka\u015fenko, ba\u015fkent Minsk\u2019te incelemelerde bulunmak \u00fczere ziyaret etti\u011fi Belarus Devlet \u00dcniversitesi\u2019nde, gazetecilere a\u00e7\u0131klama yapt\u0131.<\/p>\n<p>Luka\u015fenko, kendi arabuluculu\u011funda isyan\u0131 sonland\u0131ran Wagner lideri Prigojin ile ilgili de\u011ferlendirmelerde bulundu, sorular\u0131 yan\u0131tlad\u0131.<\/p>\n<p>Luka\u015fenko, Rusya\u2019da Tver kentinde d\u00fc\u015fen u\u00e7akta hayat\u0131n\u0131 kaybeden, Rus paral\u0131 sava\u015f\u00e7\u0131 grubu Wagner\u2019in kurucusu Prigojin ile haziranda Rusya\u2019daki isyan s\u0131ras\u0131nda yapt\u0131\u011f\u0131 telefon g\u00f6r\u00fc\u015fmesi hakk\u0131nda bilgileri payla\u015ft\u0131.<\/p>\n<p>Bir soru \u00fczerine Luka\u015fenko, Prigojin\u2019in g\u00fcvenli\u011finden sorumlu olmad\u0131\u011f\u0131n\u0131 belirterek, \u201cBu soruya do\u011frudan cevap vermek gerekirse: Prigojin\u2019in g\u00fcvenli\u011fini sa\u011flamak zorunda de\u011filim. Bu birinci. \u0130kincisi, konu\u015fma hi\u00e7 bu kadar ileri gitmemi\u015fti.\u201d dedi.<\/p>\n<p>Ayr\u0131ca Prigojin ile konu\u015fmas\u0131nda, onu Belarus\u2019a g\u00f6t\u00fcr\u00fcp orada tam g\u00fcvenlik sa\u011flayaca\u011f\u0131n\u0131 teklif etti\u011fini aktaran Luka\u015fenko, Prigojin\u2019in kendisinden g\u00fcvenlik garantisi talep etmedi\u011fini belirtti.<\/p>\n<p>Luka\u015fenko, Belarus\u2019un d\u0131\u015f\u0131nda, Afrika veya ba\u015fka bir yerde Prigojin\u2019in g\u00fcvenli\u011finden sorumlu olamayaca\u011f\u0131n\u0131 dile getirerek, \u201cOna bu g\u00fcvenli\u011fi nas\u0131l sa\u011flayabilirdim? Dolay\u0131s\u0131yla bu sorular bana g\u00f6re de\u011fil. \u00dcstelik yabanc\u0131 topraklarda g\u00fcvenli\u011fi sa\u011flamak i\u00e7in b\u00f6yle bir konu\u015fma hi\u00e7 yap\u0131lmad\u0131.\u201d ifadelerini kulland\u0131.<\/p>\n<p><img decoding=\"async\" src=\"https:\/\/i01.sozcucdn.com\/wp-content\/uploads\/2023\/08\/23\/wagner-aa.jpg\" alt=\"\" title=\"\"><\/p>\n<p><strong>\u201cSU\u0130KAST HAKKINDA C\u0130DD\u0130 B\u0130LG\u0130 ALDIM\u201d<\/strong><\/p>\n<p>Luka\u015fenko, birka\u00e7 ay \u00f6nce Birle\u015fik Arap Emirlikleri ziyareti s\u0131ras\u0131nda, Prigojin\u2019e y\u00f6nelik bir suikast giri\u015fimi hakk\u0131nda \u201cciddi\u201d bir bilgi ald\u0131\u011f\u0131n\u0131, bunu derhal Rus taraf\u0131na bildirdi\u011fini, en son ise bu bilginin Rusya Devlet Ba\u015fkan\u0131 Vladimir Putin taraf\u0131ndan Prigojin\u2019e verildi\u011fini belirtti.<\/p>\n<p>Luka\u015fenko ayr\u0131ca Litvanya, Letonya ve Polonya\u2019n\u0131n Belarus\u2019la s\u0131n\u0131rlar\u0131 kapatma karar\u0131n\u0131 de\u011ferlendirerek, \u201cZaten Litvanya ya da Letonya\u2019ya gitmiyoruz ve onlarla da \u00e7al\u0131\u015fm\u0131yoruz. Kime zarar verecekler? Sadece kendileri ve halklar\u0131 i\u00e7in durumu daha da k\u00f6t\u00fcle\u015ftirecekler.\u201d \u015feklinde konu\u015ftu. (AA)<\/p>\n","protected":false},"excerpt":{"rendered":"<p>Belarus Cumhurba\u015fkan\u0131 Aleksandr Luka\u015fenko, Rusya&#8217;n\u0131n Tver kentinde d\u00fc\u015fen u\u00e7akta hayat\u0131n\u0131 kaybeden Wagner&#8217;in kurucusu Yevgeniy Prigojin&#8217;in g\u00fcvenli\u011finden sorumlu olmad\u0131\u011f\u0131n\u0131 belirtti.<\/p>\n","protected":false},"author":1,"featured_media":118811,"comment_status":"closed","ping_status":"open","sticky":false,"template":"","format":"standard","meta":{"footnotes":""},"categories":[24],"tags":[3307,515,11280,69,258],"class_list":["post-118810","post","type-post","status-publish","format-standard","has-post-thumbnail","hentry","category-dunya","tag-guvenligi","tag-lukasenko","tag-prigojin","tag-rus","tag-soru"],"_links":{"self":[{"href":"https:\/\/haberulus.net\/index.php?rest_route=\/wp\/v2\/posts\/118810","targetHints":{"allow":["GET"]}}],"collection":[{"href":"https:\/\/haberulus.net\/index.php?rest_route=\/wp\/v2\/posts"}],"about":[{"href":"https:\/\/haberulus.net\/index.php?rest_route=\/wp\/v2\/types\/post"}],"author":[{"embeddable":true,"href":"https:\/\/haberulus.net\/index.php?rest_route=\/wp\/v2\/users\/1"}],"replies":[{"embeddable":true,"href":"https:\/\/haberulus.net\/index.php?rest_route=%2Fwp%2Fv2%2Fcomments&post=118810"}],"version-history":[{"count":1,"href":"https:\/\/haberulus.net\/index.php?rest_route=\/wp\/v2\/posts\/118810\/revisions"}],"predecessor-version":[{"id":118812,"href":"https:\/\/haberulus.net\/index.php?rest_route=\/wp\/v2\/posts\/118810\/revisions\/118812"}],"wp:featuredmedia":[{"embeddable":true,"href":"https:\/\/haberulus.net\/index.php?rest_route=\/wp\/v2\/media\/118811"}],"wp:attachment":[{"href":"https:\/\/haberulus.net\/index.php?rest_route=%2Fwp%2Fv2%2Fmedia&parent=118810"}],"wp:term":[{"taxonomy":"category","embeddable":true,"href":"https:\/\/haberulus.net\/index.php?rest_route=%2Fwp%2Fv2%2Fcategories&post=118810"},{"taxonomy":"post_tag","embeddable":true,"href":"https:\/\/haberulus.net\/index.php?rest_route=%2Fwp%2Fv2%2Ftags&post=118810"}],"curies":[{"name":"wp","href":"https:\/\/api.w.org\/{rel}","templated":true}]}}