{"id":118849,"date":"2023-08-25T19:07:03","date_gmt":"2023-08-25T19:07:03","guid":{"rendered":"https:\/\/haberulus.net\/?p=118849"},"modified":"2023-08-25T19:07:03","modified_gmt":"2023-08-25T19:07:03","slug":"manevi-danisman-adi-altinda-okullarda-imam-gorevlendirilmesine-tepki","status":"publish","type":"post","link":"https:\/\/haberulus.net\/?p=118849","title":{"rendered":"\u2018Manevi dan\u0131\u015fman\u2019 ad\u0131 alt\u0131nda okullarda imam g\u00f6revlendirilmesine tepki"},"content":{"rendered":"<p>Laik ve Bilimsel E\u011fitim Platformu, okullarda \u2018manevi dan\u0131\u015fman&#8217; ad\u0131 alt\u0131nda imam, vaiz ve din hizmetleri uzman\u0131 ile Kur&#8217;an kursu \u00f6\u011freticilerinin g\u00f6revlendirilmesini protesto etti.<\/p>\n<p><strong>\u201cKAYGI VE \u00dcZ\u00dcNT\u00dc \u0130LE KAR\u015eILIYORUZ\u201d<\/strong><\/p>\n<p>LABEP, Milli E\u011fitim Bakanl\u0131\u011f\u0131&#8217;na ba\u011fl\u0131 okullarda Gen\u00e7lik ve Spor Bakanl\u0131\u011f\u0131&#8217;na ba\u011fl\u0131 il\u00e7e spor m\u00fcd\u00fcrl\u00fckleri, gen\u00e7lik merkezleri ile Diyanet \u0130\u015fleri Ba\u015fkanl\u0131\u011f\u0131&#8217;na ba\u011fl\u0131 Diyanet Gen\u00e7lik Merkezleri i\u015f birli\u011finde y\u00fcr\u00fct\u00fclen \u00c7EDES projesi ile \u2018manevi dan\u0131\u015fman&#8217; ad\u0131 alt\u0131nda imam ve vaiz g\u00f6revlendirilmesine yapt\u0131klar\u0131 eylemle tepki g\u00f6sterdi.<\/p>\n<p>Eski\u015fehir Tepeba\u015f\u0131 il\u00e7esi Ulus An\u0131t\u0131 \u00f6n\u00fcnde toplanan vatanda\u015flar, \u2018Gerici cinsiyet\u00e7i e\u011fitime hay\u0131r\u2019, \u2018Haremlik-selaml\u0131k e\u011fitim istemiyoruz\u2019, \u2018Okuluna, \u00e7ocu\u011funa, gelece\u011fine sahip \u00e7\u0131k\u2019, \u2018\u00c7EDES iptal edilsin\u2019 yaz\u0131\u0131 d\u00f6vizler a\u00e7arak, \u2018Boyun e\u011fme, okuluna sahip \u00e7\u0131k\u2019, \u2018\u015eeriata, fa\u015fizme, karanl\u0131\u011fa ge\u00e7it yok\u2019 \u015feklinde sloganlar att\u0131. Eyleme CHP Eski\u015fehir Milletvekili Jale Nur S\u00fcll\u00fc, Eski\u015fehir Odunpazar\u0131 Belediye Ba\u015fkan\u0131 Kaz\u0131m Kurt, \u00c7YDD Genel Ba\u015fkan\u0131 Ay\u015fe Y\u0131lmaz, E\u011fitim \u0130\u015f Genel Ba\u015fkan\u0131 Kadem \u00d6zbay ile \u00e7ok say\u0131da vatanda\u015f kat\u0131ld\u0131.<\/p>\n<p>\u00c7YDD Eski\u015fehir \u015eube Ba\u015fkan\u0131 Sevgi Akmen, lail ve bilimsel e\u011fitimden vazge\u00e7meyeceklerini belirterek, \u201c\u00c7evreme Duyarl\u0131y\u0131m, De\u011ferlerime Sahip \u00c7\u0131k\u0131yorum Projesi Protokol\u00fcn\u00fcn uygulamadan kald\u0131r\u0131lmas\u0131 i\u00e7in imza kampanyas\u0131n\u0131 ba\u015flatt\u0131k. Eski\u015fehir Milli E\u011fitim M\u00fcd\u00fcrl\u00fc\u011f\u00fc ve Eski\u015fehir M\u00fcft\u00fcl\u00fc\u011f\u00fcn\u00fcn imzalad\u0131\u011f\u0131 protokol ile ana okullar\u0131 da dahil olmak \u00fczere ilk, orta ve liselerde imam, \u00a0m\u00fcezzin, vaiz, din hizmetleri uzman\u0131, kuran kursu \u00f6\u011freticilerinin g\u00f6revlendirilmesini b\u00fcy\u00fck bir kayg\u0131 ve \u00fcz\u00fcnt\u00fc ile kar\u015f\u0131l\u0131yoruz. B\u00fcy\u00fck \u00f6nderimiz Mustafa Kemal Atat\u00fcrk&#8217;\u00fcn belirledi\u011fi \u00e7a\u011fda\u015f, laik, bilimsel e\u011fitim ilkelerine ba\u011fl\u0131 kalarak e\u011fitim verilmesi gereken okullar\u0131m\u0131zda imamlar\u0131n g\u00f6revlendirilmesini asla kabul etmiyoruz. Anayasam\u0131z\u0131n 24. maddesinde teminat alt\u0131na al\u0131nan inan\u00e7 \u00f6zg\u00fcrl\u00fc\u011f\u00fcne tamamen ayk\u0131r\u0131 olan bu uygulama laik e\u011fitime kar\u015f\u0131 yap\u0131lan b\u00fcy\u00fck bir darbedir\u201d dedi.<\/p>\n<p><img decoding=\"async\" src=\"https:\/\/i01.sozcucdn.com\/wp-content\/uploads\/2023\/08\/25\/f8955c93-fb7f-4d7c-84bb-9c8e926fce0b.jpg\" alt=\"\" title=\"\"><\/p>\n<p><strong>\u201cBU PROTOKOL, LA\u0130KL\u0130K \u0130LKES\u0130N\u0130N A\u00c7IK B\u0130R \u0130HLAL\u0130D\u0130R\u201d<\/strong><\/p>\n<p>Eylemde konu\u015fan \u00c7YDD Genel Ba\u015fkan\u0131 Ay\u015fe Y\u0131lmaz, devlet kurumlar\u0131 aras\u0131nda imzalanan bu protokol\u00fcn, laiklik ilkesinin a\u00e7\u0131k bir ihlali oldu\u011funu belirterek, \u201cAnayasa&#8217;ya ve 1739 Say\u0131l\u0131 Milli E\u011fitim Temel Kanunu&#8217;na ayk\u0131r\u0131d\u0131r. Ayr\u0131ca biz biliyoruz ki \u00c7EDES denemesi, e\u011fitimde dinselle\u015fme ad\u0131mlar\u0131n\u0131n ilki olmad\u0131\u011f\u0131 gibi sonuncusu da olmayacakt\u0131r. Bu nedenle, Laik ve Bilimsel E\u011fitim Platformu (LABEP) \u00e7at\u0131s\u0131 alt\u0131nda savunuculuk g\u00f6revimizi yayg\u0131nla\u015ft\u0131racak, tepkimizi kitleselle\u015ftirece\u011fiz. Biz, laik ve demokratik Cumhuriyetin kazan\u0131mlar\u0131n\u0131 savunan ve koruyan demokratik kitle \u00f6rg\u00fctleri olarak, yetkimizi Anayasa&#8217;n\u0131n de\u011fi\u015ftirilmesi teklif bile edilemez h\u00fck\u00fcmlerinden; g\u00fcc\u00fcm\u00fcz\u00fc 100 y\u0131ll\u0131k Cumhuriyetimizin kazan\u0131m ve birikimlerinden al\u0131yoruz. Ulusal kurtulu\u015f sava\u015f\u0131 ile kurdu\u011fumuz Cumhuriyetimizde, devrimlerle elde etti\u011fimiz hak ve kazan\u0131mlardan asla vazge\u00e7meyece\u011fiz\u201d diye konu\u015ftu.<\/p>\n<p><strong>\u201c\u00c7EDES PROTOKOL\u00dc HUKUKSUZDUR\u201d<\/strong><\/p>\n<p>G\u00fcndeme geldi\u011fi ilk g\u00fcnden itibaren, yarg\u0131ya da ta\u015f\u0131d\u0131klar\u0131 \u00c7EDES&#8217;in tehlikelerine ve hukuksuzlu\u011funa dikkat \u00e7eken E\u011fitim \u0130\u015f Genel Ba\u015fkan\u0131 Kadem \u00d6zbay \u015funlar\u0131 s\u00f6yledi:<\/p>\n<p>* \u00c7EDES protokol\u00fc hukuksuzdur. Anayasam\u0131za, yasalara ve y\u00f6netmeliklere a\u00e7\u0131k\u00e7a ayk\u0131r\u0131d\u0131r. Laik ve bilimsel e\u011fitimle taban tabana z\u0131tt\u0131r. Bu protokol\u00fcn \u201cambalaj\u0131\u201d da usuls\u00fczd\u00fcr. \u201cG\u00f6n\u00fcll\u00fcl\u00fck\u201d esas\u0131na dayand\u0131\u011f\u0131 s\u00f6ylense de yasalara ve e\u011fitim bilimine a\u00e7\u0131k\u00e7a ayk\u0131r\u0131 olan bu protokol\u00fcn Milli E\u011fitim Bakanl\u0131\u011f\u0131 taraf\u0131ndan imzalanm\u0131\u015f olmas\u0131, atama ve yer de\u011fi\u015ftirmeyle yetkili oldu\u011fu bir \u00e7ok okul y\u00f6neticisi \u00fczerinde bask\u0131 yarataca\u011f\u0131 a\u00e7\u0131kt\u0131r.<\/p>\n<p>* \u00c7EDES protokol\u00fc tehlikelidir. E\u011fitim biliminden pedagojiden bihaber, \u00e7ocuklar\u0131m\u0131za nas\u0131l yakla\u015f\u0131laca\u011f\u0131n\u0131 bilmeyen yeti\u015fkinleri okullara sokmak, \u00f6zellikle soyut d\u00fc\u015f\u00fcnce \u00e7a\u011f\u0131na girmemi\u015f k\u00fc\u00e7\u00fck \u00e7ocuklar i\u00e7in \u201c\u00f6l\u00fcm-ya\u015fam, g\u00fcnah ve ceza\u201d gibi soyut kavramlara maruz kalmak, travmatik etkileri beraberinde getirecektir. Protokol\u00fcn i\u00e7eri\u011fi mu\u011flakt\u0131r. Ki\u015fiden ki\u015fiye de\u011fi\u015febilecek nitelikte olmas\u0131, yereldeki uygulamalarda g\u00f6r\u00fclecek farkl\u0131l\u0131klara ve skandallara zemin haz\u0131rlayacakt\u0131r.<\/p>\n<p>* \u00c7EDES protokol\u00fc \u00f6\u011fretmenlerin, e\u011fitim emek\u00e7ilerinin mesleki itibar\u0131na hakarettir. \u00d6\u011fretmenlik mesle\u011fi yasada da a\u00e7\u0131k\u00e7a tarif edildi\u011fi \u00fczere bir uzmanl\u0131k mesle\u011fidir. E\u011fitim-\u00f6\u011fretim e\u011fitimcilerin i\u015fidir. Okullar\u0131n \u201cmanevi dan\u0131\u015fmana\u201d de\u011fil, \u00f6\u011fretmene ihtiyac\u0131 vard\u0131r. \u00d6\u011fretmen ihtiyac\u0131, e\u011fitim bilimi a\u00e7\u0131s\u0131ndan yeterlili\u011fi olmayan manevi dan\u0131\u015fmanlarla de\u011fil, atama bekleyen y\u00fcz binlerce \u00f6\u011fretmenimizin atanmas\u0131yla \u00e7\u00f6z\u00fcl\u00fcr.<\/p>\n","protected":false},"excerpt":{"rendered":"<p>Eski\u015fehir&#8217;de Laik ve Bilimsel E\u011fitim Platformu (LABEP) taraf\u0131ndan d\u00fczenlenen eylemde, Milli E\u011fitim Bakanl\u0131\u011f\u0131\u00a0(MEB) ve Diyanet \u0130\u015fleri Ba\u015fkanl\u0131\u011f\u0131 ile\u00a0Gen\u00e7lik ve Spor Bakanl\u0131\u011f\u0131\u00a0aras\u0131ndaki \u201c\u00c7evreme Duyarl\u0131y\u0131m, De\u011ferlerime Sahip \u00c7\u0131k\u0131yorum (\u00c7EDES)\u201d\u00a0protokol\u00fc kapsam\u0131nda okullarda \u2018manevi dan\u0131\u015fman\u2019 ad\u0131 alt\u0131nda imam, vaiz ve din hizmetleri uzman\u0131 ve Kur\u2019an kursu \u00f6\u011freticilerinin g\u00f6revlendirilmesine tepki g\u00f6sterildi. \u00c7YDD Genel Ba\u015fkan\u0131 Ay\u015fe Y\u0131lmaz, &#8220;Devlet kurumlar\u0131 aras\u0131nda imzalanan bu protokol, laiklik ilkesinin a\u00e7\u0131k bir ihlalidir&#8221; dedi.<\/p>\n","protected":false},"author":1,"featured_media":118850,"comment_status":"closed","ping_status":"open","sticky":false,"template":"","format":"standard","meta":{"footnotes":""},"categories":[26],"tags":[12488,1831,12288,764,5696],"class_list":["post-118849","post","type-post","status-publish","format-standard","has-post-thumbnail","hentry","category-gundem","tag-cedes","tag-egitim","tag-laik","tag-okul","tag-protokol"],"_links":{"self":[{"href":"https:\/\/haberulus.net\/index.php?rest_route=\/wp\/v2\/posts\/118849","targetHints":{"allow":["GET"]}}],"collection":[{"href":"https:\/\/haberulus.net\/index.php?rest_route=\/wp\/v2\/posts"}],"about":[{"href":"https:\/\/haberulus.net\/index.php?rest_route=\/wp\/v2\/types\/post"}],"author":[{"embeddable":true,"href":"https:\/\/haberulus.net\/index.php?rest_route=\/wp\/v2\/users\/1"}],"replies":[{"embeddable":true,"href":"https:\/\/haberulus.net\/index.php?rest_route=%2Fwp%2Fv2%2Fcomments&post=118849"}],"version-history":[{"count":1,"href":"https:\/\/haberulus.net\/index.php?rest_route=\/wp\/v2\/posts\/118849\/revisions"}],"predecessor-version":[{"id":118851,"href":"https:\/\/haberulus.net\/index.php?rest_route=\/wp\/v2\/posts\/118849\/revisions\/118851"}],"wp:featuredmedia":[{"embeddable":true,"href":"https:\/\/haberulus.net\/index.php?rest_route=\/wp\/v2\/media\/118850"}],"wp:attachment":[{"href":"https:\/\/haberulus.net\/index.php?rest_route=%2Fwp%2Fv2%2Fmedia&parent=118849"}],"wp:term":[{"taxonomy":"category","embeddable":true,"href":"https:\/\/haberulus.net\/index.php?rest_route=%2Fwp%2Fv2%2Fcategories&post=118849"},{"taxonomy":"post_tag","embeddable":true,"href":"https:\/\/haberulus.net\/index.php?rest_route=%2Fwp%2Fv2%2Ftags&post=118849"}],"curies":[{"name":"wp","href":"https:\/\/api.w.org\/{rel}","templated":true}]}}