{"id":118993,"date":"2023-08-26T07:35:03","date_gmt":"2023-08-26T07:35:03","guid":{"rendered":"https:\/\/haberulus.net\/?p=118993"},"modified":"2023-08-26T07:35:03","modified_gmt":"2023-08-26T07:35:03","slug":"karagumruk-fenerbahceden-serdar-dursunu-transfer-etti","status":"publish","type":"post","link":"https:\/\/haberulus.net\/?p=118993","title":{"rendered":"Karag\u00fcmr\u00fck, Fenerbah\u00e7e\u2019den Serdar Dursun\u2019u transfer etti"},"content":{"rendered":"<p>Transfer \u00e7al\u0131\u015fmalar\u0131n\u0131 s\u00fcrd\u00fcren VavaCars Fatih Karag\u00fcmr\u00fck, Fenerbah\u00e7e\u2019den forvet oyuncusu Serdar Dursun\u2019u transfer etti.<\/p>\n<p>K\u0131rm\u0131z\u0131-siyahl\u0131 kul\u00fcpten yap\u0131lan a\u00e7\u0131klamada, tak\u0131m\u0131n eski golc\u00fcs\u00fcn\u00fcn geri d\u00f6nd\u00fc\u011f\u00fc vurgulan\u0131rken, \u015fu ifadeler kullan\u0131ld\u0131:<\/p>\n<p>\u201cYuvana ho\u015f geldin Serdar Dursun. Taraftar\u0131m\u0131z\u0131n sevgilisi, eski golc\u00fcm\u00fcz Serdar Dursun semte geri d\u00f6nd\u00fc. A Milli futbolcumuz Serdar Dursun\u2019a yuvana yeniden ho\u015f geldin der, Karag\u00fcmr\u00fck formas\u0131yla gollerine kald\u0131\u011f\u0131 yerden devam etmesini dileriz.\u201d<\/p>\n<p>2014-2016 y\u0131llar\u0131 aras\u0131nda Fatih Karag\u00fcmr\u00fck formas\u0131 giyen Serdar Dursun, k\u0131rm\u0131z\u0131-siyahl\u0131 tak\u0131mla \u00e7\u0131kt\u0131\u011f\u0131 70 ma\u00e7ta 19 gol at\u0131p 10 asist yapm\u0131\u015ft\u0131.<\/p>\n<p>\u0130stanbul ekibindeki performans\u0131n\u0131n ard\u0131ndan \u00f6nce Almanya\u2019n\u0131n Greuther F\u00fcrth, ard\u0131ndan da Darmstadt tak\u0131m\u0131na transfer olan milli futbolcu, 2021-2022 sezonu \u00f6ncesinde Fenerbah\u00e7e\u2019ye imza att\u0131.<\/p>\n<p>Serdar Dursun\u2019un transferinin ard\u0131ndan Fenerbah\u00e7e Kul\u00fcb\u00fc de oyuncusunun gitti\u011fine dair payla\u015f\u0131mda bulundu. Sar\u0131-lacivertli kul\u00fcp, X hesab\u0131ndan yapt\u0131\u011f\u0131 a\u00e7\u0131klamada, \u015fu ifadeleri kulland\u0131:<\/p>\n<p>\u201c2023-2024 sezonu yap\u0131lanmas\u0131na devam edilen Futbol A Tak\u0131m\u0131m\u0131zda, oyuncular\u0131m\u0131zdan Serdar Dursun, VavaCars Fatih Karag\u00fcmr\u00fck Kul\u00fcb\u00fcne transfer olmu\u015ftur. Serdar Dursun\u2019a bug\u00fcne kadarki emekleri i\u00e7in te\u015fekk\u00fcr eder, bundan sonraki kariyerinde ba\u015far\u0131lar dileriz.\u201d (AA)<\/p>\n","protected":false},"excerpt":{"rendered":"<p>Karag\u00fcmr\u00fck daha \u00f6nce tak\u0131mda 2 sezon ge\u00e7iren Serdar Dursun&#8217;u Fenerbah\u00e7e&#8217;den transfer etti\u011fini a\u00e7\u0131klad\u0131.<\/p>\n","protected":false},"author":1,"featured_media":118994,"comment_status":"closed","ping_status":"open","sticky":false,"template":"","format":"standard","meta":{"footnotes":""},"categories":[31],"tags":[9859,438],"class_list":["post-118993","post","type-post","status-publish","format-standard","has-post-thumbnail","hentry","category-spor","tag-serdar-dursun","tag-transfer"],"_links":{"self":[{"href":"https:\/\/haberulus.net\/index.php?rest_route=\/wp\/v2\/posts\/118993","targetHints":{"allow":["GET"]}}],"collection":[{"href":"https:\/\/haberulus.net\/index.php?rest_route=\/wp\/v2\/posts"}],"about":[{"href":"https:\/\/haberulus.net\/index.php?rest_route=\/wp\/v2\/types\/post"}],"author":[{"embeddable":true,"href":"https:\/\/haberulus.net\/index.php?rest_route=\/wp\/v2\/users\/1"}],"replies":[{"embeddable":true,"href":"https:\/\/haberulus.net\/index.php?rest_route=%2Fwp%2Fv2%2Fcomments&post=118993"}],"version-history":[{"count":1,"href":"https:\/\/haberulus.net\/index.php?rest_route=\/wp\/v2\/posts\/118993\/revisions"}],"predecessor-version":[{"id":118995,"href":"https:\/\/haberulus.net\/index.php?rest_route=\/wp\/v2\/posts\/118993\/revisions\/118995"}],"wp:featuredmedia":[{"embeddable":true,"href":"https:\/\/haberulus.net\/index.php?rest_route=\/wp\/v2\/media\/118994"}],"wp:attachment":[{"href":"https:\/\/haberulus.net\/index.php?rest_route=%2Fwp%2Fv2%2Fmedia&parent=118993"}],"wp:term":[{"taxonomy":"category","embeddable":true,"href":"https:\/\/haberulus.net\/index.php?rest_route=%2Fwp%2Fv2%2Fcategories&post=118993"},{"taxonomy":"post_tag","embeddable":true,"href":"https:\/\/haberulus.net\/index.php?rest_route=%2Fwp%2Fv2%2Ftags&post=118993"}],"curies":[{"name":"wp","href":"https:\/\/api.w.org\/{rel}","templated":true}]}}