{"id":119071,"date":"2023-08-26T10:19:10","date_gmt":"2023-08-26T10:19:10","guid":{"rendered":"https:\/\/haberulus.net\/?p=119071"},"modified":"2023-08-26T10:19:10","modified_gmt":"2023-08-26T10:19:10","slug":"cumhurbaskani-erdogandan-tarihi-gunde-tarihi-mesaj-asil-hedeflerimize-yonelmenin-vaktidir","status":"publish","type":"post","link":"https:\/\/haberulus.net\/?p=119071","title":{"rendered":"Cumhurba\u015fkan\u0131 Erdo\u011fan&#8217;dan tarihi g\u00fcnde tarihi mesaj: As\u0131l hedeflerimize y\u00f6nelmenin vaktidir"},"content":{"rendered":"<p>Cumhurba\u015fkan\u0131 Recep Tayyip Erdo\u011fan, Mu\u015f&#8217;ta, Malazgirt Zaferi&#8217;nin 952. y\u0131l d\u00f6n\u00fcm\u00fc kutlamalar\u0131na kat\u0131ld\u0131. Burada alanda toplanan kalabal\u0131\u011fa hitap eden Erdo\u011fan, son 20 y\u0131lda Cumhuriyetin kazan\u0131mlar\u0131n\u0131 tahkim ettiklerini belirterek &#8220;As\u0131l hedeflerimize y\u00f6nelmenin vaktidir. Baz\u0131 ba\u015flang\u0131\u00e7lar vard\u0131r ki tarihin ak\u0131\u015f\u0131n de\u011fi\u015ftirir. Biz de Cumhuriyetimizin yeni asr\u0131na b\u00f6yle girmek istiyoruz&#8221; ifadelerini kulland\u0131. <\/p>\n<p><strong>Erdo\u011fan&#8217;\u0131n a\u00e7\u0131klamas\u0131ndan sat\u0131rba\u015flar\u0131; <\/strong> <\/p>\n<p>&#8220;Anadolu&#8217;yu bizi vatan haline getiren \u015fehitlerimizi, gazilerimizi rahmetle yad ediyorum. Sultan Alparslan&#8217;\u0131n bize emaneti olan bu topraklar\u0131 kan\u0131m\u0131z\u0131n son damlas\u0131na kadar koruyaca\u011f\u0131z. Malazgirt \u00f6yle s\u0131radan bir zafer de\u011fildir. Biz Anadolu&#8217;ya Malazgirt&#8217;le ayak basmad\u0131k. \u00c7ok \u00f6ncesinden beri zaten buradayd\u0131k. Burada kazan\u0131lan zafer \u00f6nce Anadolu Sel\u00e7uklu devletinin kurulmas\u0131n\u0131 sa\u011flayarak Ha\u00e7l\u0131 sald\u0131r\u0131lar\u0131na en b\u00fcy\u00fck darbeyi vurmu\u015ftur. Malazgirt, Edirne&#8217;nin de \u0130stanbul&#8217;da b\u00fcy\u00fck karde\u015fidir. Bizi b\u00fcy\u00fck zaferlere g\u00f6t\u00fcren \u00e7\u0131k\u0131\u015f i\u015fte buras\u0131d\u0131r. Her ilimizin, il\u00e7emizin bizim kalbimizdeki yeri ayr\u0131d\u0131r. Malazgirt, \u015fahit oldu\u011fu manevi mirasla kalbimizde hepsinden ayr\u0131 bir konuma sahiptir.<\/p>\n<p><b>&#8220;ONLARIN TEK DERD\u0130 KEND\u0130LER\u0130NE ALAN A\u00c7MAKTIR&#8221;<\/b><\/p>\n<p><b>&#8220;AYNI VATAN DAVASININ PE\u015e\u0130NDEN G\u0130TT\u0130K&#8221;<\/b><\/p>\n<p><b>&#8220;ASIL HEDEFLER\u0130M\u0130ZE Y\u00d6NELMEN\u0130N VAKT\u0130&#8221;<\/b><\/p>\n<p>Malazgirt zaferini yeni bin y\u0131l\u0131n ba\u015f\u0131nda kazanm\u0131\u015ft\u0131k. \u0130kinci bin y\u0131l\u0131n ba\u015f\u0131nda yine ayn\u0131 heyecanla buraday\u0131z. 31 Mart&#8217;a haz\u0131r m\u0131y\u0131z? Son 20 y\u0131lda \u00fclkemizin her kar\u0131\u015f topra\u011f\u0131na ula\u015ft\u0131rd\u0131\u011f\u0131m\u0131z eser ve hizmetlerimizle, Cumhuriyetimizin kazan\u0131mlar\u0131n\u0131 tahkim ettik. As\u0131l hedeflerimize y\u00f6nelmenin vaktidir. Baz\u0131 ba\u015flang\u0131\u00e7lar vard\u0131r ki tarihin ak\u0131\u015f\u0131n de\u011fi\u015ftirir. Biz de Cumhuriyetimizin yeni asr\u0131na b\u00f6yle girmek istiyoruz. Biz T\u00fcrkiye Y\u00fczy\u0131l\u0131&#8217;n\u0131 gen\u00e7lerimizle in\u015fa ederken, onlar\u0131n tek yapaca\u011f\u0131 ortaya \u00e7\u0131kan zafer an\u0131t\u0131n\u0131 seyretmek olacak. Biz hep i\u00e7eriden ald\u0131\u011f\u0131m\u0131z darbelerle sars\u0131ld\u0131k.&#8221;<\/p>\n","protected":false},"excerpt":{"rendered":"<p>Cumhurba\u015fkan\u0131 Erdo\u011fan, Malazgirt Zaferi&#8217;nin 952. y\u0131ld\u00f6n\u00fcm\u00fc kutlamalar\u0131nda &#8220;Son 20 y\u0131lda \u00fclkemizin her kar\u0131\u015f topra\u011f\u0131na ula\u015ft\u0131rd\u0131\u011f\u0131m\u0131z eser ve hizmetlerimizle, Cumhuriyetimizin kazan\u0131mlar\u0131n\u0131 tahkim ettik. As\u0131l hedeflerimize y\u00f6nelmenin vaktidir. Baz\u0131 ba\u015flang\u0131\u00e7lar vard\u0131r ki tarihin ak\u0131\u015f\u0131n de\u011fi\u015ftirir. Biz de Cumhuriyetimizin yeni asr\u0131na b\u00f6yle girmek istiyoruz&#8221; dedi<\/p>\n","protected":false},"author":1,"featured_media":119072,"comment_status":"closed","ping_status":"open","sticky":false,"template":"","format":"standard","meta":{"footnotes":""},"categories":[28],"tags":[6618,4965],"class_list":["post-119071","post","type-post","status-publish","format-standard","has-post-thumbnail","hentry","category-politika","tag-malazgirt","tag-zafer"],"_links":{"self":[{"href":"https:\/\/haberulus.net\/index.php?rest_route=\/wp\/v2\/posts\/119071","targetHints":{"allow":["GET"]}}],"collection":[{"href":"https:\/\/haberulus.net\/index.php?rest_route=\/wp\/v2\/posts"}],"about":[{"href":"https:\/\/haberulus.net\/index.php?rest_route=\/wp\/v2\/types\/post"}],"author":[{"embeddable":true,"href":"https:\/\/haberulus.net\/index.php?rest_route=\/wp\/v2\/users\/1"}],"replies":[{"embeddable":true,"href":"https:\/\/haberulus.net\/index.php?rest_route=%2Fwp%2Fv2%2Fcomments&post=119071"}],"version-history":[{"count":1,"href":"https:\/\/haberulus.net\/index.php?rest_route=\/wp\/v2\/posts\/119071\/revisions"}],"predecessor-version":[{"id":119073,"href":"https:\/\/haberulus.net\/index.php?rest_route=\/wp\/v2\/posts\/119071\/revisions\/119073"}],"wp:featuredmedia":[{"embeddable":true,"href":"https:\/\/haberulus.net\/index.php?rest_route=\/wp\/v2\/media\/119072"}],"wp:attachment":[{"href":"https:\/\/haberulus.net\/index.php?rest_route=%2Fwp%2Fv2%2Fmedia&parent=119071"}],"wp:term":[{"taxonomy":"category","embeddable":true,"href":"https:\/\/haberulus.net\/index.php?rest_route=%2Fwp%2Fv2%2Fcategories&post=119071"},{"taxonomy":"post_tag","embeddable":true,"href":"https:\/\/haberulus.net\/index.php?rest_route=%2Fwp%2Fv2%2Ftags&post=119071"}],"curies":[{"name":"wp","href":"https:\/\/api.w.org\/{rel}","templated":true}]}}