{"id":119092,"date":"2023-08-26T10:35:07","date_gmt":"2023-08-26T10:35:07","guid":{"rendered":"https:\/\/haberulus.net\/?p=119092"},"modified":"2023-08-26T10:35:07","modified_gmt":"2023-08-26T10:35:07","slug":"serdar-dursun-fenerbahceye-veda-etti","status":"publish","type":"post","link":"https:\/\/haberulus.net\/?p=119092","title":{"rendered":"Serdar Dursun, Fenerbah\u00e7e\u2019ye veda etti"},"content":{"rendered":"<p>Fenerbah\u00e7e\u2019den ayr\u0131larak Fatih Karag\u00fcmr\u00fck\u2019le anla\u015fmaya varan forvet oyuncusu Serdar Dursun, sar\u0131-lacivertlilere veda etti.<\/p>\n<p>Sosyal medya hesab\u0131ndan yay\u0131mlad\u0131\u011f\u0131 mesajda, g\u00fczel an\u0131lar\u0131n g\u00fczel vedalar\u0131 hak etti\u011fini belirten Serdar Dursun, \u015fu ifadeleri kulland\u0131:<\/p>\n<p>\u201cSevgili Fenerbah\u00e7e ailesi, 2 seneyi a\u015fk\u0131n s\u00fcredir sar\u0131-lacivertli formay\u0131 ta\u015f\u0131mak, Fenerbah\u00e7e i\u00e7in ba\u015far\u0131dan ba\u015far\u0131ya ko\u015fmak benim i\u00e7in b\u00fcy\u00fck bir onurdu. Formay\u0131 \u00fczerime giydi\u011fim her saniyenin sonunda taraftar\u0131m\u0131za ko\u015fman\u0131n hayaliyle oynad\u0131m ve sizlerle T\u00fcrkiye Kupas\u0131\u2019n\u0131 kazanman\u0131n gururunu ya\u015fad\u0131m. Sizlerle payla\u015ft\u0131\u011f\u0131m bu s\u00fcre benim i\u00e7in unutulmaz an\u0131larla dolu. \u00d6ncelikle ba\u015fkan\u0131m\u0131z Say\u0131n Ali Ko\u00e7\u2019a bana Fenerbah\u00e7e formas\u0131n\u0131 giyme \u015fans\u0131n\u0131 verdi\u011fi i\u00e7in te\u015fekk\u00fcr ederim. Ayn\u0131 zamanda birlikte m\u00fccadele etti\u011fimiz t\u00fcm tak\u0131m arkada\u015flar\u0131ma, hocalar\u0131ma, y\u00f6neticilerimize, b\u00fct\u00fcn Fenerbah\u00e7e \u00e7al\u0131\u015fanlar\u0131na ve b\u00fcy\u00fck Fenerbah\u00e7e taraftar\u0131na te\u015fekk\u00fcr ederim. Hepinizi \u00e7ok \u00f6zleyece\u011fim. Ho\u015f\u00e7a kal\u0131n.\u201d (AA)<\/p>\n","protected":false},"excerpt":{"rendered":"<p>Fenerbah\u00e7e&#8217;de yap\u0131lan transferler sonras\u0131 kadrodaki yerini kaybetti\u011fi i\u00e7in tak\u0131mdan ayr\u0131lan Serdar Dursun, Karag\u00fcmr\u00fck&#8217;e att\u0131\u011f\u0131 imza sonras\u0131 sar\u0131-lacivertli camiaya yapt\u0131\u011f\u0131 a\u00e7\u0131klamayla birlikte veda etti.<\/p>\n","protected":false},"author":1,"featured_media":119093,"comment_status":"closed","ping_status":"open","sticky":false,"template":"","format":"standard","meta":{"footnotes":""},"categories":[31],"tags":[346],"class_list":["post-119092","post","type-post","status-publish","format-standard","has-post-thumbnail","hentry","category-spor","tag-fenerbahce"],"_links":{"self":[{"href":"https:\/\/haberulus.net\/index.php?rest_route=\/wp\/v2\/posts\/119092","targetHints":{"allow":["GET"]}}],"collection":[{"href":"https:\/\/haberulus.net\/index.php?rest_route=\/wp\/v2\/posts"}],"about":[{"href":"https:\/\/haberulus.net\/index.php?rest_route=\/wp\/v2\/types\/post"}],"author":[{"embeddable":true,"href":"https:\/\/haberulus.net\/index.php?rest_route=\/wp\/v2\/users\/1"}],"replies":[{"embeddable":true,"href":"https:\/\/haberulus.net\/index.php?rest_route=%2Fwp%2Fv2%2Fcomments&post=119092"}],"version-history":[{"count":1,"href":"https:\/\/haberulus.net\/index.php?rest_route=\/wp\/v2\/posts\/119092\/revisions"}],"predecessor-version":[{"id":119094,"href":"https:\/\/haberulus.net\/index.php?rest_route=\/wp\/v2\/posts\/119092\/revisions\/119094"}],"wp:featuredmedia":[{"embeddable":true,"href":"https:\/\/haberulus.net\/index.php?rest_route=\/wp\/v2\/media\/119093"}],"wp:attachment":[{"href":"https:\/\/haberulus.net\/index.php?rest_route=%2Fwp%2Fv2%2Fmedia&parent=119092"}],"wp:term":[{"taxonomy":"category","embeddable":true,"href":"https:\/\/haberulus.net\/index.php?rest_route=%2Fwp%2Fv2%2Fcategories&post=119092"},{"taxonomy":"post_tag","embeddable":true,"href":"https:\/\/haberulus.net\/index.php?rest_route=%2Fwp%2Fv2%2Ftags&post=119092"}],"curies":[{"name":"wp","href":"https:\/\/api.w.org\/{rel}","templated":true}]}}