{"id":119116,"date":"2023-08-26T11:21:05","date_gmt":"2023-08-26T11:21:05","guid":{"rendered":"https:\/\/haberulus.net\/?p=119116"},"modified":"2023-08-26T11:21:05","modified_gmt":"2023-08-26T11:21:05","slug":"dominik-livakovicin-konusmasi-dinamo-zagrebi-sparta-prag-karsisinda-galibiyete-tasidi","status":"publish","type":"post","link":"https:\/\/haberulus.net\/?p=119116","title":{"rendered":"Dominik Livakovic\u2019in konu\u015fmas\u0131 Dinamo Zagreb\u2019i Sparta Prag kar\u015f\u0131s\u0131nda galibiyete ta\u015f\u0131d\u0131"},"content":{"rendered":"<p>Avrupa Ligi Play-Off turu ilk ma\u00e7\u0131nda Sparta Prag\u2019\u0131 3-1 yenen Dinamo Zagreb\u2019in teknik direkt\u00f6r\u00fc Sergej Jakirovic, kritik galibiyetin arkas\u0131ndaki g\u00fcc\u00fcn Fenerbah\u00e7e\u2019ye g\u00f6nderdi\u011fi kaleci Dominik Livakovic oldu\u011funu a\u00e7\u0131klad\u0131.<\/p>\n<p>\u015eampiyonlar Ligi eleme turlar\u0131 boyunca Zagreb formas\u0131 giyen ve bu y\u00fczden Fenerbah\u00e7e\u2019ye transferi geciken deneyimli kaleci, H\u0131rvat ekibinin Avrupa Ligi a\u015famas\u0131na d\u00fc\u015fmesi sonras\u0131 sar\u0131 lacivertlilere verdi\u011fi s\u00f6z\u00fc tutarak 5 y\u0131ll\u0131k s\u00f6zle\u015fmeyi imzalad\u0131. Zagreb cephesinin, Livakovic\u2019in Sparta Prag e\u015fle\u015fmesinden sonra Fenerbah\u00e7e\u2019ye g\u00f6nderme teklifi kabul g\u00f6rmedi.<\/p>\n<p>Kritik ma\u00e7a Livakovic\u2019siz \u00e7\u0131kan Zagreb, sahadan 3-1\u2019lik galibiyet ald\u0131. Ma\u00e7 sonu a\u00e7\u0131klamalarda bulunan Zagreb teknik direkt\u00f6r\u00fc Jakirovic ise, Livakovic\u2019in tak\u0131m arkada\u015flar\u0131na yapt\u0131\u011f\u0131 konu\u015fman\u0131n galibiyette \u00f6nemli rol ald\u0131\u011f\u0131n\u0131 s\u00f6yledi.<\/p>\n<p>Livakovic\u2019in ayr\u0131lmas\u0131n\u0131 engellemeye \u00e7al\u0131\u015ft\u0131\u011f\u0131n\u0131 s\u00f6yleyen Jakirovic, \u015fu ifadeleri kulland\u0131:<\/p>\n<p>\u201cLivakovic ayr\u0131lmadan \u00f6nce soyunma odas\u0131nda ola\u011fan\u00fcst\u00fc bir konu\u015fma yapt\u0131 ve oyuncular \u00fczerinde olduk\u00e7a motive edici bir etki yaratt\u0131. Bu zaferi ona ve Ivanusec\u2019e adad\u0131k. Livakovic\u2019i kalmaya ikna edebilece\u011fime inan\u0131yordum ama o, gitme karar\u0131n\u0131 verdi ve buna sayg\u0131 duyulmas\u0131 gerekiyordu. Kendisine gelecekte ba\u015far\u0131lar diliyorum. Elbette onu \u00f6zleyece\u011fiz ama Stojkovic\u2019i getirdik ve onun yerine lay\u0131k olaca\u011f\u0131na inan\u0131yorum.\u201d<\/p>\n<p><b>LIVAKOVIC\u2019\u0130N DUYGUSAL KONU\u015eMASI<\/b><\/p>\n<p>\u00d6te yandan, H\u0131rvat bas\u0131n\u0131, Livakovic\u2019in Prag ma\u00e7\u0131 \u00f6ncesi tak\u0131m arkada\u015flar\u0131yla vedala\u015f\u0131rken soyunma odas\u0131nda yapt\u0131\u011f\u0131 konu\u015fmay\u0131 yay\u0131nlad\u0131:<\/p>\n<p>\u201c\u00d6yle bir an gelir ki kelimeler gereksiz hale gelir ve duygular ortaya \u00e7\u0131kar. GNK Dinamo\u2019da ge\u00e7irdi\u011fim yedi inan\u0131lmaz y\u0131l\u0131n ard\u0131ndan her birinize derin \u015f\u00fckranlar\u0131m\u0131 sunuyorum. Bu kul\u00fcb\u00fcn kaptan\u0131 olmak, Dinamo\u2019nun formas\u0131n\u0131 giymek, renklerini savunmak inan\u0131lmaz bir onur ve ayr\u0131cal\u0131kt\u0131.\u201d<\/p>\n<p>\u201cSahada ge\u00e7irdi\u011finiz her an, ne olursa olsun deste\u011finiz ve bizimle payla\u015ft\u0131\u011f\u0131n\u0131z tutkuyla zenginle\u015fti. Gen\u00e7 bir adam olarak H\u0131rvatistan\u2019\u0131n en b\u00fcy\u00fck kul\u00fcb\u00fcne geldim ve Dinamo\u2019da yedi harika y\u0131l ge\u00e7irece\u011fimi hayal bile edemezdim. Tak\u0131m arkada\u015flar\u0131mla birlikte yeni bir Dinamo tarihi yazaca\u011f\u0131m. Zaferleri ve yenilgileri birlikte payla\u015ft\u0131k ama sadakatiniz hi\u00e7 azalmad\u0131.\u201d<\/p>\n<p>\u201cTrib\u00fcndeki enerjiniz bize her zaman aya\u011fa kalk\u0131p sonuna kadar m\u00fccadele etme g\u00fcc\u00fc verdi. \u00dcz\u00fcnt\u00fcyle ama ayn\u0131 zamanda gurur ve \u015f\u00fckranla ayr\u0131l\u0131yorum. Sonsuza dek kalbimde saklanacak an\u0131lar\u0131 yan\u0131mda g\u00f6t\u00fcr\u00fcyorum. Her zaman yan\u0131mda oldu\u011funuz, Dinamo\u2019muzu ko\u015fulsuz destekledi\u011finiz ve t\u00fcm bu yolculu\u011fu inan\u0131lmaz k\u0131ld\u0131\u011f\u0131n\u0131z i\u00e7in te\u015fekk\u00fcr ederim.\u201d<\/p>\n<p>\u201cUmar\u0131m yeni hedefler deneme karar\u0131m\u0131 anlayacaks\u0131n\u0131z. Dinamo b\u00fcy\u00fcmeye ve parlamaya devam etsin ve ben taraftar\u0131n\u0131z olaca\u011f\u0131m. Her \u015fey i\u00e7in te\u015fekk\u00fcrler. Sonu\u00e7ta Dinamo\u2019ya olan duygumu tek bir c\u00fcmleyle ifade edebilirim: \u00dczg\u00fcn \u200b\u200boldu\u011fumda beni mutlu ediyorsun.\u201d<\/p>\n<blockquote class=\"twitter-tweet\" data-width=\"500\" data-dnt=\"true\">\n<p lang=\"und\" dir=\"ltr\">Budi ponosan na sve kaj si dao za na\u0161 klub! Nikada ti ne\u0107emo zaboravit tvoju ljubav i emociju koju si imao za svoj Dinamo! <\/p>\n<p>Hvala ti na svemu dragi na\u0161 Livi! Poka\u017ei svima ono kaj mi odavno znamo, da si najbolji vratar na svijetu! \ud83d\udc99 <a href=\"https:\/\/t.co\/nQSQqvBPOt\" target=\"_blank\">pic.twitter.com\/nQSQqvBPOt<\/a><\/p>\n<p>&mdash; GNK Dinamo (@gnkdinamo) <a href=\"https:\/\/twitter.com\/gnkdinamo\/status\/1695086867757125755?ref_src=twsrc%5Etfw\" target=\"_blank\" rel=\"noopener\">August 25, 2023<\/a><\/p><\/blockquote>\n<p><script async src=\"https:\/\/platform.twitter.com\/widgets.js\" charset=\"utf-8\"><\/script><\/p>\n","protected":false},"excerpt":{"rendered":"<p>Dinamo Zagreb, Sparta Prag&#8217;\u0131 3-1&#8217;le ge\u00e7erken; Fenerbah\u00e7e&#8217;ye transfer olan y\u0131ld\u0131z kaleci Dominik Livakovic&#8217;in arkada\u015flar\u0131na yapt\u0131\u011f\u0131 duygusal konu\u015fma, galibiyetin anahtar\u0131 oldu. Teknik Direkt\u00f6r Jakirovic, bu \u00f6zel an\u0131 ve Livakovic&#8217;in katk\u0131lar\u0131n\u0131 anlatt\u0131.<\/p>\n","protected":false},"author":1,"featured_media":119118,"comment_status":"closed","ping_status":"open","sticky":false,"template":"","format":"standard","meta":{"footnotes":""},"categories":[31],"tags":[5189,13660,13755],"class_list":["post-119116","post","type-post","status-publish","format-standard","has-post-thumbnail","hentry","category-spor","tag-dinamo","tag-livakovic","tag-zagreb"],"_links":{"self":[{"href":"https:\/\/haberulus.net\/index.php?rest_route=\/wp\/v2\/posts\/119116","targetHints":{"allow":["GET"]}}],"collection":[{"href":"https:\/\/haberulus.net\/index.php?rest_route=\/wp\/v2\/posts"}],"about":[{"href":"https:\/\/haberulus.net\/index.php?rest_route=\/wp\/v2\/types\/post"}],"author":[{"embeddable":true,"href":"https:\/\/haberulus.net\/index.php?rest_route=\/wp\/v2\/users\/1"}],"replies":[{"embeddable":true,"href":"https:\/\/haberulus.net\/index.php?rest_route=%2Fwp%2Fv2%2Fcomments&post=119116"}],"version-history":[{"count":1,"href":"https:\/\/haberulus.net\/index.php?rest_route=\/wp\/v2\/posts\/119116\/revisions"}],"predecessor-version":[{"id":119119,"href":"https:\/\/haberulus.net\/index.php?rest_route=\/wp\/v2\/posts\/119116\/revisions\/119119"}],"wp:featuredmedia":[{"embeddable":true,"href":"https:\/\/haberulus.net\/index.php?rest_route=\/wp\/v2\/media\/119118"}],"wp:attachment":[{"href":"https:\/\/haberulus.net\/index.php?rest_route=%2Fwp%2Fv2%2Fmedia&parent=119116"}],"wp:term":[{"taxonomy":"category","embeddable":true,"href":"https:\/\/haberulus.net\/index.php?rest_route=%2Fwp%2Fv2%2Fcategories&post=119116"},{"taxonomy":"post_tag","embeddable":true,"href":"https:\/\/haberulus.net\/index.php?rest_route=%2Fwp%2Fv2%2Ftags&post=119116"}],"curies":[{"name":"wp","href":"https:\/\/api.w.org\/{rel}","templated":true}]}}