{"id":119147,"date":"2023-08-26T12:05:16","date_gmt":"2023-08-26T12:05:16","guid":{"rendered":"https:\/\/haberulus.net\/?p=119147"},"modified":"2023-08-26T12:05:16","modified_gmt":"2023-08-26T12:05:16","slug":"filenin-sultanlari-avrupa-sampiyonasinda-ev-sahibi-belcikayla-karsilasacak","status":"publish","type":"post","link":"https:\/\/haberulus.net\/?p=119147","title":{"rendered":"Filenin Sultanlar\u0131, Avrupa \u015eampiyonas\u0131\u2019nda ev sahibi Bel\u00e7ika\u2019yla kar\u015f\u0131la\u015facak"},"content":{"rendered":"<p>T\u00fcrkiye A Milli Kad\u0131n Voleybol Tak\u0131m\u0131, 2023 CEV Avrupa \u015eampiyonas\u0131 son 16 turunda yar\u0131n Bel\u00e7ika ile kar\u015f\u0131la\u015facak.<\/p>\n<p>Organizasyonda C Grubu\u2019nda oynad\u0131\u011f\u0131 5 kar\u015f\u0131la\u015fmay\u0131 da kazanarak ad\u0131n\u0131 nama\u011flup son 16 turuna yazd\u0131ran Filenin Sultanlar\u0131, A Grubu\u2019nu d\u00f6rd\u00fcnc\u00fc s\u0131rada tamamlayan ev sahibi Bel\u00e7ika ile m\u00fccadele edecek.<\/p>\n<p>Ba\u015fkent Br\u00fcksel\u2019deki Palais 12 Salonu\u2019nda oynanacak ma\u00e7, TS\u0130 18.00\u2019de ba\u015flayacak.<\/p>\n<p><b>4 \u00dcLKE EV SAH\u0130PL\u0130\u011e\u0130 YAPACAK<\/b><\/p>\n<p>\u015eampiyonada 24 tak\u0131m\u0131n m\u00fccadele etti\u011fi grup ma\u00e7lar\u0131na Bel\u00e7ika (A Grubu), Almanya (C Grubu), \u0130talya (B Grubu) ve Estonya (D Grubu) ev sahipli\u011fi yapt\u0131.<\/p>\n<p>A Grubu\u2019ndan S\u0131rbistan, Polonya, Ukrayna ve Bel\u00e7ika, B Grubu\u2019ndan \u0130talya, Bulgaristan, Romanya ve \u0130svi\u00e7re, C Grubu\u2019ndan T\u00fcrkiye, Almanya, \u0130sve\u00e7 ve \u00c7ekya, D Grubu\u2019ndan ise Hollanda, Fransa, Slovakya ve \u0130spanya, son 16 turuna kald\u0131.<\/p>\n<p>Organizasyonda son 16 turu ma\u00e7lar\u0131 ile \u00e7eyrek final kar\u015f\u0131la\u015fmalar\u0131, \u0130talya\u2019n\u0131n Floransa \u015fehri ve Bel\u00e7ika\u2019n\u0131n ba\u015fkenti Br\u00fcksel\u2019de oynanacak.<\/p>\n<p>Br\u00fcksel, 1 Eyl\u00fcl Cuma g\u00fcn\u00fc oynanacak yar\u0131 final ve 3 Eyl\u00fcl Pazar g\u00fcn\u00fc yap\u0131lacak 3\u2019\u00fcnc\u00fcl\u00fck ile final kar\u015f\u0131la\u015fmalar\u0131nda da ev sahibi olacak. (AA)<\/p>\n","protected":false},"excerpt":{"rendered":"<p>2023 CEV Avrupa \u015eampiyonas\u0131&#8217;nda C Grubu&#8217;nu nama\u011flup lider olarak tamamlayan Filenin Sultanlar\u0131, son 16 turunda zorlu ev sahibi Bel\u00e7ika&#8217;yla kar\u015f\u0131 kar\u015f\u0131ya! Ma\u00e7\u0131n heyecan\u0131 18.00&#8217;de Br\u00fcksel&#8217;de Palais 12 Salonu&#8217;nda ba\u015fl\u0131yor.<\/p>\n","protected":false},"author":1,"featured_media":119148,"comment_status":"closed","ping_status":"open","sticky":false,"template":"","format":"standard","meta":{"footnotes":""},"categories":[31],"tags":[4671],"class_list":["post-119147","post","type-post","status-publish","format-standard","has-post-thumbnail","hentry","category-spor","tag-belcika"],"_links":{"self":[{"href":"https:\/\/haberulus.net\/index.php?rest_route=\/wp\/v2\/posts\/119147","targetHints":{"allow":["GET"]}}],"collection":[{"href":"https:\/\/haberulus.net\/index.php?rest_route=\/wp\/v2\/posts"}],"about":[{"href":"https:\/\/haberulus.net\/index.php?rest_route=\/wp\/v2\/types\/post"}],"author":[{"embeddable":true,"href":"https:\/\/haberulus.net\/index.php?rest_route=\/wp\/v2\/users\/1"}],"replies":[{"embeddable":true,"href":"https:\/\/haberulus.net\/index.php?rest_route=%2Fwp%2Fv2%2Fcomments&post=119147"}],"version-history":[{"count":1,"href":"https:\/\/haberulus.net\/index.php?rest_route=\/wp\/v2\/posts\/119147\/revisions"}],"predecessor-version":[{"id":119149,"href":"https:\/\/haberulus.net\/index.php?rest_route=\/wp\/v2\/posts\/119147\/revisions\/119149"}],"wp:featuredmedia":[{"embeddable":true,"href":"https:\/\/haberulus.net\/index.php?rest_route=\/wp\/v2\/media\/119148"}],"wp:attachment":[{"href":"https:\/\/haberulus.net\/index.php?rest_route=%2Fwp%2Fv2%2Fmedia&parent=119147"}],"wp:term":[{"taxonomy":"category","embeddable":true,"href":"https:\/\/haberulus.net\/index.php?rest_route=%2Fwp%2Fv2%2Fcategories&post=119147"},{"taxonomy":"post_tag","embeddable":true,"href":"https:\/\/haberulus.net\/index.php?rest_route=%2Fwp%2Fv2%2Ftags&post=119147"}],"curies":[{"name":"wp","href":"https:\/\/api.w.org\/{rel}","templated":true}]}}