{"id":119159,"date":"2023-08-26T12:21:05","date_gmt":"2023-08-26T12:21:05","guid":{"rendered":"https:\/\/haberulus.net\/?p=119159"},"modified":"2023-08-26T12:21:05","modified_gmt":"2023-08-26T12:21:05","slug":"nesrin-bas-gizlice-basladigi-gureste-avrupa-sampiyonu-oldu","status":"publish","type":"post","link":"https:\/\/haberulus.net\/?p=119159","title":{"rendered":"Nesrin Ba\u015f: Gizlice ba\u015flad\u0131\u011f\u0131 g\u00fcre\u015fte Avrupa \u015fampiyonu oldu"},"content":{"rendered":"<p>Milli sporcu Nesrin Ba\u015f (21), babas\u0131ndan gizlice antrenmanlara gitti\u011fi g\u00fcre\u015fte Avrupa \u015fampiyonlu\u011fu da dahil, bir\u00e7ok madalya kazand\u0131. 6 k\u0131z karde\u015fin 5\u2019incisi olan, babas\u0131n\u0131n \u2018Dangal\u2019 filmini izledikten sonra g\u00fcre\u015fmesine izin verdi\u011fini s\u00f6yleyen Nesrin Ba\u015f, \u201cHedefim, d\u00fcnya ve olimpiyat \u015fampiyonu olmak\u201d dedi.<\/p>\n<p>Tokat\u0131n Turhal il\u00e7esi Karg\u0131n k\u00f6y\u00fcnde ya\u015fayan Ali\u015fen\u00a0ile Melek Ba\u015f \u00e7iftinin 6 \u00e7ocu\u011fundan 5\u2019incisi olan Nesrin Ba\u015f, 6 y\u0131l \u00f6nce ortaokul s\u0131ralar\u0131nda, \u00f6\u011fretmenin de y\u00f6nlendirmesiyle g\u00fcre\u015fe ilgi duymaya ba\u015flad\u0131.<\/p>\n<p>Ancak babas\u0131 Ali\u015fen Ba\u015f, k\u0131z\u0131n\u0131n g\u00fcre\u015fmesine kar\u015f\u0131 \u00e7\u0131kt\u0131. Nesrin Ba\u015f ise annesi ve ablalar\u0131n\u0131n deste\u011fi ile babas\u0131ndan gizlice antrenmanlara gitti. Bir s\u00fcre sonra g\u00fcre\u015fti\u011fini \u00f6\u011frenen babas\u0131n\u0131n onay verdi\u011fi Nesrin Ba\u015f, kat\u0131ld\u0131\u011f\u0131 ilk turnuvada T\u00fcrkiye 2\u2019ncisi\u00a0oldu. Milli sporcu daha sonra da bir\u00e7ok madalya kazand\u0131. Son olarak mart ay\u0131nda Romanya\u2019da d\u00fczenlenen Avrupa 23 Ya\u015f Alt\u0131 G\u00fcre\u015f \u015eampiyonas\u0131\u2019nda 68 kiloda alt\u0131n madalya elde etti.<\/p>\n<p><img decoding=\"async\" src=\"https:\/\/i01.sozcucdn.com\/wp-content\/uploads\/2023\/08\/26\/nesrin-bas1_23600388.jpg\" alt=\"\" title=\"\"><\/p>\n<p><b>\u2018DANGAL F\u0130LM\u0130 \u0130LE KADER\u0130M\u0130Z AYNI\u2019<\/b><\/p>\n<p>Nesrin Ba\u015f\u2019\u0131n babas\u0131 Ali\u015fen Ba\u015f, \u201cNesrin \u00e7ocukken durmadan ablalar\u0131 ile g\u00fcre\u015fmek isterdi. Ortaokula giderken g\u00fcre\u015fe ba\u015flam\u0131\u015f. Ben g\u00fcre\u015fe ba\u015flad\u0131\u011f\u0131n\u0131 duydu\u011fumda okul m\u00fcd\u00fcr\u00fcn\u00fcn yan\u0131na giderek g\u00fcre\u015f yapmamas\u0131n\u0131 s\u00f6yledim. M\u00fcd\u00fcr bana \u2018ka\u00e7 tane k\u0131z\u0131n var\u2019 dedi. 6 k\u0131z\u0131m\u0131n oldu\u011funu s\u00f6yledim. Okul m\u00fcd\u00fcr\u00fc bana \u2018Dangal filmi var, onu izle\u2019 dedi. Ben de izledim. Dangal filmi ile kaderimiz ayn\u0131. Onun da o\u011flu yoktu. 4 k\u0131z\u0131 vard\u0131. Onu izledikten sonra, k\u0131z\u0131ma dedim ki, \u2018Her daim yan\u0131nday\u0131m. Devam et sen.\u2019 Avrupa ve D\u00fcnya \u015fampiyonu oldu. K\u0131z\u0131mla gurur duyuyorum\u201d dedi.<\/p>\n<p><b>\u201cANTRENMANLARA HEP G\u0130ZL\u0130 G\u0130ZL\u0130 G\u0130D\u0130YORDUM\u201d<\/b><\/p>\n<p>Milli sporcu Nesrin Ba\u015f, \u201cG\u00fcre\u015fe ortaokulda ba\u015flad\u0131m. Hocam,\u00a0\u2018Senin ellerin b\u00fcy\u00fck iyi elense \u00e7ekersin\u2019\u00a0dedi. 2017 y\u0131l\u0131nda \u00f6yle ba\u015flad\u0131m. \u0130lk ba\u015flad\u0131\u011f\u0131m y\u0131llarda babam izin vermedi. Antrenmanlara hep gizli gizli gidiyordum. Annem ve ablalar\u0131m hep yan\u0131mda oldu. Ablalar\u0131m\u0131 arard\u0131m. Babam eve geldi mi? diye. Babam eve geldi ise gizli girerdim. Dangal filminden sonra da hep destek \u00e7\u0131kt\u0131\u201d diye konu\u015ftu.<\/p>\n<p>Nesrin Ba\u015f, hedefinin\u00a0d\u00fcnya ve olimpiyat \u015fampiyonlu\u011fu oldu\u011funu ifade etti. (DHA)<\/p>\n","protected":false},"excerpt":{"rendered":"<p>Tokatl\u0131 milli g\u00fcre\u015f\u00e7i Nesrin Ba\u015f, ortaokulda gizlice ba\u015flad\u0131\u011f\u0131 g\u00fcre\u015f yolculu\u011funda Avrupa \u015fampiyonlu\u011funa imza att\u0131. Babas\u0131 Ali\u015fen Ba\u015f, &#8216;Dangal&#8217; filmi ile fikir de\u011fi\u015ftirerek k\u0131z\u0131n\u0131n bu ba\u015far\u0131l\u0131 yolculu\u011funda yan\u0131nda oldu.<\/p>\n","protected":false},"author":1,"featured_media":119160,"comment_status":"closed","ping_status":"open","sticky":false,"template":"","format":"standard","meta":{"footnotes":""},"categories":[31],"tags":[188,3570,189,1292,13758],"class_list":["post-119159","post","type-post","status-publish","format-standard","has-post-thumbnail","hentry","category-spor","tag-bas","tag-gizli","tag-gures","tag-kiz","tag-nesrin-bas"],"_links":{"self":[{"href":"https:\/\/haberulus.net\/index.php?rest_route=\/wp\/v2\/posts\/119159","targetHints":{"allow":["GET"]}}],"collection":[{"href":"https:\/\/haberulus.net\/index.php?rest_route=\/wp\/v2\/posts"}],"about":[{"href":"https:\/\/haberulus.net\/index.php?rest_route=\/wp\/v2\/types\/post"}],"author":[{"embeddable":true,"href":"https:\/\/haberulus.net\/index.php?rest_route=\/wp\/v2\/users\/1"}],"replies":[{"embeddable":true,"href":"https:\/\/haberulus.net\/index.php?rest_route=%2Fwp%2Fv2%2Fcomments&post=119159"}],"version-history":[{"count":1,"href":"https:\/\/haberulus.net\/index.php?rest_route=\/wp\/v2\/posts\/119159\/revisions"}],"predecessor-version":[{"id":119161,"href":"https:\/\/haberulus.net\/index.php?rest_route=\/wp\/v2\/posts\/119159\/revisions\/119161"}],"wp:featuredmedia":[{"embeddable":true,"href":"https:\/\/haberulus.net\/index.php?rest_route=\/wp\/v2\/media\/119160"}],"wp:attachment":[{"href":"https:\/\/haberulus.net\/index.php?rest_route=%2Fwp%2Fv2%2Fmedia&parent=119159"}],"wp:term":[{"taxonomy":"category","embeddable":true,"href":"https:\/\/haberulus.net\/index.php?rest_route=%2Fwp%2Fv2%2Fcategories&post=119159"},{"taxonomy":"post_tag","embeddable":true,"href":"https:\/\/haberulus.net\/index.php?rest_route=%2Fwp%2Fv2%2Ftags&post=119159"}],"curies":[{"name":"wp","href":"https:\/\/api.w.org\/{rel}","templated":true}]}}