{"id":119317,"date":"2023-08-26T19:05:03","date_gmt":"2023-08-26T19:05:03","guid":{"rendered":"https:\/\/haberulus.net\/?p=119317"},"modified":"2023-08-26T19:05:03","modified_gmt":"2023-08-26T19:05:03","slug":"nijer-ecowasin-askeri-mudahale-tehdidine-karsi-alarm-durumuna-gecti","status":"publish","type":"post","link":"https:\/\/haberulus.net\/?p=119317","title":{"rendered":"Nijer, ECOWAS&#8217;\u0131n askeri m\u00fcdahale tehdidine kar\u015f\u0131 alarm durumuna ge\u00e7ti"},"content":{"rendered":"<p> <strong>Nijer<\/strong>, Bat\u0131 Afrika Devletleri Ekonomik Toplulu\u011funun (ECOWAS) olas\u0131 askeri m\u00fcdahalesine kar\u015f\u0131 en y\u00fcksek alarm durumuna ge\u00e7ti.<\/p>\n<p>AA muhabirinin askeri kaynaklardan edindi\u011fi bilgiye g\u00f6re Genelkurmay Ba\u015fkanl\u0131\u011f\u0131, &#8221;  <strong>Nijer<\/strong>&#8216;e kar\u015f\u0131 sald\u0131r\u0131 tehdidinin giderek artt\u0131\u011f\u0131&#8221; gerek\u00e7esiyle &#8220;olas\u0131 bir s\u00fcrprizden ka\u00e7\u0131nmak ad\u0131na azami alarm durumuna&#8221; ge\u00e7me karar\u0131 ald\u0131.<\/p>\n<p>&#8220;Sald\u0131r\u0131 tehdidinin&#8221; kayna\u011f\u0131 belirtilmese de ordunun bir s\u00fcredir ECOWAS&#8217;\u0131n olas\u0131 askeri m\u00fcdahalesine kar\u015f\u0131 haz\u0131rland\u0131\u011f\u0131 biliniyor.<\/p>\n<p> <strong>Nijer<\/strong>&#8216;deki askeri y\u00f6netime \u015fiddetle kar\u015f\u0131 \u00e7\u0131kan ECOWAS, ilk olarak 10 A\u011fustos&#8217;ta \u00fclkede anayasal d\u00fczen yeniden tesis edilmezse Nijer&#8217;e askeri m\u00fcdahalede bulunaca\u011f\u0131n\u0131 duyurmu\u015ftu.<\/p>\n<p>ECOWAS \u00fclkelerinin genelkurmay ba\u015fkanlar\u0131n\u0131n 17 A\u011fustos&#8217;ta Gana&#8217;n\u0131n ba\u015fkenti Akra&#8217;da d\u00fczenledikleri toplant\u0131da Nijer&#8217;e askeri m\u00fcdahalenin tarihinin belli oldu\u011fu bildirilmi\u015fti.<\/p>\n<p>ECOWAS, askerlerin emir gelir gelmez m\u00fcdahaleye haz\u0131r oldu\u011funu ilan etmi\u015f ancak bu olas\u0131 operasyonun hangi tarihte ba\u015flayaca\u011f\u0131 bilgisini payla\u015fmam\u0131\u015ft\u0131.<\/p>\n<p>Askeri y\u00f6netimlerin g\u00f6revde oldu\u011fu Burkina Faso ve Mali, daha \u00f6nce yay\u0131mlad\u0131klar\u0131 ortak bildiriyle de ECOWAS&#8217;\u0131n Nijer&#8217;deki darbenin seyrini de\u011fi\u015ftirmek \u00fczere ba\u015flatmay\u0131 planlad\u0131\u011f\u0131 askeri operasyona kar\u015f\u0131 Nijer&#8217;in yan\u0131nda olduklar\u0131n\u0131 ifade etmi\u015fti.<\/p>\n<p>Bildiride Nijer&#8217;e kar\u015f\u0131 herhangi bir askeri m\u00fcdahalenin Burkina Faso ve Mali&#8217;ye kar\u015f\u0131 sava\u015f a\u00e7mak oldu\u011fu uyar\u0131s\u0131nda bulunulmu\u015ftu.<\/p>\n<p>\u0130ki \u00fclke, askeri m\u00fcdahale ihtimaline kar\u015f\u0131 Nijer&#8217;e &#8220;Super Tucano&#8221; tipi sava\u015f u\u00e7a\u011f\u0131 g\u00f6ndermi\u015fti.<\/p>\n<p>Nijer de olas\u0131 bir operasyon durumunda Burkina Faso ve Mali&#8217;ye topraklar\u0131na girme izni vermi\u015fti.<\/p>\n<p>Nijer&#8217;deki darbe<\/p>\n<p>Nijer&#8217;de Cumhurba\u015fkan\u0131 Muhammed Bazum, 26 Temmuz&#8217;da Cumhurba\u015fkanl\u0131\u011f\u0131 Muhaf\u0131z Alay\u0131 unsurlar\u0131nca al\u0131konulmu\u015f ve o ak\u015fam asker y\u00f6netime el koydu\u011funu duyurmu\u015ftu.<\/p>\n<p>Cumhurba\u015fkanl\u0131\u011f\u0131 Muhaf\u0131z Alay\u0131 Komutan\u0131 General Abdurrahmane Tchiani, 28 Temmuz&#8217;da Vatan\u0131 Koruma Ulusal Konseyi (CNSP) isimli ge\u00e7i\u015f h\u00fck\u00fcmetinin ba\u015f\u0131na ge\u00e7mi\u015fti.<\/p>\n<p>CNSP, 7 A\u011fustos&#8217;ta Lamine Zeine&#8217;yi ba\u015fbakan olarak atam\u0131\u015f, 10 A\u011fustos&#8217;ta da asker ve sivillerden olu\u015fan 21 \u00fcyeli kabineyi a\u00e7\u0131klam\u0131\u015ft\u0131.<\/p>\n<div>Kaynak: AA \/  Fatma Esma Arslan &#8211;  D\u00fcnya <\/div>\n","protected":false},"excerpt":{"rendered":"<p>Nijer, Bat\u0131 Afrika Devletleri Ekonomik Toplulu\u011funun (ECOWAS) olas\u0131 askeri m\u00fcdahalesine kar\u015f\u0131 en y\u00fcksek alarm durumuna ge\u00e7ti. Genelkurmay Ba\u015fkanl\u0131\u011f\u0131, sald\u0131r\u0131 tehdidinin artmas\u0131 nedeniyle azami alarm durumuna ge\u00e7me karar\u0131 ald\u0131. ECOWAS, Nijer&#8217;deki askeri y\u00f6netimi protesto ederek askeri m\u00fcdahale tehdidinde bulunmu\u015ftu.<\/p>\n","protected":false},"author":1,"featured_media":119318,"comment_status":"closed","ping_status":"open","sticky":false,"template":"","format":"standard","meta":{"footnotes":""},"categories":[28],"tags":[274,13113,13111,13112,5040],"class_list":["post-119317","post","type-post","status-publish","format-standard","has-post-thumbnail","hentry","category-politika","tag-asker","tag-askeri-mudahale","tag-ecowas","tag-nijer","tag-olasi"],"_links":{"self":[{"href":"https:\/\/haberulus.net\/index.php?rest_route=\/wp\/v2\/posts\/119317","targetHints":{"allow":["GET"]}}],"collection":[{"href":"https:\/\/haberulus.net\/index.php?rest_route=\/wp\/v2\/posts"}],"about":[{"href":"https:\/\/haberulus.net\/index.php?rest_route=\/wp\/v2\/types\/post"}],"author":[{"embeddable":true,"href":"https:\/\/haberulus.net\/index.php?rest_route=\/wp\/v2\/users\/1"}],"replies":[{"embeddable":true,"href":"https:\/\/haberulus.net\/index.php?rest_route=%2Fwp%2Fv2%2Fcomments&post=119317"}],"version-history":[{"count":1,"href":"https:\/\/haberulus.net\/index.php?rest_route=\/wp\/v2\/posts\/119317\/revisions"}],"predecessor-version":[{"id":119319,"href":"https:\/\/haberulus.net\/index.php?rest_route=\/wp\/v2\/posts\/119317\/revisions\/119319"}],"wp:featuredmedia":[{"embeddable":true,"href":"https:\/\/haberulus.net\/index.php?rest_route=\/wp\/v2\/media\/119318"}],"wp:attachment":[{"href":"https:\/\/haberulus.net\/index.php?rest_route=%2Fwp%2Fv2%2Fmedia&parent=119317"}],"wp:term":[{"taxonomy":"category","embeddable":true,"href":"https:\/\/haberulus.net\/index.php?rest_route=%2Fwp%2Fv2%2Fcategories&post=119317"},{"taxonomy":"post_tag","embeddable":true,"href":"https:\/\/haberulus.net\/index.php?rest_route=%2Fwp%2Fv2%2Ftags&post=119317"}],"curies":[{"name":"wp","href":"https:\/\/api.w.org\/{rel}","templated":true}]}}