{"id":119395,"date":"2023-08-27T01:05:03","date_gmt":"2023-08-27T01:05:03","guid":{"rendered":"https:\/\/haberulus.net\/?p=119395"},"modified":"2023-08-27T01:05:03","modified_gmt":"2023-08-27T01:05:03","slug":"meral-aksener-istanbul-ve-ankara-buyuksehir-belediye-baskanlari-cumhurbaskani-secilebilirlerdi","status":"publish","type":"post","link":"https:\/\/haberulus.net\/?p=119395","title":{"rendered":"Meral Ak\u015fener: \u0130stanbul ve Ankara B\u00fcy\u00fck\u015fehir Belediye Ba\u015fkanlar\u0131 cumhurba\u015fkan\u0131 se\u00e7ilebilirlerdi"},"content":{"rendered":"<p> <strong>\u0130yi Parti<\/strong> Genel Ba\u015fkan\u0131 Meral Ak\u015fener, Afyonkarahisar&#8217;da Kocatepe&#8217;de yapt\u0131\u011f\u0131 konu\u015fmada, se\u00e7imden \u00f6nce \u0130stanbul B\u00fcy\u00fck\u015fehir Belediye Ba\u015fkan\u0131 Ekrem \u0130mamo\u011flu ve Ankara B\u00fcy\u00fck\u015fehir Belediye Ba\u015fkan\u0131 Mansur Yava\u015f&#8217;\u0131n cumhurba\u015fkan\u0131 se\u00e7ilebileceklerini g\u00f6rd\u00fcklerini belirterek, &#8220;Onlar\u0131n yolunu kapatanlara maalesef engel olamad\u0131m. Aziz T\u00fcrk milleti ve de\u011ferli arkada\u015flar\u0131m, sizlerden \u00f6z\u00fcr diliyorum&#8221; dedi.<\/p>\n<p>Kocatepe&#8217;de Atat\u00fcrk ve Alparslan portresinin yer ald\u0131\u011f\u0131 k\u00fcrs\u00fcde konu\u015fan \u0130Y\u0130 Parti Genel Ba\u015fkan\u0131 Meral Ak\u015fener, 2023 se\u00e7imlerinin kaybedilmesi i\u00e7in \u00e7al\u0131\u015fanlarla m\u00fccadele ettiklerini s\u00f6yledi. Ak\u015fener, konu\u015fmas\u0131nda, &#8220;\u00d6nce ben diyenlerle de u\u011fra\u015ft\u0131k. Nefsinin esiri olanlarla u\u011fra\u015ft\u0131k. Ne yaz\u0131k ki koltu\u011fundan ba\u015fka \u015feyi olmayanlarla u\u011fra\u015ft\u0131k. Yank\u0131 odalar\u0131nda ihanetle su\u00e7land\u0131k&#8221; dedi.<\/p>\n<p>Se\u00e7imden sonra suskun kalmay\u0131 tercih etti\u011fini kaydeden Ak\u015fener, &#8220;Ben sustum, &#8216;Y\u00fczde 60 ile kazan\u0131r\u0131m&#8217; diyenler, susmad\u0131. 2023 se\u00e7imlerine girerken Say\u0131n Erdo\u011fan kar\u015f\u0131s\u0131nda se\u00e7imi a\u00e7\u0131k farkla kazanacak iki aday \u00e7\u0131kard\u0131k. Bu iki arkada\u015f\u0131m\u0131z\u0131n rahatl\u0131kla cumhurba\u015fkan\u0131 se\u00e7ilece\u011fini g\u00f6rd\u00fck. Onlar\u0131n yolunu kapatanlara maalesef engel olamad\u0131m. Onlar\u0131 pa\u00e7alar\u0131ndan a\u015fa\u011f\u0131 \u00e7ekenlere engel olamad\u0131m. Aziz T\u00fcrk milleti ve de\u011ferli arkada\u015flar\u0131m, sizlerden \u00f6z\u00fcr diliyorum. Milletimizin omuzlar\u0131nda ta\u015f\u0131d\u0131\u011f\u0131 bu umuda kulak vereceklerini d\u00fc\u015f\u00fcnd\u00fcm. Uyar\u0131lar\u0131m\u0131z dikkate al\u0131nmad\u0131&#8221; diye konu\u015ftu.<\/p>\n<p>Sadece say\u0131sal \u00e7o\u011funlu\u011fa indirgenen s\u0131\u011f siyaseti reddettiklerini belirten \u0130Y\u0130 Parti Lideri Ak\u015fener, yerel se\u00e7imlere kendi kadrolar\u0131yla gireceklerini a\u00e7\u0131klayarak, &#8220;Gelin \u00f6n\u00fcm\u00fczdeki yerel se\u00e7imde hep birlikte ayr\u0131 ayr\u0131 se\u00e7imlere girelim. Biz var\u0131z. Sizleri de bekleriz&#8221; dedi.<\/p>\n<div>Kaynak: Demir\u00f6ren Haber Ajans\u0131 \/  Politika <\/div>\n","protected":false},"excerpt":{"rendered":"<p>\u0130Y\u0130 Parti Genel Ba\u015fkan\u0131 Meral Ak\u015fener, Afyonkarahisar&#8217;da yapt\u0131\u011f\u0131 konu\u015fmada, \u0130stanbul ve Ankara B\u00fcy\u00fck\u015fehir Belediye Ba\u015fkanlar\u0131n\u0131n cumhurba\u015fkan\u0131 se\u00e7ilebileceklerini belirterek, engel olamad\u0131\u011f\u0131 i\u00e7in \u00f6z\u00fcr diledi.<\/p>\n","protected":false},"author":1,"featured_media":119396,"comment_status":"closed","ping_status":"open","sticky":false,"template":"","format":"standard","meta":{"footnotes":""},"categories":[28],"tags":[1048],"class_list":["post-119395","post","type-post","status-publish","format-standard","has-post-thumbnail","hentry","category-politika","tag-aksener"],"_links":{"self":[{"href":"https:\/\/haberulus.net\/index.php?rest_route=\/wp\/v2\/posts\/119395","targetHints":{"allow":["GET"]}}],"collection":[{"href":"https:\/\/haberulus.net\/index.php?rest_route=\/wp\/v2\/posts"}],"about":[{"href":"https:\/\/haberulus.net\/index.php?rest_route=\/wp\/v2\/types\/post"}],"author":[{"embeddable":true,"href":"https:\/\/haberulus.net\/index.php?rest_route=\/wp\/v2\/users\/1"}],"replies":[{"embeddable":true,"href":"https:\/\/haberulus.net\/index.php?rest_route=%2Fwp%2Fv2%2Fcomments&post=119395"}],"version-history":[{"count":1,"href":"https:\/\/haberulus.net\/index.php?rest_route=\/wp\/v2\/posts\/119395\/revisions"}],"predecessor-version":[{"id":119397,"href":"https:\/\/haberulus.net\/index.php?rest_route=\/wp\/v2\/posts\/119395\/revisions\/119397"}],"wp:featuredmedia":[{"embeddable":true,"href":"https:\/\/haberulus.net\/index.php?rest_route=\/wp\/v2\/media\/119396"}],"wp:attachment":[{"href":"https:\/\/haberulus.net\/index.php?rest_route=%2Fwp%2Fv2%2Fmedia&parent=119395"}],"wp:term":[{"taxonomy":"category","embeddable":true,"href":"https:\/\/haberulus.net\/index.php?rest_route=%2Fwp%2Fv2%2Fcategories&post=119395"},{"taxonomy":"post_tag","embeddable":true,"href":"https:\/\/haberulus.net\/index.php?rest_route=%2Fwp%2Fv2%2Ftags&post=119395"}],"curies":[{"name":"wp","href":"https:\/\/api.w.org\/{rel}","templated":true}]}}