{"id":119593,"date":"2023-08-27T11:51:03","date_gmt":"2023-08-27T11:51:03","guid":{"rendered":"https:\/\/haberulus.net\/?p=119593"},"modified":"2023-08-27T11:51:03","modified_gmt":"2023-08-27T11:51:03","slug":"nemrut-kalderasi-ziyaretcilerine-boz-ayi-surprizi","status":"publish","type":"post","link":"https:\/\/haberulus.net\/?p=119593","title":{"rendered":"Nemrut Kalderas\u0131 ziyaret\u00e7ilerine boz ay\u0131 s\u00fcrprizi"},"content":{"rendered":"<p>D\u00fcnyan\u0131n ikinci, T\u00fcrkiye\u2019nin en b\u00fcy\u00fck krater g\u00f6l\u00fcn\u00fc bar\u0131nd\u0131ran Nemrut Kalderas\u0131, do\u011faseverlerin u\u011frak noktalar\u0131ndan biri olmay\u0131 s\u00fcrd\u00fcr\u00fcyor. Biyo\u00e7e\u015fitlili\u011fiyle dikkati \u00e7eken b\u00f6lge, boz ay\u0131lara da ev sahipli\u011fi yap\u0131yor.<\/p>\n<p>Hafta sonu i\u00e7in Nemrut Kalderas\u0131\u2019n\u0131 tercih eden ziyaret\u00e7iler, boz ay\u0131larla kar\u015f\u0131la\u015fman\u0131n heyecan\u0131n\u0131 ya\u015fad\u0131.<\/p>\n<p><img decoding=\"async\" src=\"https:\/\/i01.sozcucdn.com\/wp-content\/uploads\/2023\/08\/27\/ayi2.1_23607235.jpg\" alt=\"\" title=\"\"><\/p>\n<p>Krater g\u00f6l\u00fcne giden yolda bir grup boz ay\u0131 g\u00f6ren ziyaret\u00e7iler, ara\u00e7lar\u0131n\u0131 durdurarak g\u00f6r\u00fcnt\u00fc ald\u0131. Baz\u0131 ziyaret\u00e7ilerin ay\u0131lara yiyecek att\u0131klar\u0131 g\u00f6r\u00fcld\u00fc.<\/p>\n<p>Ziyaret\u00e7ilerden Akg\u00f6l \u00e7ifti, ay\u0131lar\u0131 g\u00f6rd\u00fcklerinde ya\u015fad\u0131klar\u0131 heyecan\u0131 anlatt\u0131.<\/p>\n<p>E\u015fiyle birlikte b\u00f6lgeyi gezmek i\u00e7in Diyarbak\u0131r\u2019dan geldiklerini belirten Hamdullah Akg\u00f6l, daha \u00f6nce burada ay\u0131lar\u0131n ya\u015fad\u0131\u011f\u0131n\u0131 duyduklar\u0131n\u0131 ancak onlar\u0131 g\u00f6rmeyi beklemediklerini s\u00f6yledi.<\/p>\n<p>G\u00f6le yakla\u015ft\u0131klar\u0131nda ay\u0131lar\u0131 g\u00f6rd\u00fcklerini ve \u00e7ok \u015fa\u015f\u0131rd\u0131klar\u0131n\u0131 belirten Akg\u00f6l, \u201cPencereyi a\u00e7\u0131p seslendim, bana do\u011fru geldiler. Arac\u0131m\u0131n yan\u0131na gelip aya\u011fa kalkt\u0131lar. O esnada hem bir korku hem bir mutluluk vard\u0131, \u00e7ok tuhaf bir duyguydu. \u0130lk defa onlar\u0131n do\u011fal ortam\u0131na girdik\u201d dedi.<\/p>\n<p><img decoding=\"async\" src=\"https:\/\/i01.sozcucdn.com\/wp-content\/uploads\/2023\/08\/27\/ayi4.jpeg\" alt=\"\" title=\"\"><\/p>\n<p><strong>\u201cNEYE U\u011eRADI\u011eIMIZI \u015eA\u015eIRDIK\u201d<\/strong><\/p>\n<p>Seda Akg\u00f6l de \u00e7ok g\u00fczel ve farkl\u0131 bir deneyim ya\u015fad\u0131klar\u0131n\u0131 ifade ederek, \u201cDo\u011fayla i\u00e7 i\u00e7e olmak zaten \u00e7ok g\u00fczel. Temas halinde bulunmasak bile bu kadar yak\u0131ndan onlarla g\u00f6z g\u00f6ze gelmek \u00e7ok farkl\u0131 bir deneyimdi.\u201d diye konu\u015ftu.<\/p>\n<p>\u0130nsanlar\u0131n kalabal\u0131k oldu\u011fu bir ortamda ay\u0131lar\u0131 g\u00f6rmeyi beklemediklerini dile getiren Seda Akg\u00f6l, \u201cOrmanl\u0131k alana girdi\u011fimiz andan itibaren hemen kar\u015f\u0131la\u015fmak \u00e7ok b\u00fcy\u00fck bir s\u00fcrpriz oldu, hi\u00e7 beklemiyordum. Hatta o s\u0131rada ormanl\u0131k alan\u0131n i\u00e7erisinde ilerlerken yolu kameraya al\u0131yordum. Birden Hamdullah, \u2018ay\u0131 var\u2019 deyince neye u\u011frad\u0131\u011f\u0131m\u0131z\u0131 \u015fa\u015f\u0131rd\u0131k, bir dural\u0131m, bekleyelim, yan\u0131m\u0131za gelecekler mi diye merak ettik. Sonra geldiler yan\u0131m\u0131za. G\u00fczeldi, farkl\u0131 bir deneyimdi. Onlarla i\u00e7 i\u00e7e olmak g\u00fczel bir duyguydu. \u00dcrk\u00fct\u00fcc\u00fc yan\u0131 da vard\u0131 ama yine de g\u00fczeldi.\u201d ifadelerini kulland\u0131. (AA)<\/p>\n","protected":false},"excerpt":{"rendered":"<p>Hafta sonunu Tatvan&#8217;daki Nemrut Krater G\u00f6l\u00fc&#8217;nde ge\u00e7irmek isteyen ziyaret\u00e7iler, boz ay\u0131 s\u00fcrpriziyle kar\u015f\u0131la\u015ft\u0131.<\/p>\n","protected":false},"author":1,"featured_media":119594,"comment_status":"closed","ping_status":"open","sticky":false,"template":"","format":"standard","meta":{"footnotes":""},"categories":[33],"tags":[13791,241],"class_list":["post-119593","post","type-post","status-publish","format-standard","has-post-thumbnail","hentry","category-yasam","tag-akgol","tag-guzel"],"_links":{"self":[{"href":"https:\/\/haberulus.net\/index.php?rest_route=\/wp\/v2\/posts\/119593","targetHints":{"allow":["GET"]}}],"collection":[{"href":"https:\/\/haberulus.net\/index.php?rest_route=\/wp\/v2\/posts"}],"about":[{"href":"https:\/\/haberulus.net\/index.php?rest_route=\/wp\/v2\/types\/post"}],"author":[{"embeddable":true,"href":"https:\/\/haberulus.net\/index.php?rest_route=\/wp\/v2\/users\/1"}],"replies":[{"embeddable":true,"href":"https:\/\/haberulus.net\/index.php?rest_route=%2Fwp%2Fv2%2Fcomments&post=119593"}],"version-history":[{"count":1,"href":"https:\/\/haberulus.net\/index.php?rest_route=\/wp\/v2\/posts\/119593\/revisions"}],"predecessor-version":[{"id":119595,"href":"https:\/\/haberulus.net\/index.php?rest_route=\/wp\/v2\/posts\/119593\/revisions\/119595"}],"wp:featuredmedia":[{"embeddable":true,"href":"https:\/\/haberulus.net\/index.php?rest_route=\/wp\/v2\/media\/119594"}],"wp:attachment":[{"href":"https:\/\/haberulus.net\/index.php?rest_route=%2Fwp%2Fv2%2Fmedia&parent=119593"}],"wp:term":[{"taxonomy":"category","embeddable":true,"href":"https:\/\/haberulus.net\/index.php?rest_route=%2Fwp%2Fv2%2Fcategories&post=119593"},{"taxonomy":"post_tag","embeddable":true,"href":"https:\/\/haberulus.net\/index.php?rest_route=%2Fwp%2Fv2%2Ftags&post=119593"}],"curies":[{"name":"wp","href":"https:\/\/api.w.org\/{rel}","templated":true}]}}