{"id":119746,"date":"2023-08-27T21:08:21","date_gmt":"2023-08-27T21:08:21","guid":{"rendered":"https:\/\/haberulus.net\/?p=119746"},"modified":"2023-08-27T21:08:21","modified_gmt":"2023-08-27T21:08:21","slug":"iyi-parti-milletvekili-ozlaleden-ekrem-imamoglu-ve-mansur-yavas-cikisi-onlari-secimde-desteklemezsek-bu-bizim-icin-bir-tezat-olusturmaz","status":"publish","type":"post","link":"https:\/\/haberulus.net\/?p=119746","title":{"rendered":"\u0130Y\u0130 Parti Milletvekili \u00d6zlale&#8217;den Ekrem \u0130mamo\u011flu ve Mansur Yava\u015f \u00e7\u0131k\u0131\u015f\u0131: Onlar\u0131 se\u00e7imde desteklemezsek, bu bizim i\u00e7in bir tezat olu\u015fturmaz"},"content":{"rendered":"<p>\u0130Y\u0130 Parti Genel Ba\u015fkan\u0131 Meral Ak\u015fener&#8217;in &#8220;Ben bu iki arkada\u015f\u0131m\u0131z\u0131n milletimizin \u00e7a\u011fr\u0131s\u0131na kulak verece\u011fini d\u00fc\u015f\u00fcnd\u00fcm. Onlara bu ate\u015ften g\u00f6mle\u011fi giydiremedi\u011fim i\u00e7in hepinizden \u00f6z\u00fcr diliyorum&#8221; dedi\u011fi Mansur Yava\u015f ve Ekrem \u0130mamo\u011flu hakk\u0131nda bir dikkat \u00e7eken \u00e7\u0131k\u0131\u015f da \u0130Y\u0130 Parti \u0130zmir Milletvekili \u00dcmit \u00d6zlale&#8217;den geldi. \u00d6zlale, &#8220;Ekrem ve Mansur Bey, bizim i\u00e7in art\u0131k CHP&#8217;nin belediye ba\u015fkanlar\u0131d\u0131r. Biz onlar\u0131 se\u00e7imde desteklemezsek, bu bizim i\u00e7in bir tezat olu\u015fturmaz.&#8221; diye konu\u015ftu.<\/p>\n<p><b>&#8220;ARTIK CHP&#8217;N\u0130N BELED\u0130YE BA\u015eKANLARI&#8221;<\/b><\/p>\n<p>\u0130Y\u0130 Parti \u0130zmir Milletvekili \u00dcmit \u00d6zlale, Halk TV canl\u0131 yay\u0131n\u0131nda g\u00fcndeme ili\u015fkin a\u00e7\u0131klamalarda bulundu. \u0130stanbul Belediye Ba\u015fkan\u0131 Ekrem \u0130mamo\u011flu ve Ankara B\u00fcy\u00fck\u015fehir Belediye Ba\u015fkan\u0131 Mansur Yava\u015f hakk\u0131nda konu\u015fan \u00d6zlale, &#8220;Ekrem ve Mansur Bey, bizim i\u00e7in art\u0131k CHP&#8217;nin belediye ba\u015fkanlar\u0131d\u0131r. Biz onlar\u0131 se\u00e7imde desteklemezsek, bu bizim i\u00e7in bir tezat olu\u015fturmaz.&#8221; diye konu\u015ftu.<\/p>\n<p><b>&#8220;KAZANMASI EN ZOR ADAYI B\u0130ZE SON ANA KADAR SAKLAYIP, SONRA S\u00d6YLED\u0130LER&#8221;<\/b><\/p>\n<p>Se\u00e7imi neden kaybettiklerini ili\u015fkinde de\u011ferlendirmelerde bulunan \u00d6zlale, &#8220;Rahatl\u0131kla kazanabilece\u011fimiz se\u00e7imi kaybettik. Mart ba\u015f\u0131nda hangi anket \u015firketine bakarsan\u0131z bak\u0131n Erdo\u011fan kar\u015f\u0131s\u0131nda kazanmas\u0131 en zor aday\u0131 bize aday olarak son ana kadar saklay\u0131p ondan sonras\u0131nda da s\u00f6ylediler. Ya\u015fananlar\u0131 biraz daha a\u00e7abilirim konu\u015fursam da TT oluruz&#8221; ifadelerini kulland\u0131.<\/p>\n<p><b>NE OLMU\u015eTU? <\/b><\/p>\n<p>26 A\u011fustos&#8217;ta Afyonkarahisar&#8217;da partisinin d\u00fczenledi\u011fi programa kat\u0131lan \u0130Y\u0130 Parti Genel Ba\u015fkan\u0131 Meral Ak\u015fener,  <strong>se\u00e7im<\/strong> d\u00f6nemine ili\u015fkin dikkat \u00e7eken a\u00e7\u0131klamalar yapt\u0131. CHP lideri Kemal K\u0131l\u0131\u00e7daro\u011flu&#8217;na isim vermeden sert s\u00f6zlerle y\u00fcklenen Ak\u015fener, &#8220;Biz bu se\u00e7imde koltu\u011fundan ba\u015fka \u015fey d\u00fc\u015f\u00fcnmeyenlerle u\u011fra\u015ft\u0131k. Nefsini \u00f6ne koyanlarla, \u00f6nce ben diyenlerle u\u011fra\u015ft\u0131k. As\u0131l sorunun kendi saflar\u0131m\u0131zda oldu\u011funu g\u00f6rmedim. \u00d6z\u00fcr diliyorum&#8221; dedi.<\/p>\n<p><b>\u0130MAMO\u011eLU VE YAVA\u015e&#8217;A DA Y\u00dcKLEND\u0130<\/b><\/p>\n<p>\u0130mamo\u011flu ve Yava\u015f&#8217;a da y\u00fcklenen Ak\u015fener, &#8220;Ben bu iki arkada\u015f\u0131m\u0131z\u0131n milletimizin \u00e7a\u011fr\u0131s\u0131na kulak verece\u011fini d\u00fc\u015f\u00fcnd\u00fcm. Onlara bu ate\u015ften g\u00f6mle\u011fi giydiremedi\u011fim i\u00e7in hepinizden \u00f6z\u00fcr diliyorum. Allah \u015fahidim ki en yapt\u0131ysam se\u00e7imi kazabilmek i\u00e7in yapt\u0131m. Ne yapt\u0131ysam bug\u00fcn hepsinin arkas\u0131nday\u0131m. Ke\u015fke herkes bizler kadar fedakar olabilseydi ama maalesef olamad\u0131lar&#8221; diye konu\u015ftu. <\/p>\n","protected":false},"excerpt":{"rendered":"<p>\u0130Y\u0130 Parti Genel Ba\u015fkan\u0131 Meral Ak\u015fener&#8217;in zehir zemberek a\u00e7\u0131klamalar\u0131n\u0131n yank\u0131lar\u0131 s\u00fcrerken \u0130Y\u0130 Parti \u0130zmir Milletvekili \u00dcmit \u00d6zlale&#8217;den \u0130mamo\u011flu ve Yava\u015f hakk\u0131nda \u00e7arp\u0131c\u0131 bir \u00e7\u0131k\u0131\u015f daha geldi. \u00d6zlale, &#8220;Ekrem ve Mansur Bey, bizim i\u00e7in art\u0131k CHP&#8217;nin belediye ba\u015fkanlar\u0131d\u0131r. Biz onlar\u0131 se\u00e7imde desteklemezsek, bu bizim i\u00e7in bir tezat olu\u015fturmaz&#8221; dedi.<\/p>\n","protected":false},"author":1,"featured_media":119747,"comment_status":"closed","ping_status":"open","sticky":false,"template":"","format":"standard","meta":{"footnotes":""},"categories":[28],"tags":[417,442,320],"class_list":["post-119746","post","type-post","status-publish","format-standard","has-post-thumbnail","hentry","category-politika","tag-belediye","tag-parti","tag-secim"],"_links":{"self":[{"href":"https:\/\/haberulus.net\/index.php?rest_route=\/wp\/v2\/posts\/119746","targetHints":{"allow":["GET"]}}],"collection":[{"href":"https:\/\/haberulus.net\/index.php?rest_route=\/wp\/v2\/posts"}],"about":[{"href":"https:\/\/haberulus.net\/index.php?rest_route=\/wp\/v2\/types\/post"}],"author":[{"embeddable":true,"href":"https:\/\/haberulus.net\/index.php?rest_route=\/wp\/v2\/users\/1"}],"replies":[{"embeddable":true,"href":"https:\/\/haberulus.net\/index.php?rest_route=%2Fwp%2Fv2%2Fcomments&post=119746"}],"version-history":[{"count":1,"href":"https:\/\/haberulus.net\/index.php?rest_route=\/wp\/v2\/posts\/119746\/revisions"}],"predecessor-version":[{"id":119748,"href":"https:\/\/haberulus.net\/index.php?rest_route=\/wp\/v2\/posts\/119746\/revisions\/119748"}],"wp:featuredmedia":[{"embeddable":true,"href":"https:\/\/haberulus.net\/index.php?rest_route=\/wp\/v2\/media\/119747"}],"wp:attachment":[{"href":"https:\/\/haberulus.net\/index.php?rest_route=%2Fwp%2Fv2%2Fmedia&parent=119746"}],"wp:term":[{"taxonomy":"category","embeddable":true,"href":"https:\/\/haberulus.net\/index.php?rest_route=%2Fwp%2Fv2%2Fcategories&post=119746"},{"taxonomy":"post_tag","embeddable":true,"href":"https:\/\/haberulus.net\/index.php?rest_route=%2Fwp%2Fv2%2Ftags&post=119746"}],"curies":[{"name":"wp","href":"https:\/\/api.w.org\/{rel}","templated":true}]}}