{"id":119790,"date":"2023-08-28T07:51:11","date_gmt":"2023-08-28T07:51:11","guid":{"rendered":"https:\/\/haberulus.net\/?p=119790"},"modified":"2023-08-28T07:51:11","modified_gmt":"2023-08-28T07:51:11","slug":"ak-partinin-ibb-adayi-kim-olsun-anketi-ilk-sirada-murat-kurum-var-listeye-6-ilce-belediye-baskani-girdi","status":"publish","type":"post","link":"https:\/\/haberulus.net\/?p=119790","title":{"rendered":"&#8220;AK Parti&#8217;nin \u0130BB aday\u0131 kim olsun?&#8221; anketi! \u0130lk s\u0131rada Murat Kurum var, listeye 6 il\u00e7e belediye ba\u015fkan\u0131 girdi"},"content":{"rendered":"<p>ASAL Ara\u015ft\u0131rma ve Dan\u0131\u015fmanl\u0131k \u015eirketi, \u0130stanbul&#8217;da yapt\u0131\u011f\u0131 anket \u00e7al\u0131\u015fmas\u0131nda vatanda\u015flara, &#8220;Sizce AK Parti&#8217;nin \u0130stanbul B\u00fcy\u00fck\u015fehir Belediye Ba\u015fkan Aday\u0131 Kim Olmal\u0131?&#8221; a\u00e7\u0131k u\u00e7lu sorusunu y\u00f6neltti. Ankete g\u00f6re; y\u00fczde 18.1 oy oran\u0131yla ilk s\u0131rada eski \u00c7evre \u015eehircilik ve \u0130klim De\u011fi\u015fikli\u011fi Bakan\u0131 Murat Kurum yer ald\u0131.<\/p>\n<p><b>ANKETE 3 B\u0130N K\u0130\u015e\u0130 KATILDI <\/b><\/p>\n<p>ASAL Ara\u015ft\u0131rma \u015eirketi, &#8216;\u0130stanbul B\u00fcy\u00fck\u015fehir Belediyesi Siyasi E\u011filim Ara\u015ft\u0131rmas\u0131&#8217;n\u0131 yay\u0131mlad\u0131. Ara\u015ft\u0131rmada, siyasi partilerin se\u00e7men deste\u011fi, B\u00fcy\u00fck\u015fehir Belediyesi ve mevcut belediye ba\u015fkan\u0131 ile ilgili kanaatler ve se\u00e7menin istedi\u011fi adaylarla ilgili de\u011ferlendirmeler yer ald\u0131. 19-27 A\u011fustos 2023 tarihleri aras\u0131nda \u0130stanbul&#8217;un 39 il\u00e7esinde 18 ya\u015f ve \u00fczeri 3.000 ki\u015fiyle CATI (Bilgisayar destekli telefonla anket) y\u00f6ntemiyle ger\u00e7ekle\u015ftirilen ankette se\u00e7menlere, &#8220;Sizce AK Parti&#8217;nin \u0130stanbul B\u00fcy\u00fck\u015fehir Belediye Ba\u015fkan Aday\u0131 Kim Olmal\u0131?&#8221; a\u00e7\u0131k u\u00e7lu sorusu y\u00f6neltildi.<\/p>\n<p><img decoding=\"async\" src=\"https:\/\/i.hbrcdn.com\/haber\/2023\/08\/28\/ak-parti-nin-ibb-adayi-kim-olsun-anketi-il-16268707_1727_m.jpg\" alt=\"\" title=\"\"><\/p>\n<p><b>\u0130LK SIRADA MURAT KURUM YER ALDI<\/b><\/p>\n<p>Ankete kat\u0131lanlar\u0131n y\u00fczde 18.1&#8217;i bu soruya eski \u00c7evre \u015eehircilik ve \u0130klim De\u011fi\u015fikli\u011fi Bakan\u0131 Murat Kurum yan\u0131t\u0131n\u0131 verdi. Bunu y\u00fczde 10.2 ile Esenler Belediye Ba\u015fkan\u0131 Mehmet Tevfik G\u00f6ksu cevab\u0131n\u0131 verenler takip etti. Sa\u011fl\u0131k Bakan\u0131 Fahrettin Koca yan\u0131t\u0131 ise y\u00fczde 9.8 ile \u00fc\u00e7\u00fcnc\u00fc s\u0131rada yer ald\u0131. Y\u00fczde 8.6&#8217;l\u0131k bir kesim ise bu soruya eski \u0130\u00e7i\u015fleri Bakan\u0131 S\u00fcleyman Soylu cevab\u0131n\u0131 verdi.<\/p>\n<p><b>6 \u0130L\u00c7E BELED\u0130YE BA\u015eKANI DA L\u0130STEDE<\/b><\/p>\n<p>AK Parti&#8217;nin \u0130BB aday\u0131 olmas\u0131 muhtemel isimler aras\u0131nda 6 il\u00e7e belediye ba\u015fkan\u0131 da var. Bu isimler; \u00dcsk\u00fcdar Belediye Ba\u015fkan\u0131 Hilmi T\u00fcrkmen, Fatih Belediye Ba\u015fkan\u0131 Mehmet Erg\u00fcn Turan, Tuzla Belediye Ba\u015fkan\u0131 \u015eadi Yaz\u0131c\u0131, Ba\u011fc\u0131lar Belediye Ba\u015fkan\u0131 Abdullah \u00d6zdemir, Ey\u00fcpsultan Belediye Ba\u015fkan\u0131 Deniz K\u00f6ken ve G\u00fcng\u00f6ren Belediye Ba\u015fkan\u0131 B\u00fcnyamin Demir de ankette \u0130BB aday\u0131 olmas\u0131 muhtemel isimler aras\u0131nda yer ald\u0131. <\/p>\n<p><b>AK PART\u0130&#8217;N\u0130N \u0130STANBUL B\u00dcY\u00dcK\u015eEH\u0130R BELED\u0130YE BA\u015eKAN ADAYI K\u0130M OLMALI? (A\u00c7IK U\u00c7LU SORU)<\/b><\/p>\n<ul>\n<li>Murat Kurum: %18.1<\/li>\n<li>Mehmet Tevfik G\u00f6ksu: %10.2<\/li>\n<li>Fahrettin Koca: %9.8<\/li>\n<li>S\u00fcleyman Soylu: %8.6<\/li>\n<li>Adil Karaismailo\u011flu :%7.0<\/li>\n<li>Osman Nuri Kabaktepe: %4.5<\/li>\n<li>Hilmi T\u00fcrkmen: %3.6<\/li>\n<li>Mehmet Erg\u00fcn Turan: %2.8<\/li>\n<li>Mustafa Varank: %2.7<\/li>\n<li>\u015eadi Yaz\u0131c\u0131: %2.4<\/li>\n<li>Abdullah \u00d6zdemir: %1.8<\/li>\n<li>Deniz K\u00f6ken: %1.5<\/li>\n<li>B\u00fcnyamin Demir: %1.2<\/li>\n<li>Di\u011fer:%6.5<\/li>\n<li>Hi\u00e7biri:%7.4<\/li>\n<li>Fikrim yok\/Cevap yok:%11.9<\/li>\n<\/ul>\n","protected":false},"excerpt":{"rendered":"<p>Yerel se\u00e7imler yakla\u015f\u0131rken AK Parti&#8217;nin \u0130BB aday\u0131n\u0131n kim olaca\u011f\u0131 herkes taraf\u0131ndan merak ediliyor. 39 il\u00e7ede 3 bin ki\u015fiyi kapsayan ara\u015ft\u0131rman\u0131n sonucuna g\u00f6re; vatanda\u015flar\u0131n y\u00fczde 18.1&#8217;i tercihini Murat Kurum&#8217;dan yana kulland\u0131. S\u00fcrpriz isimlerin yer ald\u0131\u011f\u0131 listeye 6 il\u00e7e belediye ba\u015fkan\u0131 da girmeyi ba\u015fard\u0131.<\/p>\n","protected":false},"author":1,"featured_media":119791,"comment_status":"closed","ping_status":"open","sticky":false,"template":"","format":"standard","meta":{"footnotes":""},"categories":[28],"tags":[941,272,3831,96,13798],"class_list":["post-119790","post","type-post","status-publish","format-standard","has-post-thumbnail","hentry","category-politika","tag-adayi","tag-anket","tag-belediye-baskan","tag-istanbul","tag-yer-aldi"],"_links":{"self":[{"href":"https:\/\/haberulus.net\/index.php?rest_route=\/wp\/v2\/posts\/119790","targetHints":{"allow":["GET"]}}],"collection":[{"href":"https:\/\/haberulus.net\/index.php?rest_route=\/wp\/v2\/posts"}],"about":[{"href":"https:\/\/haberulus.net\/index.php?rest_route=\/wp\/v2\/types\/post"}],"author":[{"embeddable":true,"href":"https:\/\/haberulus.net\/index.php?rest_route=\/wp\/v2\/users\/1"}],"replies":[{"embeddable":true,"href":"https:\/\/haberulus.net\/index.php?rest_route=%2Fwp%2Fv2%2Fcomments&post=119790"}],"version-history":[{"count":1,"href":"https:\/\/haberulus.net\/index.php?rest_route=\/wp\/v2\/posts\/119790\/revisions"}],"predecessor-version":[{"id":119792,"href":"https:\/\/haberulus.net\/index.php?rest_route=\/wp\/v2\/posts\/119790\/revisions\/119792"}],"wp:featuredmedia":[{"embeddable":true,"href":"https:\/\/haberulus.net\/index.php?rest_route=\/wp\/v2\/media\/119791"}],"wp:attachment":[{"href":"https:\/\/haberulus.net\/index.php?rest_route=%2Fwp%2Fv2%2Fmedia&parent=119790"}],"wp:term":[{"taxonomy":"category","embeddable":true,"href":"https:\/\/haberulus.net\/index.php?rest_route=%2Fwp%2Fv2%2Fcategories&post=119790"},{"taxonomy":"post_tag","embeddable":true,"href":"https:\/\/haberulus.net\/index.php?rest_route=%2Fwp%2Fv2%2Ftags&post=119790"}],"curies":[{"name":"wp","href":"https:\/\/api.w.org\/{rel}","templated":true}]}}