{"id":119805,"date":"2023-08-28T07:53:08","date_gmt":"2023-08-28T07:53:08","guid":{"rendered":"https:\/\/haberulus.net\/?p=119805"},"modified":"2023-08-28T07:53:08","modified_gmt":"2023-08-28T07:53:08","slug":"galatasaray-sampiyonlar-ligi-icin-sahaya-cikacak","status":"publish","type":"post","link":"https:\/\/haberulus.net\/?p=119805","title":{"rendered":"Galatasaray, \u015eampiyonlar Ligi i\u00e7in sahaya \u00e7\u0131kacak"},"content":{"rendered":"<p>S\u00fcper Lig\u2019de ge\u00e7en sezon \u015fampiyon olmas\u0131na ra\u011fmen \u00fclke puan\u0131ndan dolay\u0131 UEFA \u015eampiyonlar Ligi\u2019ne ikinci eleme turundan ba\u015flayan Galatasaray, bu turda Litvanya\u2019n\u0131n Zalgiris, \u00fc\u00e7\u00fcnc\u00fc eleme turunda da Slovenya\u2019n\u0131n Olimpija Ljubljana ekibini eleyerek play-off turuna \u00e7\u0131kt\u0131.<\/p>\n<p>Galatasaray, \u015eampiyonlar Ligi play-off turu ilk ma\u00e7ta deplasmanda 3-2 ma\u011flup etti\u011fi Molde\u2019yi sahas\u0131nda konuk edecek. RAMS Park\u2019ta oynanacak m\u00fcsabaka, saat 22.00\u2019de ba\u015flayacak. Kar\u015f\u0131la\u015fmay\u0131 Polonyal\u0131 hakem Szymon Marciniak y\u00f6netecek. Marciniak\u2019\u0131n yard\u0131mc\u0131lar\u0131 Tomasz Listkiewicz ve Adam Kupsik olacak.<\/p>\n<p>Galatasaray, rakibi ile yar\u0131n yapaca\u011f\u0131 r\u00f6van\u015f ma\u00e7\u0131nda da istedi\u011fi sonucu alarak \u015eampiyonlar Ligi\u2019nde ad\u0131n\u0131 gruplara yazd\u0131rmaya \u00e7al\u0131\u015facak.<\/p>\n<p><b>TORREIRA\u2019NIN CEZASI B\u0130TT\u0130<\/b><\/p>\n<p>Galatasaray\u2019da cezas\u0131n\u0131 Molde ile oynanan ilk ma\u00e7ta \u00e7eken Lucas Torreira, yar\u0131n sahadaki yerini alabilecek. Olimpija Ljubljana ile yap\u0131lan r\u00f6van\u015f ma\u00e7\u0131nda g\u00f6rd\u00fc\u011f\u00fc k\u0131rm\u0131z\u0131 kartla cezal\u0131 duruma d\u00fc\u015fen Uruguayl\u0131 futbolcu, Molde ile oynanan ilk m\u00fcsabakada forma giyememi\u015fti.<\/p>\n<p>Galatasaray\u2019\u0131n yeni transferleri Wilfried Zaha ve Hakim Ziyech, Molde ma\u00e7\u0131nda forma giyemeyecek. UEFA\u2019ya bildirilen listede isimleri yer almayan Zaha ve Ziyech, m\u00fcsabakan\u0131n kadrosunda yer alamayacak.<\/p>\n<p><b>ICARDI 5 MA\u00c7TA 4 GOL ATTI<\/b><\/p>\n<p>Galatasaray\u2019\u0131n Molde ile oynayaca\u011f\u0131 kar\u015f\u0131la\u015fmada g\u00f6zler yine Arjantinli y\u0131ld\u0131z futbolcu Mauro Icardi\u2019de olacak.<\/p>\n<p>Sar\u0131-k\u0131rm\u0131z\u0131l\u0131 tak\u0131m\u0131n, bonservisiyle renklerine katt\u0131\u011f\u0131 y\u0131ld\u0131z golc\u00fc sezona iyi ba\u015flad\u0131. Mauro Icardi, UEFA \u015eampiyonlar Ligi elemeleri ve S\u00fcper Lig\u2019de 3\u2019\u00fc ilk 11\u2019de olmak \u00fczere forma giydi\u011fi 5 ma\u00e7ta 4 kez a\u011flar\u0131 havaland\u0131rd\u0131.<\/p>\n<p><b>YOLUNA NAMA\u011eLUP DEVAM ED\u0130YOR<\/b><\/p>\n<p>Galatasaray, bu sezon yapt\u0131\u011f\u0131 7 resmi m\u00fcsabakada ma\u011flubiyet y\u00fcz\u00fc g\u00f6rmedi.<\/p>\n<p>Sar\u0131-k\u0131rm\u0131z\u0131l\u0131 ekip, 2\u2019si Trendyol S\u00fcper Lig, 5\u2019i UEFA \u015eampiyonlar Ligi elemesi olmak \u00fczere sahaya \u00e7\u0131kt\u0131\u011f\u0131 7 ma\u00e7ta 5 galibiyet, 2 beraberlik ya\u015fad\u0131. Galatasaray, s\u00f6z konusu m\u00fcsabakalarda 12 gol atarken kalesinde sadece 4 gol g\u00f6rd\u00fc. (AA)<\/p>\n","protected":false},"excerpt":{"rendered":"<p>Galatasaray, \u015eampiyonlar Ligi play-off turu r\u00f6van\u015f ma\u00e7\u0131nda yar\u0131n Norve\u00e7&#8217;in Molde ekibini konuk edecek.<\/p>\n","protected":false},"author":1,"featured_media":119806,"comment_status":"closed","ping_status":"open","sticky":false,"template":"","format":"standard","meta":{"footnotes":""},"categories":[31],"tags":[859,13602,1910],"class_list":["post-119805","post","type-post","status-publish","format-standard","has-post-thumbnail","hentry","category-spor","tag-galatasaray","tag-molde","tag-sampiyonlar-ligi"],"_links":{"self":[{"href":"https:\/\/haberulus.net\/index.php?rest_route=\/wp\/v2\/posts\/119805","targetHints":{"allow":["GET"]}}],"collection":[{"href":"https:\/\/haberulus.net\/index.php?rest_route=\/wp\/v2\/posts"}],"about":[{"href":"https:\/\/haberulus.net\/index.php?rest_route=\/wp\/v2\/types\/post"}],"author":[{"embeddable":true,"href":"https:\/\/haberulus.net\/index.php?rest_route=\/wp\/v2\/users\/1"}],"replies":[{"embeddable":true,"href":"https:\/\/haberulus.net\/index.php?rest_route=%2Fwp%2Fv2%2Fcomments&post=119805"}],"version-history":[{"count":1,"href":"https:\/\/haberulus.net\/index.php?rest_route=\/wp\/v2\/posts\/119805\/revisions"}],"predecessor-version":[{"id":119807,"href":"https:\/\/haberulus.net\/index.php?rest_route=\/wp\/v2\/posts\/119805\/revisions\/119807"}],"wp:featuredmedia":[{"embeddable":true,"href":"https:\/\/haberulus.net\/index.php?rest_route=\/wp\/v2\/media\/119806"}],"wp:attachment":[{"href":"https:\/\/haberulus.net\/index.php?rest_route=%2Fwp%2Fv2%2Fmedia&parent=119805"}],"wp:term":[{"taxonomy":"category","embeddable":true,"href":"https:\/\/haberulus.net\/index.php?rest_route=%2Fwp%2Fv2%2Fcategories&post=119805"},{"taxonomy":"post_tag","embeddable":true,"href":"https:\/\/haberulus.net\/index.php?rest_route=%2Fwp%2Fv2%2Ftags&post=119805"}],"curies":[{"name":"wp","href":"https:\/\/api.w.org\/{rel}","templated":true}]}}