{"id":119844,"date":"2023-08-28T08:38:05","date_gmt":"2023-08-28T08:38:05","guid":{"rendered":"https:\/\/haberulus.net\/?p=119844"},"modified":"2023-08-28T08:38:05","modified_gmt":"2023-08-28T08:38:05","slug":"utanc-verici-anlar-unluler-gecmiste-sosyal-medyayi-nasil-kullaniyordu","status":"publish","type":"post","link":"https:\/\/haberulus.net\/?p=119844","title":{"rendered":"Utan\u00e7 verici anlar: \u00dcnl\u00fcler ge\u00e7mi\u015fte sosyal medyay\u0131 nas\u0131l kullan\u0131yordu?"},"content":{"rendered":"<p><span>G\u00fcn\u00fcm\u00fcz\u00fcn en tan\u0131nm\u0131\u015f \u00fcnl\u00fclerinin \u00e7o\u011fu, sosyal medyan\u0131n ilk g\u00fcnlerinde \u015fu an i\u00e7in utan\u00e7 verici ya da komik \u015fekillerde poz verip profil olu\u015fturuyordu.<\/span><\/p>\n<p><span>Ge\u00e7mi\u015fte ilgin\u00e7 foto\u011fraflar yay\u0131nlayan \u00fcnl\u00fcler aras\u0131nda pek \u00e7ok \u015fa\u015f\u0131rt\u0131c\u0131 isim bulunuyor. Baz\u0131lar\u0131 \u015fu anki halleriyle tan\u0131nmazken, di\u011ferleri y\u0131llar i\u00e7inde \u00e7ok az de\u011fi\u015fti.\u00a0<\/span><\/p>\n<p>\u0130\u015fte ge\u00e7mi\u015ften g\u00fcn\u00fcm\u00fczde farkl\u0131 foto\u011fraflar\u0131yla dikkat \u00e7eken \u00fcnl\u00fcler\u2026<\/p>\n<p><img decoding=\"async\" src=\"https:\/\/i01.sozcucdn.com\/wp-content\/uploads\/2023\/08\/28\/depophotos_17706999-1.jpg\" alt=\"\" title=\"\"><\/p>\n<p><b>HARRY STYLES<\/b><\/p>\n<p><span>One Direction \u00fcyesi olarak The X Factor\u2019da \u00fcn kazanmadan \u00f6nce, Harry Styles\u2019\u0131n internetin en eski sosyal medya sitelerinden biri olan Myspace\u2019de bir hesab\u0131 vard\u0131.<br \/><\/span><br \/><span>29 ya\u015f\u0131ndaki \u015fark\u0131c\u0131, 32 ya\u015f\u0131ndaki ablas\u0131 Gemma ile birlikte \u00e7ekilmi\u015f \u00e7ocukluk foto\u011fraflar\u0131n\u0131 payla\u015ft\u0131.<\/span><\/p>\n<p><img decoding=\"async\" src=\"https:\/\/i01.sozcucdn.com\/wp-content\/uploads\/2023\/08\/28\/h-styles.jpg\" alt=\"\" title=\"\"><\/p>\n<p><span>O zamanlar 13 ya\u015f\u0131nda olan Harry, profilinin \u201cHakk\u0131mda\u201d b\u00f6l\u00fcm\u00fcnde kendisini \u201catletik\u201d olarak tan\u0131mlad\u0131 ve sitede arkada\u015f edinmek istedi\u011fini s\u00f6yledi.<\/span><\/p>\n<p><b>TOM HARDY<\/b><\/p>\n<p><span>Zaman\u0131n en unutulmaz sosyal medya profillerinden biri Tom Hardy\u2019den ba\u015fkas\u0131na ait de\u011fil.\u00a0<\/span><span>Ger\u00e7ek tam ad\u0131 Edward Thomas Hardy olan 45 ya\u015f\u0131ndaki akt\u00f6r, Myspace g\u00fcnlerinde i\u00e7 \u00e7ama\u015f\u0131rlar\u0131yla \u00e7ekilmi\u015f selfielerini payla\u015fma e\u011filimindeydi.<\/span><\/p>\n<p><img decoding=\"async\" src=\"https:\/\/i01.sozcucdn.com\/wp-content\/uploads\/2023\/08\/28\/t-hardy.jpg\" alt=\"\" title=\"\"><\/p>\n<p><span>Tom\u2019un payla\u015ft\u0131\u011f\u0131 di\u011fer \u015feyler aras\u0131nda sahte bir silah tutarken \u00e7ekilmi\u015f g\u00f6mleksiz bir foto\u011fraf\u0131 ve parlak turuncu k\u00fclotla \u00e7ekilmi\u015f bir foto\u011fraf\u0131 da vard\u0131.<\/span><\/p>\n<p><b>KENDALL JENNER<\/b><\/p>\n<p><span>Kendall Jenner, d\u00fcnyan\u0131n en ba\u015far\u0131l\u0131 s\u00fcper modellerinden biri olmadan \u00f6nce, yatak odas\u0131 selfieleri i\u00e7in poz vererek gelecekteki kariyeri i\u00e7in prova yap\u0131yordu.<\/span><\/p>\n<p><img decoding=\"async\" src=\"https:\/\/i01.sozcucdn.com\/wp-content\/uploads\/2023\/08\/28\/k-jenner.jpg\" alt=\"\" title=\"\"><\/p>\n<p><span>Ailesinin ilgi oda\u011f\u0131 olma tutkusunu a\u00e7\u0131k\u00e7a miras alan Kendall\u2019\u0131n profilindeki giri\u015f mesaj\u0131 \u015f\u00f6yleydi: \u201cHer \u015eey Benim Hakk\u0131mda\u201d.<\/span><\/p>\n<p><img decoding=\"async\" src=\"https:\/\/i01.sozcucdn.com\/wp-content\/uploads\/2023\/08\/28\/depophotos_17940399.jpg\" alt=\"\" title=\"\"><\/p>\n<p><span>Realite y\u0131ld\u0131z\u0131n\u0131n profil resmi, kendisinin 16 ya\u015f\u0131nda bir \u00e7ocuk olarak kameraya g\u00fcl\u00fcmserken \u00e7ekilmi\u015f bir foto\u011fraf\u0131yd\u0131.<\/span><\/p>\n<p><b>KYLIE JENNER<\/b><\/p>\n<p><span>Kendall\u2019\u0131n k\u00fc\u00e7\u00fck k\u0131z karde\u015fi Kylie de Myspace kervan\u0131na kat\u0131ld\u0131 ve baz\u0131 ergenlik foto\u011fraflar\u0131nda neredeyse tan\u0131nmaz halde g\u00f6r\u00fcn\u00fcyordu.<\/span><\/p>\n<p><img decoding=\"async\" src=\"https:\/\/i01.sozcucdn.com\/wp-content\/uploads\/2023\/08\/28\/ky-jenner.jpg\" alt=\"\" title=\"\"><\/p>\n<p><span>Bir foto\u011frafta, gelece\u011fin makyaj krali\u00e7esi, kameraya do\u011fru surat asarken emo tarz\u0131 sa\u00e7lar\u0131yla g\u00f6r\u00fcn\u00fcyordu.<\/p>\n<p><img decoding=\"async\" src=\"https:\/\/i01.sozcucdn.com\/wp-content\/uploads\/2023\/08\/28\/depophotos_17745031-min.jpg\" alt=\"\" title=\"\"><\/p>\n<p><\/span><\/p>\n<p><span>Y\u0131ld\u0131z, profilinde kendisini \u201cmutlu\u201d olarak tan\u0131mlad\u0131 ve <\/span><span>o zamandan beri sosyal medyada usta oldu, \u015fu anda 398 milyon takip\u00e7iyle Instagram\u2019da en \u00e7ok takip edilen d\u00f6rd\u00fcnc\u00fc hesap.<\/span><\/p>\n<p><b>TAYLOR SWIFT<\/b><\/p>\n<p><span>K\u00fcresel bir s\u00fcperstar olmadan \u00f6nce Taylor Swift de di\u011fer gen\u00e7ler gibiydi ve kendi selfielerini ve videolar\u0131n\u0131 Myspace ve YouTube\u2019a g\u00f6nderiyordu.<\/span><\/p>\n<p><img decoding=\"async\" src=\"https:\/\/i01.sozcucdn.com\/wp-content\/uploads\/2023\/08\/28\/t-swift.jpg\" alt=\"\" title=\"\"><\/p>\n<p><span>Y\u0131ld\u0131z\u0131n Myspace\u2019e y\u00fckledi\u011fi ilk foto\u011frafta \u00fczerinde \u201cGarland \u0130lk\u00f6\u011fretim Okulu Heceleme Yar\u0131\u015fmas\u0131 \u015eampiyonu\u201d yazan bir ti\u015f\u00f6rt giyerken kameraya do\u011fru somurttu\u011fu g\u00f6r\u00fcl\u00fcyor.<\/span><\/p>\n<p><b>RIHANNA<\/b><\/p>\n<p><span>Rihanna da bir zamanlar pop\u00fcler olan eski sosyal medya filtrelerine kar\u015f\u0131 koyamad\u0131.<\/span><\/p>\n<p><img decoding=\"async\" src=\"https:\/\/i01.sozcucdn.com\/wp-content\/uploads\/2023\/08\/28\/rihanna.jpg\" alt=\"\" title=\"\"><\/p>\n<p><span>Y\u0131ld\u0131z, memleketi Barbados\u2019ta bir arkada\u015f\u0131yla birlikte \u00e7ekilmi\u015f bir Noel foto\u011fraf\u0131n\u0131 payla\u015ft\u0131.\u00a0<\/span><span>\u00dcnl\u00fc \u015fark\u0131c\u0131, foto\u011frafa yuvarlat\u0131lm\u0131\u015f kenarlar ve Microsoft Word stili yaz\u0131 tipiyle yaz\u0131lm\u0131\u015f bir \u201cMutlu Noeller\u201d ekledi.<\/span><\/p>\n<p><span>\u015eark\u0131c\u0131, k\u0131sa kesilmi\u015f bal sar\u0131s\u0131 bukleleri ve bir \u00e7ift halka k\u00fcpesiyle 2000\u2019li y\u0131llar\u0131n modas\u0131na ait biri gibi g\u00f6r\u00fcn\u00fcyordu.<\/span><\/p>\n<p><b>ZENDAYA<\/b><\/p>\n<p><span>\u201cEuphoria\u201d ve \u201cSpider-Man\u201d yap\u0131mlar\u0131yla b\u00fcy\u00fck ba\u015far\u0131lar elde etmeden \u00f6nce Zendaya, Disney Channel\u2019\u0131n \u201cShake It Up\u201d adl\u0131 program\u0131nda \u00e7ocuk oyuncuydu.<\/span><\/p>\n<p><img decoding=\"async\" src=\"https:\/\/i01.sozcucdn.com\/wp-content\/uploads\/2023\/08\/28\/zendaya.jpg\" alt=\"\" title=\"\"><\/p>\n<p><span>2012\u2019deki ilk sosyal medya payla\u015f\u0131m\u0131nda Zendaya, kal\u0131n g\u00fcne\u015f g\u00f6zl\u00fc\u011f\u00fc ve biraz pembe rujla somurtkan \u015fekilde poz verdi.<\/span><\/p>\n","protected":false},"excerpt":{"rendered":"<p>G\u00fcn\u00fcm\u00fczde sosyal medyada nas\u0131l davran\u0131laca\u011f\u0131na y\u00f6nelik belirli kurallar olabilir ancak ge\u00e7mi\u015f y\u0131llara bak\u0131ld\u0131\u011f\u0131nda \u00e7o\u011fu ki\u015finin utan\u00e7 verici bir sosyal medya payla\u015f\u0131m\u0131 bulunabiliyor, \u00fcstelik \u00fcnl\u00fc isimler de bu durumdan mahrum de\u011fil.<\/p>\n","protected":false},"author":1,"featured_media":119845,"comment_status":"closed","ping_status":"open","sticky":false,"template":"","format":"standard","meta":{"footnotes":""},"categories":[29],"tags":[2098,13801,2890,1669,2476],"class_list":["post-119844","post","type-post","status-publish","format-standard","has-post-thumbnail","hentry","category-magazin","tag-cekilmis","tag-myspace","tag-profil","tag-sosyal-medya","tag-yasinda"],"_links":{"self":[{"href":"https:\/\/haberulus.net\/index.php?rest_route=\/wp\/v2\/posts\/119844","targetHints":{"allow":["GET"]}}],"collection":[{"href":"https:\/\/haberulus.net\/index.php?rest_route=\/wp\/v2\/posts"}],"about":[{"href":"https:\/\/haberulus.net\/index.php?rest_route=\/wp\/v2\/types\/post"}],"author":[{"embeddable":true,"href":"https:\/\/haberulus.net\/index.php?rest_route=\/wp\/v2\/users\/1"}],"replies":[{"embeddable":true,"href":"https:\/\/haberulus.net\/index.php?rest_route=%2Fwp%2Fv2%2Fcomments&post=119844"}],"version-history":[{"count":1,"href":"https:\/\/haberulus.net\/index.php?rest_route=\/wp\/v2\/posts\/119844\/revisions"}],"predecessor-version":[{"id":119846,"href":"https:\/\/haberulus.net\/index.php?rest_route=\/wp\/v2\/posts\/119844\/revisions\/119846"}],"wp:featuredmedia":[{"embeddable":true,"href":"https:\/\/haberulus.net\/index.php?rest_route=\/wp\/v2\/media\/119845"}],"wp:attachment":[{"href":"https:\/\/haberulus.net\/index.php?rest_route=%2Fwp%2Fv2%2Fmedia&parent=119844"}],"wp:term":[{"taxonomy":"category","embeddable":true,"href":"https:\/\/haberulus.net\/index.php?rest_route=%2Fwp%2Fv2%2Fcategories&post=119844"},{"taxonomy":"post_tag","embeddable":true,"href":"https:\/\/haberulus.net\/index.php?rest_route=%2Fwp%2Fv2%2Ftags&post=119844"}],"curies":[{"name":"wp","href":"https:\/\/api.w.org\/{rel}","templated":true}]}}