{"id":119889,"date":"2023-08-28T09:51:06","date_gmt":"2023-08-28T09:51:06","guid":{"rendered":"https:\/\/haberulus.net\/?p=119889"},"modified":"2023-08-28T09:51:06","modified_gmt":"2023-08-28T09:51:06","slug":"altin-kozada-belgesel-film-yarismasinin-finalistleri-belli-oldu","status":"publish","type":"post","link":"https:\/\/haberulus.net\/?p=119889","title":{"rendered":"Alt\u0131n Koza\u2019da Belgesel Film Yar\u0131\u015fmas\u0131\u2019n\u0131n finalistleri belli oldu"},"content":{"rendered":"<p>Alt\u0131n Koza Film Festivali \u2018Belgesel Film Yar\u0131\u015fmas\u0131\u2019 finalistleri belirlendi<\/p>\n<p>Alt\u0131n Koza\u2019da Belgesel Film Yar\u0131\u015fmas\u0131\u2019n\u0131n finalistleri belli oldu<\/p>\n<p>Mehmet SERBES\/ADANA<br \/>Adana B\u00fcy\u00fck\u015fehir Belediyesi taraf\u0131ndan 18\u201324 Eyl\u00fcl tarihleri aras\u0131nda ger\u00e7ekle\u015ftirilecek olan 30. Uluslararas\u0131 Adana Alt\u0131n Koza Film Festivali\u2019nin Belgesel Film Yar\u0131\u015fmas\u0131 finalistleri belli oldu.<\/p>\n<p>Adana B\u00fcy\u00fck\u015fehir Belediyesi taraf\u0131ndan 18\u201324 Eyl\u00fcl tarihleri aras\u0131nda ger\u00e7ekle\u015ftirilecek olan 30. Uluslararas\u0131 Adana Alt\u0131n Koza Film Festivali\u2019nin Belgesel Film Yar\u0131\u015fmas\u0131\u2019nda 8 film yar\u0131\u015facak.<\/p>\n<p>Belgesel Film Yar\u0131\u015fmas\u0131\u2019na bu y\u0131l 59 yap\u0131m ba\u015fvurdu. En \u0130yi Belgesel \u00d6d\u00fcl\u00fc ve J\u00fcri \u00d6zel \u00d6d\u00fcl\u00fc&#8217;kategorilerinde yar\u0131\u015facak belgesel filmler, y\u00f6netmen ve akademisyen Dr. Musa Ak, y\u00f6netmen, yap\u0131mc\u0131 ve yazar Dr. Nafiseh Laleh, y\u00f6netmen, senarist Rena Lusin Bitmez\u2019den olu\u015fan se\u00e7ici kurulun de\u011ferlendirmesi sonucu belirlendi.<\/p>\n<p><strong>F\u0130NALE KALAN F\u0130LMLER<\/strong><\/p>\n<p>Ersin Er\u00e7in\u2019in y\u00f6netmenli\u011findeki \u2018Alada\u011f \u2018Bir Y\u00fcrek Yang\u0131n\u0131\u2019,\u00a0 Vahit Sar\u0131ta\u015f\u2019\u0131n y\u00f6netmenli\u011findeki \u2018Flaneuse\u2019, Tuba Deniz\u2019in y\u00f6netmenli\u011findeki \u2018Hayal Eyler G\u00f6n\u00fcl Ge\u00e7mi\u015f Zaman\u2019, \u00d6mer Safa Umar\u2019\u0131n y\u00f6netmenli\u011findeki \u2018Heartbeat of Tribal Galaxy\u2019, Berfi Dicle \u00d6\u011f\u00fct\u2019\u00fcn y\u00f6netmenli\u011findeki \u2018\u0130ki Nehir Aras\u0131nda\u2019, G\u00f6kmen Ulu\u2019nun y\u00f6netmenli\u011findeki \u2018Kom\u00fcnist Osman\u2019, Kerem Soyy\u0131lmaz\u2019\u0131n y\u00f6netmenli\u011findeki \u2018Rodakis\u2019i Ararken\u2019 ve \u0130smet Arasan\u2019\u0131n y\u00f6netmenli\u011findeki \u2018Balkanlar\u0131n T\u00fcrk\u00e7e Haf\u0131zas\u0131\u2019 filmleri Adana\u2019da seyirci kar\u015f\u0131s\u0131na \u00e7\u0131karak yar\u0131\u015fma heyecan\u0131 ya\u015fayacak.<\/p>\n<p>En \u0130yi Belgesel \u00d6d\u00fcl\u00fcn\u00fcn 100 bin lira oldu\u011fu festivalde t\u00fcm yar\u0131\u015fma kategorilerinde toplam 1 milyon 285 bin lira \u00f6d\u00fcl da\u011f\u0131t\u0131lacak.<\/p>\n","protected":false},"excerpt":{"rendered":"<p>Adana B\u00fcy\u00fck\u015fehir Belediyesi taraf\u0131ndan 18\u201324 Eyl\u00fcl tarihleri aras\u0131nda ger\u00e7ekle\u015ftirilecek olan 30. Uluslararas\u0131 Adana Alt\u0131n Koza Film Festivali&#8217;nin Belgesel Film Yar\u0131\u015fmas\u0131 finalistleri belli oldu.\u00a0<\/p>\n","protected":false},"author":1,"featured_media":119890,"comment_status":"closed","ping_status":"open","sticky":false,"template":"","format":"standard","meta":{"footnotes":""},"categories":[27],"tags":[1427,13803,287,1284],"class_list":["post-119889","post","type-post","status-publish","format-standard","has-post-thumbnail","hentry","category-kultur-sanat","tag-adana","tag-belgesel-film-yarismasi","tag-film","tag-yonetmen"],"_links":{"self":[{"href":"https:\/\/haberulus.net\/index.php?rest_route=\/wp\/v2\/posts\/119889","targetHints":{"allow":["GET"]}}],"collection":[{"href":"https:\/\/haberulus.net\/index.php?rest_route=\/wp\/v2\/posts"}],"about":[{"href":"https:\/\/haberulus.net\/index.php?rest_route=\/wp\/v2\/types\/post"}],"author":[{"embeddable":true,"href":"https:\/\/haberulus.net\/index.php?rest_route=\/wp\/v2\/users\/1"}],"replies":[{"embeddable":true,"href":"https:\/\/haberulus.net\/index.php?rest_route=%2Fwp%2Fv2%2Fcomments&post=119889"}],"version-history":[{"count":1,"href":"https:\/\/haberulus.net\/index.php?rest_route=\/wp\/v2\/posts\/119889\/revisions"}],"predecessor-version":[{"id":119891,"href":"https:\/\/haberulus.net\/index.php?rest_route=\/wp\/v2\/posts\/119889\/revisions\/119891"}],"wp:featuredmedia":[{"embeddable":true,"href":"https:\/\/haberulus.net\/index.php?rest_route=\/wp\/v2\/media\/119890"}],"wp:attachment":[{"href":"https:\/\/haberulus.net\/index.php?rest_route=%2Fwp%2Fv2%2Fmedia&parent=119889"}],"wp:term":[{"taxonomy":"category","embeddable":true,"href":"https:\/\/haberulus.net\/index.php?rest_route=%2Fwp%2Fv2%2Fcategories&post=119889"},{"taxonomy":"post_tag","embeddable":true,"href":"https:\/\/haberulus.net\/index.php?rest_route=%2Fwp%2Fv2%2Ftags&post=119889"}],"curies":[{"name":"wp","href":"https:\/\/api.w.org\/{rel}","templated":true}]}}