{"id":119901,"date":"2023-08-28T10:07:04","date_gmt":"2023-08-28T10:07:04","guid":{"rendered":"https:\/\/haberulus.net\/?p=119901"},"modified":"2023-08-28T10:07:04","modified_gmt":"2023-08-28T10:07:04","slug":"avrupada-gelecegin-kral-ve-kraliceleri","status":"publish","type":"post","link":"https:\/\/haberulus.net\/?p=119901","title":{"rendered":"Avrupa\u2019da gelece\u011fin Kral ve Krali\u00e7eleri"},"content":{"rendered":"<p>Bug\u00fcn monar\u015fiyle y\u00f6netilen Avrupa\u2019n\u0131n bir\u00e7ok \u00fclkesinde, gen\u00e7 prens ve prensesler gelece\u011fin h\u00fck\u00fcmdarlar\u0131 olmak i\u00e7in \u00f6zel e\u011fitim al\u0131yor ve g\u00f6zler \u00f6n\u00fcnde b\u00fcy\u00fcyor.<\/p>\n<p>Avrupa\u2019da gelecek y\u0131llarda krallardan ziyade krali\u00e7elerin tahta oturmas\u0131 bekleniyor.<\/p>\n<p>\u0130ngiliz Daily Mail gazetesi, Avrupa\u2019da gelece\u011fin Kral ve Krali\u00e7elerine \u0131\u015f\u0131k tutan bir haber yay\u0131nlad\u0131.<\/p>\n<p><strong>\u0130spanya Prensesi Leonor<\/strong><\/p>\n<p>Kral 6. Felipe ve Krali\u00e7e Letizia\u2019n\u0131n 17 ya\u015f\u0131ndaki en b\u00fcy\u00fck k\u0131zlar\u0131 Leonor, ge\u00e7en haftalarda kraliyet kurallar\u0131 gere\u011fi askeri e\u011fitime ba\u015flam\u0131\u015ft\u0131.<\/p>\n<div><img decoding=\"async\" src=\"https:\/\/i01.sozcucdn.com\/wp-content\/uploads\/2023\/08\/19\/ispanya4-reuters.jpg\" alt=\"\" title=\"\"><\/p>\n<p>Prenses Leonor<\/p>\n<\/div>\n<p>Babas\u0131 gibi 3 sene askeri e\u011fitim alacak gen\u00e7 Asturias Prensesi, ebeveynleri bir erkek \u00e7ocuk sahibi olmazsa \u0130spanya\u2019da taht\u0131n bir numaral\u0131 varisi konumunda. \u00dclkede h\u00e2l\u00e2 erkek varisler taht s\u0131ralamas\u0131nda kad\u0131nlar\u0131n \u00f6n\u00fcnde yer al\u0131yor.<\/p>\n<p>Gen\u00e7 ya\u015ftan beri krali\u00e7e olmak \u00fczere e\u011fitilen Prenses Leonor, 2019\u2019da \u0130spanyolca, Katalanca, \u0130ngilizce ve Arap\u00e7a olarak yapt\u0131\u011f\u0131 konu\u015fmayla ayakta alk\u0131\u015flanm\u0131\u015ft\u0131. Tenise ve spora merakl\u0131 olan Prenses, \u00e7ello da \u00e7al\u0131yor.<\/p>\n<p><strong>Hollanda Prensesi\u00a0Catharina-Amalia<\/strong><\/p>\n<p>Kral Willem-Alexander ve Krali\u00e7e Maxima\u2019n\u0131n k\u0131zlar\u0131 Catharina-Amalia, yak\u0131n zamanda 19 ya\u015f\u0131na bast\u0131. Alexia ve Ariane isimli iki k\u00fc\u00e7\u00fck k\u0131z karde\u015fi olan Prenses, b\u00fcy\u00fckannesi Krali\u00e7e Beatrix\u2019in 2013\u2019te tahttan \u00e7ekilmesiyle \u201cgelece\u011fin krali\u00e7esi\u201d olarak bir numaral\u0131 varis olmu\u015ftu.<\/p>\n<div><img decoding=\"async\" src=\"https:\/\/i01.sozcucdn.com\/wp-content\/uploads\/2023\/08\/28\/catharina-amalia.jpg\" alt=\"\" title=\"\"><\/p>\n<p>Prenses\u00a0Catharina-Amalia<\/p>\n<\/div>\n<p>K\u00fc\u00e7\u00fckl\u00fc\u011f\u00fcn\u00fc Lahey yak\u0131nlar\u0131nda g\u00f6zlerden uzak ge\u00e7iren Catharina-Amalia, babas\u0131n\u0131n tahta \u00e7\u0131kmas\u0131yla bir anda t\u00fcm dikkatleri \u00fczerine \u00e7ekti. Prenses 18 ya\u015f\u0131na bas\u0131nca hak kazand\u0131\u011f\u0131 y\u0131ll\u0131k 1,6 milyon euroluk \u00f6dene\u011fi reddederek g\u00fcndem olmu\u015ftu.<\/p>\n<p>Gen\u00e7 Prenses, ge\u00e7en sene Amsterdam \u00dcniversitesi\u2019nde siyaset ve ekonomi e\u011fitimi almaya ba\u015flam\u0131\u015f, ancak g\u00fcvenlik kayg\u0131lar\u0131 nedeniyle arkada\u015flar\u0131yla ya\u015fad\u0131\u011f\u0131 evden ayr\u0131l\u0131p saraya d\u00f6nmek zorunda kalm\u0131\u015ft\u0131. Catharina-Amalia, bas\u0131na yapt\u0131\u011f\u0131 a\u00e7\u0131klamalarda, di\u011fer gen\u00e7ler gibi normal bir \u00f6\u011frencilik hayat\u0131 istedi\u011fini s\u00f6ylemi\u015fti.<\/p>\n<p><strong>Bel\u00e7ika Prensesi Elisabeth<\/strong><\/p>\n<p>Kral Philippe ve Krali\u00e7e Mathilde\u2019nin 21 ya\u015f\u0131ndaki k\u0131zlar\u0131 Galler\u2019deki Atlantic College\u2019dan mezun oldu.<\/p>\n<div><img decoding=\"async\" src=\"https:\/\/i01.sozcucdn.com\/wp-content\/uploads\/2023\/08\/28\/elisabeth.jpg\" alt=\"\" title=\"\"><\/p>\n<p>Prenses Elisabeth<\/p>\n<\/div>\n<p>\u0130ki erkek karde\u015fi olan Prenses, 1991\u2019de yasalar\u0131n tahta erkek ya da k\u0131z en b\u00fcy\u00fck \u00e7ocu\u011fun \u00e7\u0131kmas\u0131 y\u00f6n\u00fcnde de\u011fi\u015ftirilmesi sonras\u0131 taht\u0131n bir numaral\u0131 varisi olmaya hak kazand\u0131.<\/p>\n<p>Resmi olarak Brabant D\u00fc\u015fesi unvan\u0131n\u0131 ta\u015f\u0131yan Elisabeth, Oxford\u2019daki Lincoln College\u2019da tarih ve siyaset e\u011fitiminin yan\u0131 s\u0131ra askeri e\u011fitim de ald\u0131. Prenses, Frans\u0131zca, Almanca ve \u0130ngilizceyi anadil d\u00fczeyinde biliyor.<\/p>\n<p><strong>Danimarka Prensi Christian<\/strong><\/p>\n<p>Veliaht Prens Frederik\u2019in tek o\u011flu olan 17 ya\u015f\u0131ndaki Prens Christian, Monpezat Kontu unvan\u0131na sahip. B\u00fcy\u00fckannesi Krali\u00e7e Margrethe\u2019in oturdu\u011fu taht\u0131n babas\u0131ndan sonraki iki numaral\u0131 varisi olan Prens, k\u00fc\u00e7\u00fck ya\u015flardan itibaren ailesine resmi gezilerde e\u015flik ediyor.<\/p>\n<div><img decoding=\"async\" src=\"https:\/\/i01.sozcucdn.com\/wp-content\/uploads\/2023\/08\/28\/christian.jpg\" alt=\"\" title=\"\"><\/p>\n<p>Prens Christian<\/p>\n<\/div>\n<p>\u00dclke tarihinde devlet okuluna giden ilk kraliyet mensubu olan Christian, 2020\u2019de \u00fc\u00e7 k\u00fc\u00e7\u00fck karde\u015fiyle \u0130svi\u00e7re\u2019de 12 ayl\u0131k bir e\u011fitim program\u0131na kat\u0131lm\u0131\u015ft\u0131. Halen lise e\u011fitimini s\u00fcrd\u00fcren ve futbola merakl\u0131 olan gen\u00e7 Prens de devlet \u00f6dene\u011fi almay\u0131 reddetti.<\/p>\n<p><strong>Monaco Prensi Jacques<\/strong><\/p>\n<p>Prens Albert\u2019\u0131n ard\u0131ndan gelecekte tahta ge\u00e7mesi beklenen Monaco Prensi Jacques hen\u00fcz 8 ya\u015f\u0131nda ve kameralar \u00f6n\u00fcnde b\u00fcy\u00fcyor. Gabriella isimli bir ikiz k\u0131z karde\u015fi olan k\u00fc\u00e7\u00fck Prens\u2019in do\u011fumu \u00fclkede top at\u0131\u015flar\u0131yla kutlanm\u0131\u015ft\u0131.<\/p>\n<div><img decoding=\"async\" src=\"https:\/\/i01.sozcucdn.com\/wp-content\/uploads\/2023\/08\/28\/jacques.jpg\" alt=\"\" title=\"\"><\/p>\n<p>Prens Jacques ve ikizi Prenses Gabriella<\/p>\n<\/div>\n<p>Prense ismini G\u00fcney Afrika k\u00f6kenli olan annesi Prenses Charlene verdi. Jacques ve k\u0131z karde\u015fi Prenses Gabriella bu eyl\u00fclde Monaco\u2019daki \u00f6zel bir okula ba\u015flayacak.<\/p>\n<p><strong>Norve\u00e7 Prensesi Ingrid Alexandra<\/strong><\/p>\n<p>19 ya\u015f\u0131ndaki Prenses Ingrid Alexandra, 18 ya\u015f\u0131na bast\u0131\u011f\u0131 g\u00fcn d\u00fczenlenen kraliyet kutlamas\u0131yla dikkat \u00e7ekmi\u015fti. Babas\u0131 Prens Haakon\u2019un ard\u0131ndan taht\u0131n iki numaral\u0131 varisi olan Prenses, tahta y\u00fckselmesi halinde 600 y\u0131l sonra Norve\u00e7 tarihinin ikinci kad\u0131n h\u00fck\u00fcmdar\u0131 olacak.<\/p>\n<div><img decoding=\"async\" src=\"https:\/\/i01.sozcucdn.com\/wp-content\/uploads\/2023\/08\/28\/ingrid.jpg\" alt=\"\" title=\"\"><\/p>\n<p>Prenses Ingrid Alexandra<\/p>\n<\/div>\n<p>S\u00f6rf \u015fampiyonalar\u0131nda madalyalar\u0131 olan Prenses, 2018\u2019de Norve\u00e7\u2019i ziyaret eden Prens William ve e\u015fi Kate\u2019e de e\u015flik etmi\u015fti.<\/p>\n<p><strong>\u0130sve\u00e7 Prensesi Estelle<\/strong><\/p>\n<p>11 ya\u015f\u0131ndaki Prenses Estelle, Kral Carl 16\u2019nc\u0131 Gustaf\u2019\u0131n en b\u00fcy\u00fck torunu. Stockholm\u2019da gitti\u011fi kre\u015fte do\u011fal ya\u015famla ilgili e\u011fitim alan k\u00fc\u00e7\u00fck Prenses, halen Stockholm\u2019daki e\u011fitimine devam ediyor ve s\u0131k s\u0131k resmi davetlere kat\u0131l\u0131yor.<\/p>\n<div><img decoding=\"async\" src=\"https:\/\/i01.sozcucdn.com\/wp-content\/uploads\/2023\/08\/28\/estelle.jpg\" alt=\"\" title=\"\"><\/p>\n<p>Prenses Estelle, Kral ve annesi Veliaht Prenses Victoria ile.<\/p>\n<\/div>\n<p><strong>\u0130ngiltere Prensi George<\/strong><\/p>\n<p>D\u00fcnyan\u0131n yak\u0131ndan izledi\u011fi \u0130ngiltere Kraliyet Ailesi\u2019nin en k\u00fc\u00e7\u00fck \u00fcyelerinden 10 ya\u015f\u0131ndaki Prens George, dedesi Charles\u2019in tahta y\u00fckselmesiyle iki numaral\u0131 Veliaht Prens oldu.<\/p>\n<div><img decoding=\"async\" src=\"https:\/\/i01.sozcucdn.com\/wp-content\/uploads\/2022\/02\/08\/prens-reuters-2.jpg\" alt=\"\" title=\"\"><\/p>\n<p>Prens George<\/p>\n<\/div>\n<p>Prens William ve e\u015fi Kate\u2019in en b\u00fcy\u00fck o\u011flu George\u2019un 2103\u2019teki do\u011fumu t\u00fcm d\u00fcnyada olay olmu\u015f ve g\u00fcnlerce konu\u015fulmu\u015ftu. Medyan\u0131n yak\u0131ndan takip etti\u011fi George, b\u00fcy\u00fck b\u00fcy\u00fckannesi Krali\u00e7e Elizabeth\u2019in \u00f6l\u00fcm\u00fc ve dedesinin tahta y\u00fckseli\u015f t\u00f6renlerinde de \u00f6n s\u0131ralarda yer ald\u0131.<\/p>\n<p>2016\u2019da Norfolk\u2019da prestijli bir okulda e\u011fitim g\u00f6rmeye ba\u015flayan George, ilkokula Berkshire\u2019da devam ediyor.<\/p>\n","protected":false},"excerpt":{"rendered":"<p>Avrupa monar\u015fisinin gen\u00e7 \u00fcyeleri, gelece\u011fin h\u00fck\u00fcmdarlar\u0131 olmak i\u00e7in yo\u011fun bir e\u011fitimden ge\u00e7iyor. Taht\u0131n gelecek y\u0131llardaki yeni sahipleri krallardan ziyade krali\u00e7eler olacak.<\/p>\n","protected":false},"author":1,"featured_media":119902,"comment_status":"closed","ping_status":"open","sticky":false,"template":"","format":"standard","meta":{"footnotes":""},"categories":[24],"tags":[1831,1292,5476,117,5325],"class_list":["post-119901","post","type-post","status-publish","format-standard","has-post-thumbnail","hentry","category-dunya","tag-egitim","tag-kiz","tag-kral","tag-prens","tag-tahta"],"_links":{"self":[{"href":"https:\/\/haberulus.net\/index.php?rest_route=\/wp\/v2\/posts\/119901","targetHints":{"allow":["GET"]}}],"collection":[{"href":"https:\/\/haberulus.net\/index.php?rest_route=\/wp\/v2\/posts"}],"about":[{"href":"https:\/\/haberulus.net\/index.php?rest_route=\/wp\/v2\/types\/post"}],"author":[{"embeddable":true,"href":"https:\/\/haberulus.net\/index.php?rest_route=\/wp\/v2\/users\/1"}],"replies":[{"embeddable":true,"href":"https:\/\/haberulus.net\/index.php?rest_route=%2Fwp%2Fv2%2Fcomments&post=119901"}],"version-history":[{"count":1,"href":"https:\/\/haberulus.net\/index.php?rest_route=\/wp\/v2\/posts\/119901\/revisions"}],"predecessor-version":[{"id":119903,"href":"https:\/\/haberulus.net\/index.php?rest_route=\/wp\/v2\/posts\/119901\/revisions\/119903"}],"wp:featuredmedia":[{"embeddable":true,"href":"https:\/\/haberulus.net\/index.php?rest_route=\/wp\/v2\/media\/119902"}],"wp:attachment":[{"href":"https:\/\/haberulus.net\/index.php?rest_route=%2Fwp%2Fv2%2Fmedia&parent=119901"}],"wp:term":[{"taxonomy":"category","embeddable":true,"href":"https:\/\/haberulus.net\/index.php?rest_route=%2Fwp%2Fv2%2Fcategories&post=119901"},{"taxonomy":"post_tag","embeddable":true,"href":"https:\/\/haberulus.net\/index.php?rest_route=%2Fwp%2Fv2%2Ftags&post=119901"}],"curies":[{"name":"wp","href":"https:\/\/api.w.org\/{rel}","templated":true}]}}