{"id":119922,"date":"2023-08-28T10:21:12","date_gmt":"2023-08-28T10:21:12","guid":{"rendered":"https:\/\/haberulus.net\/?p=119922"},"modified":"2023-08-28T10:21:12","modified_gmt":"2023-08-28T10:21:12","slug":"gorme-engelli-helen-konservatuari-kazandi","status":"publish","type":"post","link":"https:\/\/haberulus.net\/?p=119922","title":{"rendered":"G\u00f6rme engelli Helen konservatuar\u0131 kazand\u0131"},"content":{"rendered":"<p>Do\u011fu\u015ftun g\u00f6rme engelli olan ve anne-babas\u0131 ayr\u0131ld\u0131\u011f\u0131 i\u00e7in dedesi Mehmet G\u00fc\u00e7l\u00fc, babaannesi G\u00fclizar G\u00fc\u00e7l\u00fc ile birlikte ya\u015fayan 17 ya\u015f\u0131ndaki Helen G\u00fc\u00e7l\u00fc, 5 ya\u015f\u0131nda ba\u015flad\u0131\u011f\u0131 m\u00fczik tutkusunu ilkokul ve ortaokulda emekli \u00f6\u011fretmen Emel Ye\u015filkay ve m\u00fczik \u00f6\u011fretmenlerinin deste\u011fi ile geli\u015ftirdi.<\/p>\n<p>Bodrum\u2019daki Hay\u0131rl\u0131 Sabanc\u0131 Anadolu Lisesi\u2019ni takdirname ile bitiren Helen G\u00fc\u00e7l\u00fc, Eski\u015fehir Anadolu \u00dcniversitesi Konservatuar\u0131 T\u00fcrk M\u00fczi\u011fi B\u00f6l\u00fcm\u00fc\u2019n\u00fc kazand\u0131. G\u00fc\u00e7l\u00fc 4 y\u0131l e\u011fiitm g\u00f6rece\u011fi \u00fcniversiteye kay\u0131t yapt\u0131r\u0131p bug\u00fcn Bodrum\u2019a d\u00f6nd\u00fckten sonra mutlulu\u011funu ve heyecan\u0131n\u0131 S\u00d6ZC\u00dc ile payla\u015ft\u0131.<\/p>\n<p><strong>\u201cUMUDUMU ASLA Y\u0130T\u0130RMED\u0130M, HAYALLER\u0130M\u0130N PE\u015e\u0130NDEN G\u0130TT\u0130M\u201d<\/strong><\/p>\n<p>Helen G\u00fc\u00e7l\u00fc, 7 ya\u015f\u0131ndan bu yana konser verdi\u011fini, Perihan S\u00f6zen ve m\u00fczik \u00f6\u011fretmenlerinin deste\u011fi ile bug\u00fcne kadar geldi\u011fini belirterek, \u201cBenim i\u00e7in en b\u00fcy\u00fck engel g\u00f6rmemek de\u011fil. Bi r\u015feyleri yapamamak. Ben asla umudumu yitirmedim. Sesimin ve kula\u011f\u0131m\u0131n g\u00fcc\u00fcnden etkilenen hocalar\u0131m\u0131n beni do\u011fru y\u00f6nlendirmesiyle bug\u00fcn ileride iyi bir sanat\u00e7\u0131 olabilmek i\u00e7in ilk ad\u0131m\u0131 att\u0131m ve kayd\u0131m\u0131 yapt\u0131rd\u0131m. Umudumu asla yitirmedim, hayallerimin pe\u015finden gittim ve ger\u00e7ekle\u015ftirdim\u201d diye konu\u015ftu.<\/p>\n<p><img decoding=\"async\" src=\"https:\/\/i01.sozcucdn.com\/wp-content\/uploads\/2023\/08\/28\/helen2.jpeg\" alt=\"\" title=\"\"><\/p>\n<p><strong>\u201c\u00dcNL\u00dc USTALARI D\u0130NLEYEREK KEND\u0130M\u0130 GEL\u0130\u015eT\u0130RD\u0130M\u201d<\/strong><\/p>\n<p>G\u00fc\u00e7l\u00fc, a\u00e7\u0131klamas\u0131n\u0131n devam\u0131nda Bodrum\u2019da ya\u015fayan T\u00fcrk sanat m\u00fczi\u011fi sanat\u00e7\u0131s\u0131 Perihan S\u00f6zen\u2019in kendisine destek verdi\u011fini s\u00f6yleyerek \u201cT\u00fcrk halk m\u00fczi\u011finde Ne\u015fet Erta\u015f, A\u015f\u0131k Veysel, A\u015f\u0131k Mahsuni \u015eerif\u2019i dinleyerek kendimi geli\u015ftirdim. Koro ve solo konserlere \u00e7\u0131kt\u0131m. Kurtalan Ekspres ile sahne ald\u0131m. Ben g\u00f6rmemekle ilgili de\u011fil de bir \u015feyleri yapamad\u0131\u011f\u0131m zaman umutsuzlu\u011fa kap\u0131l\u0131yorum. K\u0131ymetli ses sanat\u00e7\u0131lar\u0131m\u0131z\u0131n, hocalar\u0131m\u0131z\u0131n yapt\u0131\u011f\u0131 gibi \u00fcniversiteden sonra iyi ve ahlakl\u0131 bir sanat\u00e7\u0131 olarak sanat ya\u015fant\u0131mda olumlu bir iz b\u0131rakmak isterim\u201d dedi.<\/p>\n<p><img decoding=\"async\" src=\"https:\/\/i01.sozcucdn.com\/wp-content\/uploads\/2023\/08\/28\/helen4.jpeg\" alt=\"\" title=\"\"><\/p>\n<p><strong>\u201cHELEN HER \u0130\u015e\u0130 BA\u015eARAB\u0130LECEK B\u0130R G\u00dc\u00c7TE\u201d<\/strong><\/p>\n<p>Helen\u2019e \u00e7ocuklu\u011fundan beri destek veren emekli \u00f6\u011fretmen Emel Ye\u015filkaya ise, \u201cHelen\u2019in yapt\u0131\u011f\u0131 en iyi \u015fey sava\u015fmak ve ba\u015farmak. Helen\u2019in bu ba\u015far\u0131s\u0131 bir\u00e7ok g\u00f6rme engelli \u00e7ocu\u011fumuza \u00f6rnek olacak. Helen g\u00f6rmemenin hi\u00e7bir \u015feye engel olmad\u0131\u011f\u0131n\u0131 g\u00f6sterdi. Ona konservatuar hayat\u0131 boyunca da deste\u011fimiz s\u00fcrd\u00fcrece\u011fiz. Bodrum\u2019un gururu oldu\u201d dedi.<\/p>\n","protected":false},"excerpt":{"rendered":"<p>Bodrum&#8217;a ba\u011fl\u0131 Turgutreis Mahallesi&#8217;nde ya\u015fayan do\u011fu\u015ftan g\u00f6rme engelli 17 ya\u015f\u0131ndaki Helen G\u00fc\u00e7l\u00fc, hayalindeki konservatuar b\u00f6l\u00fcm\u00fcn\u00fc kazand\u0131. Eski\u015fehir Anadolu \u00dcniversitesi&#8217;ne kesin kay\u0131t yapt\u0131ran Helen G\u00fc\u00e7l\u00fc, hayallerini nas\u0131l ger\u00e7ekle\u015ftirdi\u011fini S\u00d6ZC\u00dc&#8217;ye anlatt\u0131.<\/p>\n","protected":false},"author":1,"featured_media":119923,"comment_status":"closed","ping_status":"open","sticky":false,"template":"","format":"standard","meta":{"footnotes":""},"categories":[33],"tags":[4727,7393,13807,121],"class_list":["post-119922","post","type-post","status-publish","format-standard","has-post-thumbnail","hentry","category-yasam","tag-gorme","tag-guclu","tag-helen","tag-sanat"],"_links":{"self":[{"href":"https:\/\/haberulus.net\/index.php?rest_route=\/wp\/v2\/posts\/119922","targetHints":{"allow":["GET"]}}],"collection":[{"href":"https:\/\/haberulus.net\/index.php?rest_route=\/wp\/v2\/posts"}],"about":[{"href":"https:\/\/haberulus.net\/index.php?rest_route=\/wp\/v2\/types\/post"}],"author":[{"embeddable":true,"href":"https:\/\/haberulus.net\/index.php?rest_route=\/wp\/v2\/users\/1"}],"replies":[{"embeddable":true,"href":"https:\/\/haberulus.net\/index.php?rest_route=%2Fwp%2Fv2%2Fcomments&post=119922"}],"version-history":[{"count":1,"href":"https:\/\/haberulus.net\/index.php?rest_route=\/wp\/v2\/posts\/119922\/revisions"}],"predecessor-version":[{"id":119924,"href":"https:\/\/haberulus.net\/index.php?rest_route=\/wp\/v2\/posts\/119922\/revisions\/119924"}],"wp:featuredmedia":[{"embeddable":true,"href":"https:\/\/haberulus.net\/index.php?rest_route=\/wp\/v2\/media\/119923"}],"wp:attachment":[{"href":"https:\/\/haberulus.net\/index.php?rest_route=%2Fwp%2Fv2%2Fmedia&parent=119922"}],"wp:term":[{"taxonomy":"category","embeddable":true,"href":"https:\/\/haberulus.net\/index.php?rest_route=%2Fwp%2Fv2%2Fcategories&post=119922"},{"taxonomy":"post_tag","embeddable":true,"href":"https:\/\/haberulus.net\/index.php?rest_route=%2Fwp%2Fv2%2Ftags&post=119922"}],"curies":[{"name":"wp","href":"https:\/\/api.w.org\/{rel}","templated":true}]}}