{"id":119931,"date":"2023-08-28T10:35:09","date_gmt":"2023-08-28T10:35:09","guid":{"rendered":"https:\/\/haberulus.net\/?p=119931"},"modified":"2023-08-28T10:35:09","modified_gmt":"2023-08-28T10:35:09","slug":"sakli-tarihin-gun-yuzune-cikmasi-icin-bes-noktada-kazi-yapiliyor","status":"publish","type":"post","link":"https:\/\/haberulus.net\/?p=119931","title":{"rendered":"Sakl\u0131 tarihin g\u00fcn y\u00fcz\u00fcne \u00e7\u0131kmas\u0131 i\u00e7in be\u015f noktada kaz\u0131 yap\u0131l\u0131yor"},"content":{"rendered":"<p>Kafkaslar\u2019dan Anadolu\u2019ya ilk giri\u015f kap\u0131s\u0131 olma \u00f6zelli\u011fi ta\u015f\u0131yan ve 2016\u2019da UNESCO taraf\u0131ndan D\u00fcnya Miras\u0131 Listesi\u2019ne dahil edilen Kars\u2019taki Ani \u00d6ren Yeri, 11. ile 12. y\u00fczy\u0131la ait \u0130slam mimarisi eserlerini b\u00fcnyesinde bar\u0131nd\u0131r\u0131yor.<\/p>\n<p>K\u00fclt\u00fcr ve Turizm Bakanl\u0131\u011f\u0131 K\u00fclt\u00fcr Varl\u0131klar\u0131 ve M\u00fczeler Genel M\u00fcd\u00fcrl\u00fc\u011f\u00fc ile Kafkas \u00dcniversitesi (KA\u00dc) i\u015fbirli\u011finde y\u00fcr\u00fct\u00fclen kaz\u0131 \u00e7al\u0131\u015fmalar\u0131, bu y\u0131l 5 noktada ger\u00e7ekle\u015ftiriliyor.<\/p>\n<p><img decoding=\"async\" src=\"https:\/\/i01.sozcucdn.com\/wp-content\/uploads\/2023\/08\/28\/an2.jpeg\" alt=\"\" title=\"\"><\/p>\n<p>Sanat tarih\u00e7ileri, arkeologlar, mimarlar ve restorat\u00f6r mimarlar\u0131n da dahil oldu\u011fu 18 \u00fcniversiteden 40 ki\u015filik ekiple y\u00fcr\u00fct\u00fclen \u00e7al\u0131\u015fmalarla, Ani\u2019de yer alt\u0131ndaki tarihi yap\u0131 ve eserlerin g\u00fcn y\u00fcz\u00fcne \u00e7\u0131kart\u0131lmas\u0131 ama\u00e7lan\u0131yor.<\/p>\n<p>Bu sezonki kaz\u0131larda, Orta \u00c7a\u011f\u2019a ait s\u0131rl\u0131 ve s\u0131rs\u0131z seramikler, ta\u015f, cam, kemik, metal ve ah\u015fap buluntulara rastland\u0131.<\/p>\n<p><img decoding=\"async\" src=\"https:\/\/i01.sozcucdn.com\/wp-content\/uploads\/2023\/08\/28\/an4.jpeg\" alt=\"\" title=\"\"><\/p>\n<p><strong>ORTA \u00c7A\u011e\u2019IN EN \u00d6NEML\u0130 KENTLER\u0130NDEN B\u0130R\u0130<\/strong><\/p>\n<p>Ani \u00d6ren Yeri Kaz\u0131 Ba\u015fkan\u0131 Do\u00e7. Dr. Muhammet Arslan, 2016 y\u0131l\u0131ndan bu yana UNESCO D\u00fcnya Miras\u0131 Listesi\u2019nde bulunan Ani \u00d6ren Yeri\u2019nin, Orta \u00c7a\u011f\u2019\u0131n en \u00f6nemli kentlerinden biri oldu\u011funu s\u00f6yledi.<\/p>\n<p>Ani\u2019nin Sel\u00e7uklu Sultan\u0131 Alparslan taraf\u0131ndan fethedilmesiyle daha da canland\u0131\u011f\u0131n\u0131 ifade eden Arslan, \u201c\u00d6zellikle 1064 y\u0131l\u0131nda B\u00fcy\u00fck Sel\u00e7uklu Sultan\u0131 Sultan Alparslan\u2019\u0131n fethiyle \u015fehirde m\u00fcthi\u015f bir ticari canl\u0131l\u0131k ve bu canl\u0131l\u0131\u011f\u0131n getirdi\u011fi bir kentle\u015fme s\u00f6z konusu. \u00d6zellikle bu d\u00f6nemde in\u015fa edilen camiler, mescitler, hamamlar, \u00e7ar\u015f\u0131, konut gibi hem dini hem ticari hem de sosyal ve sivil mimarisiyle Ani tam anlam\u0131yla bir kent h\u00fcviyetine kavu\u015ftu\u201d de\u011ferlendirmesini yapt\u0131.<\/p>\n<p><img decoding=\"async\" src=\"https:\/\/i01.sozcucdn.com\/wp-content\/uploads\/2023\/08\/28\/an5.jpeg\" alt=\"\" title=\"\"><\/p>\n<p>Arslan, Ani\u2019nin T\u00fcrk tarihi a\u00e7\u0131s\u0131ndan \u00e7ok \u00f6nemli oldu\u011funu vurgulayarak, \u201c1064 y\u0131l\u0131nda Sultan Alparslan\u2019\u0131n Anadolu\u2019ya ilk giri\u015f kap\u0131s\u0131n\u0131n Ani oldu\u011fu a\u00e7\u0131k\u00e7a ortada. B\u00f6ylelikle Ani hem Anadolu\u2019daki T\u00fcrk \u0130slam tarihinin hem de Anadolu\u2019daki T\u00fcrk-\u0130slam \u015fehircili\u011fi ve mimarisinin ba\u015flang\u0131\u00e7 noktas\u0131 haline gelmi\u015ftir\u201d dedi.<\/p>\n<p><strong>2019\u2019DAN BER\u0130 KAZILAR DEVAM ED\u0130YOR<\/strong><\/p>\n<p>Do\u00e7. Dr. Muhammet Arslan, 2019 y\u0131l\u0131ndan beri K\u00fclt\u00fcr ve Turizm Bakanl\u0131\u011f\u0131 ve Kafkas \u00dcniversitesi ortakl\u0131\u011f\u0131yla kaz\u0131lar\u0131n devam etti\u011fini belirterek, \u201c2023 sezonunda 18 \u00fcniversiteden sanat tarih\u00e7ileri, arkeologlar, mimarlar ve restorat\u00f6r mimarlar\u0131n da dahil oldu\u011fu 40 ki\u015filik ekiple hem bilim insanlar\u0131 hem de lisans, y\u00fcksek lisans ve doktora \u00f6\u011frencilerimizin de e\u015flik etti\u011fi kalabal\u0131k bir ekiple \u00e7al\u0131\u015fmalara devam ediyoruz\u201d ifadelerini kulland\u0131.<\/p>\n<p><img decoding=\"async\" src=\"https:\/\/i01.sozcucdn.com\/wp-content\/uploads\/2023\/08\/28\/an3.jpeg\" alt=\"\" title=\"\"><\/p>\n<p>Kaz\u0131 \u00e7al\u0131\u015fmalar\u0131n\u0131n t\u00fcm h\u0131z\u0131yla devam etti\u011fini anlatan Arslan, s\u00f6zlerini \u015f\u00f6yle tamamlad\u0131:<\/p>\n<p>\u201c\u00c7al\u0131\u015fmalar\u0131m\u0131z kaz\u0131 olarak Sel\u00e7uklu Hamam\u0131\u2019nda, Sel\u00e7uklu \u00c7ar\u015f\u0131s\u0131 ve Sel\u00e7uklu Konutlar\u0131nda devam etmektedir. Tabii bunun yan\u0131 s\u0131ra kentin korunmas\u0131na dair \u00e7al\u0131\u015fmalar\u0131m\u0131z da bir taraftan s\u00fcr\u00fcyor. \u00d6zellikle 2022 y\u0131l\u0131 sezonunda Sel\u00e7uklu \u00c7ar\u015f\u0131s\u0131\u2019n\u0131n konservasyonunu tamamlam\u0131\u015ft\u0131k, bu sene ise Sel\u00e7uklu konutlar\u0131n\u0131n konservasyonuna da ba\u015flam\u0131\u015f olduk. \u00c7al\u0131\u015fmalar\u0131m\u0131z 5 farkl\u0131 noktada devam etmekte. Sel\u00e7uklu \u00c7ar\u015f\u0131s\u0131, Sel\u00e7uklu Konutlar\u0131 ve Sel\u00e7uklu B\u00fcy\u00fck Hamam\u0131\u2019nda kaz\u0131 \u00e7al\u0131\u015fmalar\u0131, Sel\u00e7uklu Konutlar\u0131\u2019nda devam eden konservasyon \u00e7al\u0131\u015fmam\u0131z var. Bunun d\u0131\u015f\u0131nda da kaz\u0131 evimizde \u00e7\u0131kan buluntular\u0131n restorasyonu, konservasyonun belgelenmesi ve envanterlenmesi i\u00e7in \u00e7al\u0131\u015fan ba\u015fka bir ekibimiz de bulunmaktad\u0131r.\u201d (AA)<\/p>\n","protected":false},"excerpt":{"rendered":"<p>UNESCO D\u00fcnya Miras Listesi&#8217;ndeki antik kent Ani \u00d6ren Yeri&#8217;nde, tarihi eser ve kal\u0131nt\u0131lar\u0131n g\u00fcn y\u00fcz\u00fcne \u00e7\u0131kart\u0131lmas\u0131 amac\u0131yla bilim insanlar\u0131, sanat tarih\u00e7iler, arkeologlar, mimarlar ve \u00f6\u011frenciler be\u015f noktada kaz\u0131 \u00e7al\u0131\u015fmas\u0131 y\u00fcr\u00fct\u00fcyor.<\/p>\n","protected":false},"author":1,"featured_media":119932,"comment_status":"closed","ping_status":"open","sticky":false,"template":"","format":"standard","meta":{"footnotes":""},"categories":[27],"tags":[2052,698,2167,1120,883],"class_list":["post-119931","post","type-post","status-publish","format-standard","has-post-thumbnail","hentry","category-kultur-sanat","tag-ani","tag-kazi","tag-kent","tag-konut","tag-selcuklu"],"_links":{"self":[{"href":"https:\/\/haberulus.net\/index.php?rest_route=\/wp\/v2\/posts\/119931","targetHints":{"allow":["GET"]}}],"collection":[{"href":"https:\/\/haberulus.net\/index.php?rest_route=\/wp\/v2\/posts"}],"about":[{"href":"https:\/\/haberulus.net\/index.php?rest_route=\/wp\/v2\/types\/post"}],"author":[{"embeddable":true,"href":"https:\/\/haberulus.net\/index.php?rest_route=\/wp\/v2\/users\/1"}],"replies":[{"embeddable":true,"href":"https:\/\/haberulus.net\/index.php?rest_route=%2Fwp%2Fv2%2Fcomments&post=119931"}],"version-history":[{"count":1,"href":"https:\/\/haberulus.net\/index.php?rest_route=\/wp\/v2\/posts\/119931\/revisions"}],"predecessor-version":[{"id":119933,"href":"https:\/\/haberulus.net\/index.php?rest_route=\/wp\/v2\/posts\/119931\/revisions\/119933"}],"wp:featuredmedia":[{"embeddable":true,"href":"https:\/\/haberulus.net\/index.php?rest_route=\/wp\/v2\/media\/119932"}],"wp:attachment":[{"href":"https:\/\/haberulus.net\/index.php?rest_route=%2Fwp%2Fv2%2Fmedia&parent=119931"}],"wp:term":[{"taxonomy":"category","embeddable":true,"href":"https:\/\/haberulus.net\/index.php?rest_route=%2Fwp%2Fv2%2Fcategories&post=119931"},{"taxonomy":"post_tag","embeddable":true,"href":"https:\/\/haberulus.net\/index.php?rest_route=%2Fwp%2Fv2%2Ftags&post=119931"}],"curies":[{"name":"wp","href":"https:\/\/api.w.org\/{rel}","templated":true}]}}