{"id":119943,"date":"2023-08-28T10:51:04","date_gmt":"2023-08-28T10:51:04","guid":{"rendered":"https:\/\/haberulus.net\/?p=119943"},"modified":"2023-08-28T10:51:04","modified_gmt":"2023-08-28T10:51:04","slug":"radyasyonlu-su-isyani-devlet-baskani-balik-yedi","status":"publish","type":"post","link":"https:\/\/haberulus.net\/?p=119943","title":{"rendered":"Radyasyonlu su isyan\u0131: Devlet Ba\u015fkan\u0131 bal\u0131k yedi"},"content":{"rendered":"<p>G\u00fcney Kore Devlet Ba\u015fkan\u0131 Yoon Suk-yeol ve Ba\u015fbakan Han Duck-so, Fuku\u015fima\u2019dan radyoaktif at\u0131k suyun tahliyesine ba\u015flanmas\u0131yla kamuoyundaki endi\u015feler s\u00fcrerken \u00f6\u011fle yeme\u011finde deniz mahsul\u00fcn\u00fc tercih etti.<\/p>\n<p>Yonhap\u2019\u0131n haberine g\u00f6re, Ba\u015fkanl\u0131k Ofisi\u2019nin yapt\u0131\u011f\u0131 a\u00e7\u0131klamada, Japonya\u2019n\u0131n at\u0131k suyu okyanusa bo\u015faltmaya ba\u015flamas\u0131n\u0131n ard\u0131ndan h\u00fck\u00fcmetin deniz \u00fcr\u00fcnlerinin g\u00fcvenli oldu\u011funu g\u00f6stermeye \u00e7al\u0131\u015ft\u0131\u011f\u0131 belirtildi. A\u00e7\u0131klamada, Yoon ve Han\u2019\u0131n deniz mahsull\u00fc \u00f6\u011fle yeme\u011fi yedi\u011fi bilgisi verilirken Ba\u015fkanl\u0131k Ofisi\u2019ndeki kafeteryada hafta boyunca \u00e7e\u015fitli deniz \u00fcr\u00fcnlerinin servis edilece\u011fi bildirildi.<\/p>\n<p>G\u00fcney Kore H\u00fck\u00fcmet Politika Koordinasyon Ofisi Ba\u015fkan Yard\u0131mc\u0131s\u0131 Park Ku-yeon, bug\u00fcn deniz suyundaki trityum yo\u011funlu\u011funun standart s\u0131n\u0131r\u0131n \u201colduk\u00e7a alt\u0131nda\u201d oldu\u011funu duyurmu\u015ftu. \u00d6te yandan, \u00fclkede bug\u00fcn itibar\u0131yla kamu g\u00fcvenli\u011fine dair endi\u015feleri gidermek i\u00e7in ithal deniz \u00fcr\u00fcnlerinin men\u015fe \u00fclkelerinin i\u015faretlenmesine y\u00f6nelik \u00f6zel denetim ba\u015flat\u0131ld\u0131\u011f\u0131 a\u00e7\u0131klanm\u0131\u015ft\u0131.<\/p>\n<p><strong>TANS\u0130YONU Y\u00dcKSELTEN TAHL\u0130YE<\/strong><\/p>\n<p>Mart 2011\u2019de meydana gelen 9 b\u00fcy\u00fckl\u00fc\u011f\u00fcndeki depremin yol a\u00e7t\u0131\u011f\u0131 tsunami, Fuku\u015fima Dai-i\u00e7i N\u00fckleer Santrali\u2019ndeki 4 n\u00fckleer reakt\u00f6rden 3\u2019\u00fcnde hasara yol a\u00e7m\u0131\u015f, radyoaktif serpinti nedeniyle santralin \u00e7evresi \u201ctahliye b\u00f6lgesi\u201d ilan edilmi\u015fti.<\/p>\n<p>Tesis b\u00fcnyesindeki 1 ve 3 numaral\u0131 reakt\u00f6rlerde olu\u015fan \u00e7ekirdek erimesi sonras\u0131, reakt\u00f6rlerin so\u011futulmas\u0131 i\u00e7in i\u00e7lerine su bas\u0131lmaya ba\u015fland\u0131. \u0130\u015flem g\u00f6ren ve radyoaktif \u00f6zellik kazanan at\u0131k su zamanla birikti.<\/p>\n<p>Haziran 2020\u2019de Bal\u0131k\u00e7\u0131lar Kooperatifleri Ulusal Federasyonu (JF Zengyoren), at\u0131k suyun okyanusa bo\u015falt\u0131lmas\u0131na kar\u015f\u0131 \u00e7\u0131kan \u00f6zel deklarasyonu oy birli\u011fiyle kabul etmi\u015f, d\u00f6nemin Ba\u015fbakan\u0131 Suga Yo\u015fihide de n\u00fckleer at\u0131k suyun okyanusa bo\u015falt\u0131lmas\u0131n\u0131 kapsayan plan\u0131 13 Nisan 2021\u2019de duyurmu\u015ftu.<\/p>\n<p>Uluslararas\u0131 Atom Enerjisi Ajans\u0131 (UAEA), Temmuz 2023\u2019te Japonya\u2019n\u0131n biriken at\u0131k suyun denize tahliyesi plan\u0131n\u0131n g\u00fcvenlik standartlar\u0131yla uyumlu oldu\u011funu bildirmi\u015fti. Japonya, 24 A\u011fustos\u2019ta Fuku\u015fima\u2019daki at\u0131k suyun tahliyesini ba\u015flatm\u0131\u015ft\u0131.<\/p>\n<p>Plan, b\u00f6lgede ya\u015fayan bal\u0131k\u00e7\u0131lar\u0131n ve \u00e7evre koruma aktivistlerinin yan\u0131 s\u0131ra ba\u015fta \u00c7in olmak \u00fczere kom\u015fu \u00fclkelerin tepkisine sebep olurken, \u00c7in, Japonya\u2019dan gelecek deniz \u00fcr\u00fcnlerine ithalat yasa\u011f\u0131 getirmi\u015fti. (AA)<\/p>\n","protected":false},"excerpt":{"rendered":"<p>G\u00fcney Kore Devlet Ba\u015fkan\u0131 Yoon Suk-yeol, b\u00f6lgede b\u00fcy\u00fcye &#8220;radyoaktif su&#8221; endi\u015felerine deniz mahsull\u00fc yiyerek yan\u0131t verdi.<\/p>\n","protected":false},"author":1,"featured_media":119944,"comment_status":"closed","ping_status":"open","sticky":false,"template":"","format":"standard","meta":{"footnotes":""},"categories":[24],"tags":[527,868],"class_list":["post-119943","post","type-post","status-publish","format-standard","has-post-thumbnail","hentry","category-dunya","tag-deniz","tag-tahliye"],"_links":{"self":[{"href":"https:\/\/haberulus.net\/index.php?rest_route=\/wp\/v2\/posts\/119943","targetHints":{"allow":["GET"]}}],"collection":[{"href":"https:\/\/haberulus.net\/index.php?rest_route=\/wp\/v2\/posts"}],"about":[{"href":"https:\/\/haberulus.net\/index.php?rest_route=\/wp\/v2\/types\/post"}],"author":[{"embeddable":true,"href":"https:\/\/haberulus.net\/index.php?rest_route=\/wp\/v2\/users\/1"}],"replies":[{"embeddable":true,"href":"https:\/\/haberulus.net\/index.php?rest_route=%2Fwp%2Fv2%2Fcomments&post=119943"}],"version-history":[{"count":1,"href":"https:\/\/haberulus.net\/index.php?rest_route=\/wp\/v2\/posts\/119943\/revisions"}],"predecessor-version":[{"id":119945,"href":"https:\/\/haberulus.net\/index.php?rest_route=\/wp\/v2\/posts\/119943\/revisions\/119945"}],"wp:featuredmedia":[{"embeddable":true,"href":"https:\/\/haberulus.net\/index.php?rest_route=\/wp\/v2\/media\/119944"}],"wp:attachment":[{"href":"https:\/\/haberulus.net\/index.php?rest_route=%2Fwp%2Fv2%2Fmedia&parent=119943"}],"wp:term":[{"taxonomy":"category","embeddable":true,"href":"https:\/\/haberulus.net\/index.php?rest_route=%2Fwp%2Fv2%2Fcategories&post=119943"},{"taxonomy":"post_tag","embeddable":true,"href":"https:\/\/haberulus.net\/index.php?rest_route=%2Fwp%2Fv2%2Ftags&post=119943"}],"curies":[{"name":"wp","href":"https:\/\/api.w.org\/{rel}","templated":true}]}}